{"id":11713683,"date":"2021-03-31T08:26:00","date_gmt":"2021-03-31T12:26:00","guid":{"rendered":"http:\/\/www.corumbaonline.com.br\/news\/?p=11713683"},"modified":"2021-03-31T08:49:01","modified_gmt":"2021-03-31T12:49:01","slug":"ifms-abre-155-vagas-para-o-auxilio-monitoria","status":"publish","type":"post","link":"https:\/\/www.corumbaonline.com.br\/news\/ifms-abre-155-vagas-para-o-auxilio-monitoria\/","title":{"rendered":"IFMS abre 155 vagas para o Aux\u00edlio Monitoria"},"content":{"rendered":"<p>O Instituto Federal de Mato Grosso do Sul (IFMS) publicou nesta segunda-feira, 29, na Central de Sele\u00e7\u00e3o, o\u00a0<a href=\"http:\/\/www.ifms.edu.br:9000\/lists\/lt.php?tid=KxkBUwRZV1QHB0taAVVUTlBXVwBOWFwMARsNUwoBWwFUXFMFVQEfVAVXUVIOWVxOV1xRVU4NCgwOGwAAUAtPCAdcUFBXAAYBWlJQH1ICAwYCUlcDTghaXAYbDFZQBk8JVlZUH1AKVgBWAgNWVAIABw\" target=\"_blank\" rel=\"noopener noreferrer\">edital com 155 vagas no programa\u00a0Aux\u00edlio\u00a0Monitoria<\/a>.<\/p>\n<p>Para participar do processo seletivo, o estudante deve estar regularmente matriculado em um curso t\u00e9cnico ou de gradua\u00e7\u00e3o. Al\u00e9m disso, tamb\u00e9m \u00e9 necess\u00e1rio:<\/p>\n<ul>\n<li>Estar cursando, no m\u00ednimo, o 2\u00ba per\u00edodo;<\/li>\n<li>Ter sido aprovado nas unidades curriculares que caracterizam a \u00e1rea da monitoria pretendida;<\/li>\n<li>Declarar haver compatibilidade entre os hor\u00e1rios de suas atividades acad\u00eamicas e os propostos para o desenvolvimento da monitora;<\/li>\n<li>N\u00e3o ter sido monitor nos \u00faltimos quatro semestres consecutivos, nem ter desistido da atividade de monitoria anteriormente nem tampouco estar respondendo a Processo Disciplinar Discente.<\/li>\n<\/ul>\n<p>O monitor selecionado desenvolver\u00e1 as atividades de monitoria em per\u00edodo de 8 horas semanais. Os alunos dos cursos t\u00e9cnicos receber\u00e3o\u00a0aux\u00edlio\u00a0no valor de R$ 150 mensais. J\u00e1 para os acad\u00eamicos de gradua\u00e7\u00e3o, o valor ser\u00e1 de R$ 300 por m\u00eas, com vig\u00eancia no primeiro semestre de 2020, totalizando tr\u00eas parcelas.<\/p>\n<p>A\u00a0<a href=\"http:\/\/www.ifms.edu.br:9000\/lists\/lt.php?tid=KxlTAl0MUwlRU0sGBFddTlBWVlZOWw1dAxsIBQJSUwhUUVRWAQofVAVXUVIOWVxOV1xRVU4NCgwOGwAAUAtPCAdcUFBXAAYBWlJQH1ICAwYCUlcDTghaXAYbDFZQBk8JVlZUH1AKVgBWAgNWVAIABw\" target=\"_blank\" rel=\"noopener noreferrer\">rela\u00e7\u00e3o das vagas ofertadas por campi\u00a0pode ser conferida abaixo<\/a>. J\u00e1 a divis\u00e3o das vagas por \u00e1rea est\u00e1 dispon\u00edvel na\u00a0<a href=\"http:\/\/www.ifms.edu.br:9000\/lists\/lt.php?tid=KxkDUQMNVQlRBUtVUQQHTlBdClVOWA9bDhsPUFYAUwVUBwdUXFkfVAVXUVIOWVxOV1xRVU4NCgwOGwAAUAtPCAdcUFBXAAYBWlJQH1ICAwYCUlcDTghaXAYbDFZQBk8JVlZUH1AKVgBWAgNWVAIABw\" target=\"_blank\" rel=\"noopener noreferrer\">Central de Sele\u00e7\u00e3o<\/a>.<\/p>\n<p><b>Inscri\u00e7\u00f5es<\/b>\u00a0\u2013 Podem ser feitas de 5 a 12 de abril, na\u00a0<a href=\"http:\/\/www.ifms.edu.br:9000\/lists\/lt.php?tid=KxkNV11cVgJQA0tTUwJdTlAHAgNOAFwIVBsMVwQFUwABU1cHA10fVAVXUVIOWVxOV1xRVU4NCgwOGwAAUAtPCAdcUFBXAAYBWlJQH1ICAwYCUlcDTghaXAYbDFZQBk8JVlZUH1AKVgBWAgNWVAIABw\" target=\"_blank\" rel=\"noopener noreferrer\">P\u00e1gina do Candidato<\/a>. O estudante candidato dever\u00e1 escolher apenas um campus\/\u00e1rea\/turno oferecido pelo IFMS, bem como anexar o comprovante de dados banc\u00e1rios.<\/p>\n<p>Os dados preenchidos na ficha de inscri\u00e7\u00e3o s\u00e3o de total responsabilidade do candidato.<\/p>\n<p>A sele\u00e7\u00e3o ser\u00e1 realizada pelo diretor de ensino, coordenador de curso\/eixo e por docente das \u00e1reas contempladas, preferencialmente o professor-orientador da monitoria, baseando-se na m\u00e9dia feita entre duas notas.<\/p>\n<p>A primeira delas \u00e9 uma entrevista, prevista para ocorrer entre 13 e 16 de abril, em que ser\u00e3o avaliados a disponibilidade do candidato, o interesse pela \u00e1rea, o perfil para a atividade de monitor e a desenvoltura.<\/p>\n<p>A outra nota diz respeito ao Coeficiente de Rendimento, considerando apenas as unidades curriculares da \u00e1rea em que o discente concorre. O resultado preliminar ser\u00e1 divulgado no dia 19 de abril.<\/p>\n<p><b>Programa<\/b>\u00a0\u2013 A Monitoria \u00e9 uma das iniciativas do Programa de Acesso, Perman\u00eancia e \u00caxito dos Cursos T\u00e9cnicos e de Gradua\u00e7\u00e3o, cujo objetivo principal \u00e9 apoiar as atividades que contribuam para o fortalecimento dos cursos ofertados no Instituto.<\/p>\n<p>Os objetivos do programa s\u00e3o prestar apoio ao aprendizado dos estudantes e despertar neles o interesse pelo ensino, al\u00e9m de oportunizar a sua participa\u00e7\u00e3o no processo educacional e em situa\u00e7\u00f5es extracurriculares que o conduzam \u00e0 sua plena forma\u00e7\u00e3o.<\/p>\n<p><strong>Vagas por campus e n\u00edvel<\/strong><\/p>\n<table border=\"1\" width=\"60%\" cellspacing=\"0\" cellpadding=\"0\">\n<tbody>\n<tr>\n<td>\n<p align=\"center\"><strong>Campi<\/strong><\/p>\n<\/td>\n<td>\n<p align=\"center\"><strong>Vagas cursos t\u00e9cnico<\/strong><\/p>\n<\/td>\n<td>\n<p align=\"center\"><strong>Vagas gradua\u00e7\u00e3o<\/strong><\/p>\n<\/td>\n<\/tr>\n<tr>\n<td>\n<p align=\"center\">Aquidauana<\/p>\n<\/td>\n<td>\n<p align=\"center\">16<\/p>\n<\/td>\n<td>\n<p align=\"center\">04<\/p>\n<\/td>\n<\/tr>\n<tr>\n<td>\n<p align=\"center\">Campo Grande<\/p>\n<\/td>\n<td>\n<p align=\"center\">29<\/p>\n<\/td>\n<td>\n<p align=\"center\">07<\/p>\n<\/td>\n<\/tr>\n<tr>\n<td>\n<p align=\"center\">Corumb\u00e1<\/p>\n<\/td>\n<td>\n<p align=\"center\">11<\/p>\n<\/td>\n<td>\n<p align=\"center\">04<\/p>\n<\/td>\n<\/tr>\n<tr>\n<td>\n<p align=\"center\">Coxim<\/p>\n<\/td>\n<td>\n<p align=\"center\">10<\/p>\n<\/td>\n<td>\n<p align=\"center\">05<\/p>\n<\/td>\n<\/tr>\n<tr>\n<td>\n<p align=\"center\">Dourados<\/p>\n<\/td>\n<td>\n<p align=\"center\">09<\/p>\n<\/td>\n<td>\n<p align=\"center\">04<\/p>\n<\/td>\n<\/tr>\n<tr>\n<td>\n<p align=\"center\">Jardim<\/p>\n<\/td>\n<td>\n<p align=\"center\">05<\/p>\n<\/td>\n<td>\n<p align=\"center\">02<\/p>\n<\/td>\n<\/tr>\n<tr>\n<td>\n<p align=\"center\">Navira\u00ed<\/p>\n<\/td>\n<td>\n<p align=\"center\">05<\/p>\n<\/td>\n<td>\n<p align=\"center\">03<\/p>\n<\/td>\n<\/tr>\n<tr>\n<td>\n<p align=\"center\">Nova Andradina<\/p>\n<\/td>\n<td>\n<p align=\"center\">09<\/p>\n<\/td>\n<td>\n<p align=\"center\">02<\/p>\n<\/td>\n<\/tr>\n<tr>\n<td>\n<p align=\"center\">Ponta Por\u00e3<\/p>\n<\/td>\n<td>\n<p align=\"center\">08<\/p>\n<\/td>\n<td>\n<p align=\"center\">05<\/p>\n<\/td>\n<\/tr>\n<tr>\n<td>\n<p align=\"center\">Tr\u00eas Lagoas<\/p>\n<\/td>\n<td>\n<p align=\"center\">11<\/p>\n<\/td>\n<td>\n<p align=\"center\">05<\/p>\n<\/td>\n<\/tr>\n<\/tbody>\n<\/table>\n","protected":false},"excerpt":{"rendered":"<p>O Instituto Federal de Mato Grosso do Sul (IFMS) publicou nesta segunda-feira, 29, na Central&#8230;<\/p>\n","protected":false},"author":9,"featured_media":0,"comment_status":"closed","ping_status":"closed","sticky":false,"template":"","format":"standard","meta":{"footnotes":""},"categories":[10],"tags":[],"class_list":["post-11713683","post","type-post","status-publish","format-standard","hentry","category-educacao"],"_links":{"self":[{"href":"https:\/\/www.corumbaonline.com.br\/news\/wp-json\/wp\/v2\/posts\/11713683","targetHints":{"allow":["GET"]}}],"collection":[{"href":"https:\/\/www.corumbaonline.com.br\/news\/wp-json\/wp\/v2\/posts"}],"about":[{"href":"https:\/\/www.corumbaonline.com.br\/news\/wp-json\/wp\/v2\/types\/post"}],"author":[{"embeddable":true,"href":"https:\/\/www.corumbaonline.com.br\/news\/wp-json\/wp\/v2\/users\/9"}],"replies":[{"embeddable":true,"href":"https:\/\/www.corumbaonline.com.br\/news\/wp-json\/wp\/v2\/comments?post=11713683"}],"version-history":[{"count":1,"href":"https:\/\/www.corumbaonline.com.br\/news\/wp-json\/wp\/v2\/posts\/11713683\/revisions"}],"predecessor-version":[{"id":11713684,"href":"https:\/\/www.corumbaonline.com.br\/news\/wp-json\/wp\/v2\/posts\/11713683\/revisions\/11713684"}],"wp:attachment":[{"href":"https:\/\/www.corumbaonline.com.br\/news\/wp-json\/wp\/v2\/media?parent=11713683"}],"wp:term":[{"taxonomy":"category","embeddable":true,"href":"https:\/\/www.corumbaonline.com.br\/news\/wp-json\/wp\/v2\/categories?post=11713683"},{"taxonomy":"post_tag","embeddable":true,"href":"https:\/\/www.corumbaonline.com.br\/news\/wp-json\/wp\/v2\/tags?post=11713683"}],"curies":[{"name":"wp","href":"https:\/\/api.w.org\/{rel}","templated":true}]}}