{"id":11713685,"date":"2021-03-31T08:35:00","date_gmt":"2021-03-31T12:35:00","guid":{"rendered":"http:\/\/www.corumbaonline.com.br\/news\/?p=11713685"},"modified":"2021-03-31T08:59:33","modified_gmt":"2021-03-31T12:59:33","slug":"alms-parlamentares-devem-apreciar-seis-projetos-nesta-quarta-feira","status":"publish","type":"post","link":"https:\/\/www.corumbaonline.com.br\/news\/alms-parlamentares-devem-apreciar-seis-projetos-nesta-quarta-feira\/","title":{"rendered":"ALMS: parlamentares devem apreciar seis projetos nesta quarta-feira"},"content":{"rendered":"<p>Os deputados da Assembleia Legislativa de Mato Grosso do Sul (ALEMS) devem votar seis projetos nesta quarta-feira (31). Uma das propostas est\u00e1 prevista para primeira discuss\u00e3o e, ainda hoje, deve ser apreciada tamb\u00e9m em segunda discuss\u00e3o, por meio de sess\u00e3o extraordin\u00e1ria.<\/p>\n<p><strong>Discuss\u00e3o \u00fanica<\/strong><\/p>\n<p>O\u00a0<a href=\"https:\/\/sgpl.consulta.al.ms.gov.br\/sgpl-publico\/#\/linha-tempo?idProposicao=111983\" target=\"_blank\" rel=\"noopener\">Projeto de Lei 9\/2021<\/a>, proposto pela deputada Mara Caseiro (PSDB), denomina de \u201cRodovia Deputado Estadual Onevan de Matos\u201d o trecho da MS-290 que liga a sede do munic\u00edpio de Navira\u00ed ao entroncamento da MS-180.<\/p>\n<p>Assinados pela Mesa Diretora da ALEMS, o\u00a0<a href=\"https:\/\/sgpl.consulta.al.ms.gov.br\/sgpl-publico\/#\/linha-tempo?idProposicao=112550\" target=\"_blank\" rel=\"noopener\">Projeto de Decreto Legislativo 12\/2021<\/a>\u00a0reconhece a ocorr\u00eancia do estado de calamidade p\u00fablica em Nova Alvorada do Sul, e\u00a0<a href=\"https:\/\/sgpl.consulta.al.ms.gov.br\/sgpl-publico\/#\/linha-tempo?idProposicao=133141\" target=\"_blank\" rel=\"noopener\">Projeto de Decreto Legislativo 18\/2021<\/a>\u00a0aprova a indica\u00e7\u00e3o do nome de Carlos Alberto de Assis para o cargo de Diretor-Presidente da Ag\u00eancia Estadual de Regula\u00e7\u00e3o de Servi\u00e7os P\u00fablicos de Mato Grosso do Sul (Agepan).<\/p>\n<p><strong>1\u00aa discuss\u00e3o<\/strong><\/p>\n<p>De autoria do deputado Marcio Fernandes (MDB), o\u00a0<a href=\"https:\/\/sgpl.consulta.al.ms.gov.br\/sgpl-publico\/#\/linha-tempo?idProposicao=112440\" target=\"_blank\" rel=\"noopener\">Projeto de Lei 35\/2021<\/a>\u00a0institui o Dia Estadual do Protetor dos Animais, a ser comemorado anualmente em 17 de janeiro. J\u00e1 o\u00a0<a href=\"https:\/\/sgpl.consulta.al.ms.gov.br\/sgpl-publico\/#\/linha-tempo?idProposicao=90974\" target=\"_blank\" rel=\"noopener\">Projeto de Lei 212\/2020<\/a>, do deputado Capit\u00e3o Contar (PSL), altera e acrescenta dispositivos \u00e0 Lei 4.416 de 16 de outubro de 2013, que disp\u00f5e sobre o acesso \u00e0 informa\u00e7\u00e3o, no \u00e2mbito do Estado.<\/p>\n<p>O\u00a0<a href=\"https:\/\/sgpl.consulta.al.ms.gov.br\/sgpl-publico\/#\/linha-tempo?idProposicao=133151\" target=\"_blank\" rel=\"noopener\">Projeto de Lei 70\/2021<\/a>, do Poder Executivo, institui o Programa Mais Social em Mato Grosso do Sul. A proposta,\u00a0<a href=\"https:\/\/al.ms.gov.br\/Noticias\/104230\/presidente-recebe-projeto-do-executivo-que-atende-familias-em-vulnerabilidade-social\" target=\"_blank\" rel=\"noopener\">recebida pela presid\u00eancia da ALEMS na \u00faltima ter\u00e7a-feira (30)<\/a>, \u00e9 destinada a a\u00e7\u00f5es de transfer\u00eancia de renda tempor\u00e1ria para assegurar as condi\u00e7\u00f5es m\u00ednimas, alimentar e nutricional, \u00e0s fam\u00edlias em situa\u00e7\u00e3o de vulnerabilidade social.<\/p>\n<p><strong>Sess\u00e3o Extraordin\u00e1ria<\/strong><\/p>\n<p>Por tramitar em regime de urg\u00eancia, a pedido do Governo do Estado, o projeto que trata do Programa Mais Social deve ser votado em segunda discuss\u00e3o, ainda nesta quarta-feira, em sess\u00e3o extraordin\u00e1ria. A vota\u00e7\u00e3o de todas as propostas pode ser acompanhada ao vivo pelo canal 9 da Claro\u00a0Net TV,\u00a0<a href=\"https:\/\/al.ms.gov.br\/TvAssembleia\" target=\"_blank\" rel=\"noopener\">TV ALEMS<\/a>,\u00a0<a href=\"https:\/\/www.youtube.com\/c\/assembleialegislativadems\" target=\"_blank\" rel=\"noopener\">Youtube<\/a>,\u00a0<a href=\"https:\/\/www.facebook.com\/assembleiams\" target=\"_blank\" rel=\"noopener\">Facebook<\/a>,\u00a0<a href=\"https:\/\/al.ms.gov.br\/RadioAssembleia\/Audios?idMenu=601\" target=\"_blank\" rel=\"noopener\">R\u00e1dio ALEMS<\/a>\u00a0e aplicativo Assembleia MS (<a href=\"https:\/\/play.google.com\/store\/apps\/details?id=br.com.app.gpu1553513.gpu40f07c507865e03ef66422c7404ba120&amp;hl=pt_BR\" target=\"_blank\" rel=\"noopener\">Android<\/a>\/<a href=\"https:\/\/apps.apple.com\/br\/app\/assembleia-legislativa-do-ms\/id1185708415\" target=\"_blank\" rel=\"noopener\">iOS<\/a>).<\/p>\n","protected":false},"excerpt":{"rendered":"<p>Os deputados da Assembleia Legislativa de Mato Grosso do Sul (ALEMS) devem votar seis projetos&#8230;<\/p>\n","protected":false},"author":12,"featured_media":0,"comment_status":"closed","ping_status":"closed","sticky":false,"template":"","format":"standard","meta":{"footnotes":""},"categories":[19],"tags":[],"class_list":["post-11713685","post","type-post","status-publish","format-standard","hentry","category-politica"],"_links":{"self":[{"href":"https:\/\/www.corumbaonline.com.br\/news\/wp-json\/wp\/v2\/posts\/11713685","targetHints":{"allow":["GET"]}}],"collection":[{"href":"https:\/\/www.corumbaonline.com.br\/news\/wp-json\/wp\/v2\/posts"}],"about":[{"href":"https:\/\/www.corumbaonline.com.br\/news\/wp-json\/wp\/v2\/types\/post"}],"author":[{"embeddable":true,"href":"https:\/\/www.corumbaonline.com.br\/news\/wp-json\/wp\/v2\/users\/12"}],"replies":[{"embeddable":true,"href":"https:\/\/www.corumbaonline.com.br\/news\/wp-json\/wp\/v2\/comments?post=11713685"}],"version-history":[{"count":1,"href":"https:\/\/www.corumbaonline.com.br\/news\/wp-json\/wp\/v2\/posts\/11713685\/revisions"}],"predecessor-version":[{"id":11713687,"href":"https:\/\/www.corumbaonline.com.br\/news\/wp-json\/wp\/v2\/posts\/11713685\/revisions\/11713687"}],"wp:attachment":[{"href":"https:\/\/www.corumbaonline.com.br\/news\/wp-json\/wp\/v2\/media?parent=11713685"}],"wp:term":[{"taxonomy":"category","embeddable":true,"href":"https:\/\/www.corumbaonline.com.br\/news\/wp-json\/wp\/v2\/categories?post=11713685"},{"taxonomy":"post_tag","embeddable":true,"href":"https:\/\/www.corumbaonline.com.br\/news\/wp-json\/wp\/v2\/tags?post=11713685"}],"curies":[{"name":"wp","href":"https:\/\/api.w.org\/{rel}","templated":true}]}}