{"id":11713688,"date":"2021-03-31T08:43:00","date_gmt":"2021-03-31T12:43:00","guid":{"rendered":"http:\/\/www.corumbaonline.com.br\/news\/?p=11713688"},"modified":"2021-03-31T09:02:51","modified_gmt":"2021-03-31T13:02:51","slug":"vereadora-pede-melhor-sinalizacao-de-redutores-de-velocidade-instalados-no-anel-viario","status":"publish","type":"post","link":"https:\/\/www.corumbaonline.com.br\/news\/vereadora-pede-melhor-sinalizacao-de-redutores-de-velocidade-instalados-no-anel-viario\/","title":{"rendered":"Vereadora pede melhor sinaliza\u00e7\u00e3o de redutores de velocidade instalados no anel vi\u00e1rio"},"content":{"rendered":"<figure id=\"attachment_11713689\" aria-describedby=\"caption-attachment-11713689\" style=\"width: 441px\" class=\"wp-caption alignleft\"><a href=\"https:\/\/www.corumbaonline.com.br\/news\/wp-content\/uploads\/2021\/03\/foto115578.jpg\"><img loading=\"lazy\" decoding=\"async\" class=\"size-full wp-image-11713689\" src=\"https:\/\/www.corumbaonline.com.br\/news\/wp-content\/uploads\/2021\/03\/foto115578.jpg\" alt=\"\" width=\"441\" height=\"294\" srcset=\"https:\/\/www.corumbaonline.com.br\/news\/wp-content\/uploads\/2021\/03\/foto115578.jpg 441w, https:\/\/www.corumbaonline.com.br\/news\/wp-content\/uploads\/2021\/03\/foto115578-300x200.jpg 300w\" sizes=\"auto, (max-width: 441px) 100vw, 441px\" \/><\/a><figcaption id=\"caption-attachment-11713689\" class=\"wp-caption-text\">Raquel destaca import\u00e2ncia do equipamento, mas diz que \u00e9 preciso sinalizar melhor (Foto: Ascom)<\/figcaption><\/figure>\n<p>Melhor sinaliza\u00e7\u00e3o dos redutores de velocidade instalados no Anel Vi\u00e1rio, nas proximidades dos residenciais Flamboyant e Corumbella, \u00e9 o que est\u00e1 pedindo a vereadora Raquel Bryk, para evitar acidentes e garantir a seguran\u00e7a n\u00e3o s\u00f3 dos condutores de ve\u00edculos, mas tamb\u00e9m de pedestres que transitam naquele trecho.<\/p>\n<p>A solicita\u00e7\u00e3o foi feita na sess\u00e3o de ontem, ter\u00e7a-feira, 30, do Poder Legislativo corumbaense, e endere\u00e7ada ao diretor da Ag\u00eancia Municipal de Tr\u00e2nsito e Transporte (Agetrat), L\u00facio Andr\u00e9 Messias de Barros.<\/p>\n<p>\u201cEsses equipamentos foram instalados recentemente justamente para evitar excesso de velocidade e acidentes naquele trecho do anel, que tem um fluxo significativo de ve\u00edculos e pedestres, justamente em virtude dos dois residenciais existentes na imedia\u00e7\u00f5es\u201d, citou a vereadora.<\/p>\n<p>Ela enalteceu a realiza\u00e7\u00e3o do servi\u00e7o, mas alertou o fato dos redutores \u201cj\u00e1 estarem com a pintura apagada, bem como o fato da sinaliza\u00e7\u00e3o vertical estar muito pr\u00f3xima, dificultando a visualiza\u00e7\u00e3o por parte dos motoristas que est\u00e3o entrando na cidade, e isso pode provocar acidentes, colocando vidas de pessoas em risco\u201d, comentou.<\/p>\n","protected":false},"excerpt":{"rendered":"<p>Melhor sinaliza\u00e7\u00e3o dos redutores de velocidade instalados no Anel Vi\u00e1rio, nas proximidades dos residenciais Flamboyant&#8230;<\/p>\n","protected":false},"author":63,"featured_media":0,"comment_status":"closed","ping_status":"closed","sticky":false,"template":"","format":"standard","meta":{"footnotes":""},"categories":[19],"tags":[],"class_list":["post-11713688","post","type-post","status-publish","format-standard","hentry","category-politica"],"_links":{"self":[{"href":"https:\/\/www.corumbaonline.com.br\/news\/wp-json\/wp\/v2\/posts\/11713688","targetHints":{"allow":["GET"]}}],"collection":[{"href":"https:\/\/www.corumbaonline.com.br\/news\/wp-json\/wp\/v2\/posts"}],"about":[{"href":"https:\/\/www.corumbaonline.com.br\/news\/wp-json\/wp\/v2\/types\/post"}],"author":[{"embeddable":true,"href":"https:\/\/www.corumbaonline.com.br\/news\/wp-json\/wp\/v2\/users\/63"}],"replies":[{"embeddable":true,"href":"https:\/\/www.corumbaonline.com.br\/news\/wp-json\/wp\/v2\/comments?post=11713688"}],"version-history":[{"count":1,"href":"https:\/\/www.corumbaonline.com.br\/news\/wp-json\/wp\/v2\/posts\/11713688\/revisions"}],"predecessor-version":[{"id":11713690,"href":"https:\/\/www.corumbaonline.com.br\/news\/wp-json\/wp\/v2\/posts\/11713688\/revisions\/11713690"}],"wp:attachment":[{"href":"https:\/\/www.corumbaonline.com.br\/news\/wp-json\/wp\/v2\/media?parent=11713688"}],"wp:term":[{"taxonomy":"category","embeddable":true,"href":"https:\/\/www.corumbaonline.com.br\/news\/wp-json\/wp\/v2\/categories?post=11713688"},{"taxonomy":"post_tag","embeddable":true,"href":"https:\/\/www.corumbaonline.com.br\/news\/wp-json\/wp\/v2\/tags?post=11713688"}],"curies":[{"name":"wp","href":"https:\/\/api.w.org\/{rel}","templated":true}]}}