{"id":11714160,"date":"2021-04-15T11:14:00","date_gmt":"2021-04-15T15:14:00","guid":{"rendered":"http:\/\/www.corumbaonline.com.br\/news\/?p=11714160"},"modified":"2021-04-15T12:37:07","modified_gmt":"2021-04-15T16:37:07","slug":"reinaldo-azambuja-diz-que-mato-grosso-do-sul-cumpre-papel-no-combate-a-covid-e-busca-ampliar-vacinacao-com-compra-de-novas-doses","status":"publish","type":"post","link":"https:\/\/www.corumbaonline.com.br\/news\/reinaldo-azambuja-diz-que-mato-grosso-do-sul-cumpre-papel-no-combate-a-covid-e-busca-ampliar-vacinacao-com-compra-de-novas-doses\/","title":{"rendered":"Reinaldo Azambuja diz que Mato Grosso do Sul cumpre papel no combate \u00e0 Covid e busca ampliar vacina\u00e7\u00e3o com compra de novas doses"},"content":{"rendered":"<p style=\"box-sizing: border-box; margin-bottom: 2em; font-size: 16px; line-height: 1.8em; text-align: justify; color: #212529; font-family: 'Open Sans', sans-serif;\"><span style=\"box-sizing: border-box;\">&#8220;Mato Grosso do Sul compre o seu papel no combate \u00e0 Covid-19&#8221;, afirmou o governador Reinaldo Azambuja em entrevista&nbsp;\u00e0&nbsp;<span style=\"box-sizing: border-box; font-weight: bolder;\">r\u00e1dio FM 104,7,&nbsp;<\/span>nesta quinta-feira (15). O governador tamb\u00e9m ressaltou o empenho do Estado em adquirir doses extras de vacina e reafirmou que o recurso para a compra est\u00e1 garantido e as conversa\u00e7\u00f5es&nbsp; adiantadas.&nbsp;<\/span><\/p>\n<p style=\"box-sizing: border-box; margin-top: 0px; margin-bottom: 2em; font-size: 16px; line-height: 1.8em; text-align: justify; color: #212529; font-family: 'Open Sans', sans-serif;\"><span style=\"box-sizing: border-box;\">Na entrevista, Reinaldo Azambuja falou sobre a import\u00e2ncia da gest\u00e3o correta e transparente do dinheiro p\u00fablico. Ele destacou que Mato Grosso do Sul \u00e9 o estado com mais investimentos p\u00fablicos estaduais por habitante do Pa\u00eds, devolvendo em obras e a\u00e7\u00f5es o valor pago pelo contribuinte por meio dos impostos.<\/span><\/p>\n<p style=\"box-sizing: border-box; margin-top: 0px; margin-bottom: 2em; font-size: 16px; line-height: 1.8em; text-align: justify; color: #212529; font-family: 'Open Sans', sans-serif;\"><span style=\"box-sizing: border-box;\">\u201cEu fui escolhido para ser administrador do dinheiro p\u00fablico; n\u00e3o sou dono desse recurso. Quem manda nesse recurso \u00e9 o povo sul-mato-grossense. O que eu tenho que fazer, como gestor? Administrar bem. Ter coragem para tomar medidas duras como tomamos para n\u00e3o deixar o Estado quebrar, n\u00e3o deixar o estado afundar, como a&nbsp; maioria dos estados afundaram hoje, infelizmente, porque n\u00e3o d\u00e3o conta nem de fazer investimento\u201d, afirmou.&nbsp;<\/span><\/p>\n<p style=\"box-sizing: border-box; margin-top: 0px; margin-bottom: 2em; font-size: 16px; line-height: 1.8em; text-align: justify; color: #212529; font-family: 'Open Sans', sans-serif;\"><span style=\"box-sizing: border-box;\">Sobre a CPI da Covid do Senado vai investigar al\u00e9m das a\u00e7\u00f5es e omiss\u00f5es do governo federal, poss\u00edveis irregularidades, fraudes e superfaturamentos em contratos e servi\u00e7os feitos com recursos originados da Uni\u00e3o e enviados a estados e munic\u00edpios,&nbsp; o governador Reinaldo Azambuja afirmou n\u00e3o temer a investiga\u00e7\u00e3o e lembrou que o Estado \u00e9 l\u00edder em transpar\u00eancia e n\u00e3o tem nada a esconder.<\/span><\/p>\n<p style=\"box-sizing: border-box; margin-top: 0px; margin-bottom: 2em; font-size: 16px; line-height: 1.8em; text-align: justify; color: #212529; font-family: 'Open Sans', sans-serif;\"><span style=\"box-sizing: border-box;\">\u201cAcho que nesse momento, todos ter\u00edamos que estar focados na sa\u00fade: vacina, imuniza\u00e7\u00e3o, isolamento, precau\u00e7\u00e3o da popula\u00e7\u00e3o, evitar mortes. Infelizmente a pol\u00edtica muitas vezes n\u00e3o \u00e9 no ritmo que a gente quer. Eu n\u00e3o tenho preocupa\u00e7\u00e3o nenhuma com CPI, at\u00e9 porque Mato Grosso do Sul \u00e9 nota 10 em transpar\u00eancia. N\u00e3o temos nada a esconder\u201d, disse.<\/span><\/p>\n<p style=\"box-sizing: border-box; margin-top: 0px; margin-bottom: 2em; font-size: 16px; line-height: 1.8em; text-align: justify; color: #212529; font-family: 'Open Sans', sans-serif;\"><a style=\"box-sizing: border-box; color: #444444; text-decoration-line: none; background-color: transparent;\" href=\"http:\/\/www.ms.gov.br\/wp-content\/uploads\/sites\/150\/2021\/04\/reinaldo-cpi.png\"><img loading=\"lazy\" decoding=\"async\" class=\"alignnone wp-image-349031 size-full\" style=\"box-sizing: border-box; vertical-align: middle; margin: 5px 20px 20px 0px;\" src=\"http:\/\/www.ms.gov.br\/wp-content\/uploads\/sites\/150\/2021\/04\/reinaldo-cpi-4.png\" sizes=\"auto, (max-width: 707px) 100vw, 707px\" srcset=\"http:\/\/www.ms.gov.br\/wp-content\/uploads\/sites\/150\/2021\/04\/reinaldo-cpi-4.png 707w, http:\/\/www.ms.gov.br\/wp-content\/uploads\/sites\/150\/2021\/04\/reinaldo-cpi-4-300x168.png 300w, http:\/\/www.ms.gov.br\/wp-content\/uploads\/sites\/150\/2021\/04\/reinaldo-cpi-4-350x196.png 350w\" alt=\"\" width=\"707\" height=\"396\"><\/a><\/p>\n<p style=\"box-sizing: border-box; margin-top: 0px; margin-bottom: 2em; font-size: 16px; line-height: 1.8em; text-align: justify; color: #212529; font-family: 'Open Sans', sans-serif;\"><span style=\"box-sizing: border-box;\">Reinaldo Azambuja tamb\u00e9m defendeu um pacto entre Uni\u00e3o, estados e munic\u00edpios no combate \u00e0 prolifera\u00e7\u00e3o do coronav\u00edrus. \u201cBras\u00edlia est\u00e1 muito politizada. Eu respeito as posi\u00e7\u00f5es do presidente da Rep\u00fablica, mas se n\u00f3s tiv\u00e9ssemos uma uni\u00e3o da Presid\u00eancia da Rep\u00fablica, estados e munic\u00edpios brasileiros, da tomada de decis\u00f5es, do alinhamento de posi\u00e7\u00f5es, ficaria muito mais f\u00e1cil porque o inimigo se chama v\u00edrus da Covid. Esse inimigo tem que ser combatido por todos, a todo momento, a toda hora. N\u00e3o tem que ficar discutindo outra coisa. Se a gente tivesse em uma uni\u00e3o, talvez tiv\u00e9ssemos avan\u00e7o maior, infelizmente n\u00e3o teve. Politizou o assunto\u201d.<\/span><\/p>\n<p style=\"box-sizing: border-box; margin-top: 0px; margin-bottom: 2em; font-size: 16px; line-height: 1.8em; text-align: justify; color: #212529; font-family: 'Open Sans', sans-serif;\"><span style=\"box-sizing: border-box; font-weight: bolder;\">Vacina<\/span><\/p>\n<p style=\"box-sizing: border-box; margin-top: 0px; margin-bottom: 2em; font-size: 16px; line-height: 1.8em; text-align: justify; color: #212529; font-family: 'Open Sans', sans-serif;\"><span style=\"box-sizing: border-box;\">O governador explicou ainda ter dinheiro em caixa para a aquisi\u00e7\u00e3o de vacinas contra a Covid-19 e que o esfor\u00e7o \u00e9 para manter a efici\u00eancia de Mato Grosso do Sul na imuniza\u00e7\u00e3o. O Estado \u00e9 destaque nacional na distribui\u00e7\u00e3o e aplica\u00e7\u00e3o, entregando os frascos para todos os munic\u00edpios em um prazo de at\u00e9 12 horas.<\/span><\/p>\n<p style=\"box-sizing: border-box; margin-top: 0px; margin-bottom: 2em; font-size: 16px; line-height: 1.8em; text-align: center; color: #212529; font-family: 'Open Sans', sans-serif;\"><a style=\"box-sizing: border-box; color: #444444; text-decoration-line: none; background-color: transparent;\" href=\"http:\/\/www.ms.gov.br\/wp-content\/uploads\/sites\/150\/2021\/04\/olho-reinaldo-2.png\"><img loading=\"lazy\" decoding=\"async\" class=\"alignnone wp-image-349041 size-full\" style=\"box-sizing: border-box; vertical-align: middle; margin: 5px 20px 20px 0px;\" src=\"http:\/\/www.ms.gov.br\/wp-content\/uploads\/sites\/150\/2021\/04\/olho-reinaldo-2.png\" sizes=\"auto, (max-width: 691px) 100vw, 691px\" srcset=\"http:\/\/www.ms.gov.br\/wp-content\/uploads\/sites\/150\/2021\/04\/olho-reinaldo-2.png 691w, http:\/\/www.ms.gov.br\/wp-content\/uploads\/sites\/150\/2021\/04\/olho-reinaldo-2-300x83.png 300w, http:\/\/www.ms.gov.br\/wp-content\/uploads\/sites\/150\/2021\/04\/olho-reinaldo-2-350x97.png 350w\" alt=\"\" width=\"691\" height=\"192\"><\/a><\/p>\n<p style=\"box-sizing: border-box; margin-top: 0px; margin-bottom: 2em; font-size: 16px; line-height: 1.8em; text-align: justify; color: #212529; font-family: 'Open Sans', sans-serif;\"><span style=\"box-sizing: border-box;\">\u201cTemos uma reserva financeira de R$ 200 milh\u00f5es para que a gente possa, tendo a vacina, poder comprar, adquirir e imunizar a popula\u00e7\u00e3o sul-mato-grossense. Hoje o Estado tem recurso. O grande problema hoje \u00e9 de onde vir\u00e1 essa vacina. O STF fez uma decis\u00e3o, na ter\u00e7a-feira, importante, no caso do Maranh\u00e3o, e diz que se a Anvisa n\u00e3o se manifestar at\u00e9 o dia 28 de abril o Estado estaria autorizado. Mas a gente tamb\u00e9m n\u00e3o quer descumprir as regras. Eu tenho uma carta-proposta de compra da Sputinik, do laborat\u00f3rio Uni\u00e3o Qu\u00edmica, de 1 milh\u00e3o de doses. J\u00e1 est\u00e1 na m\u00e3o do presidente, que eu estive com ele em Bras\u00edlia. Estamos buscando alternativas\u201d, declarou.&nbsp;<\/span><\/p>\n<p style=\"box-sizing: border-box; margin-top: 0px; margin-bottom: 2em; font-size: 16px; line-height: 1.8em; text-align: justify; color: #212529; font-family: 'Open Sans', sans-serif;\"><span style=\"box-sizing: border-box;\">Mato Grosso do Sul poder\u00e1 ser beneficiado pela decis\u00e3o do ministro do Supremo Tribunal Federal (STF), Ricardo Lewandowski em a\u00e7\u00e3o proposta pelo governo do Maranh\u00e3o, sobre a importa\u00e7\u00e3o e distribui\u00e7\u00e3o da vacina russa Sputinik V para o combate \u00e0 Covid-19. Em sua decis\u00e3o, o ministro deu prazo at\u00e9 o dia 28 deste m\u00eas para que a Ag\u00eancia Nacional de Vigil\u00e2ncia Sanit\u00e1ria (Anvisa) se manifeste sobre a &#8220;importa\u00e7\u00e3o excepcional e tempor\u00e1ria&#8221; do imunizante. Caso o \u00f3rg\u00e3o n\u00e3o se posicione, o Estado autor da a\u00e7\u00e3o fica autorizado judicialmente a comprar e distribuir a Sputinik V.<\/span><\/p>\n<p style=\"box-sizing: border-box; margin-top: 0px; margin-bottom: 2em; font-size: 16px; line-height: 1.8em; text-align: justify; color: #212529; font-family: 'Open Sans', sans-serif;\"><a style=\"box-sizing: border-box; color: #444444; text-decoration-line: none; background-color: transparent;\" href=\"http:\/\/www.ms.gov.br\/wp-content\/uploads\/sites\/150\/2021\/04\/reinaldo-cpi-3.png\"><img loading=\"lazy\" decoding=\"async\" class=\"alignnone wp-image-349014 size-full\" style=\"box-sizing: border-box; vertical-align: middle; margin: 5px 20px 20px 0px;\" src=\"http:\/\/www.ms.gov.br\/wp-content\/uploads\/sites\/150\/2021\/04\/reinaldo-cpi-3.png\" sizes=\"auto, (max-width: 775px) 100vw, 775px\" srcset=\"http:\/\/www.ms.gov.br\/wp-content\/uploads\/sites\/150\/2021\/04\/reinaldo-cpi-3.png 775w, http:\/\/www.ms.gov.br\/wp-content\/uploads\/sites\/150\/2021\/04\/reinaldo-cpi-3-300x148.png 300w, http:\/\/www.ms.gov.br\/wp-content\/uploads\/sites\/150\/2021\/04\/reinaldo-cpi-3-768x380.png 768w, http:\/\/www.ms.gov.br\/wp-content\/uploads\/sites\/150\/2021\/04\/reinaldo-cpi-3-350x173.png 350w\" alt=\"\" width=\"775\" height=\"383\"><\/a><\/p>\n<p style=\"box-sizing: border-box; margin-top: 0px; margin-bottom: 2em; font-size: 16px; line-height: 1.8em; text-align: justify; color: #212529; font-family: 'Open Sans', sans-serif;\"><span style=\"box-sizing: border-box;\">\u201cEstou muito esperan\u00e7oso que consigamos essa compra de mais imunizantes. Vou buscar a todo o custo mais vacinas para imunizar a popula\u00e7\u00e3o de Mato Grosso do Sul\u201d, disse o governador.<\/span><\/p>\n<p style=\"box-sizing: border-box; margin-top: 0px; margin-bottom: 2em; font-size: 16px; line-height: 1.8em; text-align: justify; color: #212529; font-family: 'Open Sans', sans-serif;\"><span style=\"box-sizing: border-box;\">Ele esteve em Bras\u00edlia nesta semana. No Distrito Federal, Reinaldo Azambuja teve uma reuni\u00e3o com o ministro da Sa\u00fade, Marcelo Queiroga, e reivindicou a amplia\u00e7\u00e3o de 30% da quantidade de doses de vacinas para 13 munic\u00edpios localizados na regi\u00e3o de fronteira do Estado com a Bol\u00edvia e o Paraguai, al\u00e9m de testes r\u00e1pidos e medicamentos do chamado \u201ckit intuba\u00e7\u00e3o\u201d, utilizados no processo de seda\u00e7\u00e3o de pacientes infectados pelo coronav\u00edrus.<\/span><\/p>\n<p style=\"box-sizing: border-box; margin-top: 0px; margin-bottom: 2em; font-size: 16px; line-height: 1.8em; text-align: justify; color: #212529; font-family: 'Open Sans', sans-serif;\"><img loading=\"lazy\" decoding=\"async\" class=\"alignnone wp-image-349036 alignleft\" style=\"box-sizing: border-box; vertical-align: middle; margin-top: 0px; margin-bottom: 2em;\" src=\"http:\/\/www.ms.gov.br\/wp-content\/uploads\/sites\/150\/2021\/04\/radio48_1560184021-150x150.png\" sizes=\"auto, (max-width: 109px) 100vw, 109px\" srcset=\"http:\/\/www.ms.gov.br\/wp-content\/uploads\/sites\/150\/2021\/04\/radio48_1560184021-150x150.png 150w, http:\/\/www.ms.gov.br\/wp-content\/uploads\/sites\/150\/2021\/04\/radio48_1560184021.png 200w\" alt=\"\" width=\"109\" height=\"109\"><\/p>\n<p style=\"box-sizing: border-box; margin-top: 0px; margin-bottom: 2em; font-size: 16px; line-height: 1.8em; text-align: justify; color: #212529; font-family: 'Open Sans', sans-serif;\">Ou\u00e7a entrevista na \u00edntegra aqui:<\/p>\n<p><span class=\"mejs-offscreen\" style=\"box-sizing: border-box; color: #212529; font-family: 'Open Sans', sans-serif;\">Tocador de \u00e1udio<\/span><\/p>\n<div id=\"mep_0\" class=\"mejs-container mejs-container-keyboard-inactive wp-audio-shortcode mejs-audio\" style=\"color: #212529; width: 730px; height: 40px; min-width: 240px;\" tabindex=\"0\" role=\"application\" aria-label=\"Tocador de \u00e1udio\">\n<div class=\"mejs-inner\">\n<div class=\"mejs-mediaelement\" style=\"height: 40px; width: 730px;\"><\/div>\n<div class=\"mejs-layers\"><\/div>\n<div class=\"mejs-controls\" style=\"width: 730px;\">\n<div class=\"mejs-button mejs-playpause-button mejs-play\"><\/div>\n<div class=\"mejs-time mejs-currenttime-container\" role=\"timer\" aria-live=\"off\"><span class=\"mejs-currenttime\">00:00<\/span><\/div>\n<div class=\"mejs-time-rail\"><\/div>\n<div class=\"mejs-time mejs-duration-container\"><span class=\"mejs-duration\">00:00<\/span><\/div>\n<div class=\"mejs-button mejs-volume-button mejs-mute\"><\/div>\n<p><a class=\"mejs-horizontal-volume-slider\" style=\"color: #444444; background-color: transparent;\" role=\"slider\" aria-label=\"Controle de volume\" aria-valuemin=\"0\" aria-valuemax=\"100\"><span class=\"mejs-offscreen\">Use as setas para cima ou para baixo para aumentar ou diminuir o volume.<\/span><\/a><\/p>\n<div class=\"mejs-horizontal-volume-total\">\n<div class=\"mejs-horizontal-volume-current\" style=\"height: 7.99716px; width: 50px;\"><\/div>\n<\/div>\n<\/div>\n<\/div>\n<\/div>\n<div class=\"mt-3 mb-3 text-center\" style=\"box-sizing: border-box; color: #212529; font-family: 'Open Sans', sans-serif; margin-top: 1rem !important; margin-bottom: 1rem !important; text-align: center !important;\"><a class=\"btn btn-warning\" style=\"box-sizing: border-box; color: #212529; text-decoration-line: none; background-color: #ffc107; display: inline-block; vertical-align: middle; user-select: none; border: 1px solid #ffc107; padding: 0.375rem 0.75rem; font-size: 1rem; line-height: 1.5; border-radius: 0.25rem; transition: color 0.15s ease-in-out 0s, background-color 0.15s ease-in-out 0s, border-color 0.15s ease-in-out 0s, box-shadow 0.15s ease-in-out 0s;\" href=\"http:\/\/www.ms.gov.br\/wp-content\/uploads\/sites\/150\/2021\/04\/GOV-104-1.mp3?_=1\" download=\"\"><small style=\"box-sizing: border-box; font-size: 12.8px;\"><span style=\"box-sizing: border-box; font-weight: bolder;\">Download<\/span><\/small><\/a><\/div>\n<p style=\"box-sizing: border-box; margin-top: 0px; margin-bottom: 2em; font-size: 16px; line-height: 1.8em; text-align: justify; color: #212529; font-family: 'Open Sans', sans-serif;\">\n","protected":false},"excerpt":{"rendered":"<p>&#8220;Mato Grosso do Sul compre o seu papel no combate \u00e0 Covid-19&#8221;, afirmou o governador&#8230;<\/p>\n","protected":false},"author":13,"featured_media":0,"comment_status":"closed","ping_status":"closed","sticky":false,"template":"","format":"standard","meta":{"footnotes":""},"categories":[19,21],"tags":[],"class_list":["post-11714160","post","type-post","status-publish","format-standard","hentry","category-politica","category-saude"],"_links":{"self":[{"href":"https:\/\/www.corumbaonline.com.br\/news\/wp-json\/wp\/v2\/posts\/11714160","targetHints":{"allow":["GET"]}}],"collection":[{"href":"https:\/\/www.corumbaonline.com.br\/news\/wp-json\/wp\/v2\/posts"}],"about":[{"href":"https:\/\/www.corumbaonline.com.br\/news\/wp-json\/wp\/v2\/types\/post"}],"author":[{"embeddable":true,"href":"https:\/\/www.corumbaonline.com.br\/news\/wp-json\/wp\/v2\/users\/13"}],"replies":[{"embeddable":true,"href":"https:\/\/www.corumbaonline.com.br\/news\/wp-json\/wp\/v2\/comments?post=11714160"}],"version-history":[{"count":2,"href":"https:\/\/www.corumbaonline.com.br\/news\/wp-json\/wp\/v2\/posts\/11714160\/revisions"}],"predecessor-version":[{"id":11714164,"href":"https:\/\/www.corumbaonline.com.br\/news\/wp-json\/wp\/v2\/posts\/11714160\/revisions\/11714164"}],"wp:attachment":[{"href":"https:\/\/www.corumbaonline.com.br\/news\/wp-json\/wp\/v2\/media?parent=11714160"}],"wp:term":[{"taxonomy":"category","embeddable":true,"href":"https:\/\/www.corumbaonline.com.br\/news\/wp-json\/wp\/v2\/categories?post=11714160"},{"taxonomy":"post_tag","embeddable":true,"href":"https:\/\/www.corumbaonline.com.br\/news\/wp-json\/wp\/v2\/tags?post=11714160"}],"curies":[{"name":"wp","href":"https:\/\/api.w.org\/{rel}","templated":true}]}}