{"id":11714162,"date":"2021-04-15T11:35:00","date_gmt":"2021-04-15T15:35:00","guid":{"rendered":"http:\/\/www.corumbaonline.com.br\/news\/?p=11714162"},"modified":"2021-04-15T12:36:45","modified_gmt":"2021-04-15T16:36:45","slug":"governo-turbinou-pandemia-ao-ignorar-circulacao-do-virus","status":"publish","type":"post","link":"https:\/\/www.corumbaonline.com.br\/news\/governo-turbinou-pandemia-ao-ignorar-circulacao-do-virus\/","title":{"rendered":"Governo turbinou pandemia ao ignorar circula\u00e7\u00e3o do v\u00edrus"},"content":{"rendered":"<p>Um estudo publicado na\u00a0<em>Science<\/em>, uma das mais importantes revistas de divulga\u00e7\u00e3o cient\u00edfica do mundo, apontou falhas que favoreceram a propaga\u00e7\u00e3o descontrolada da covid-19 no Brasil. Segundo o trabalho, divulgado nessa quarta, 14, na mesma semana em que se discute uma CPI para apurar responsabilidades da pandemia, o v\u00edrus se espalhou porque o Pa\u00eds fracassou na tomada de medidas coordenadas e equitativas contra a doen\u00e7a, em contexto de profundas desigualdades socioecon\u00f4micas. Atualmente, o territ\u00f3rio brasileiro \u00e9 o epicentro mundial da pandemia. Tem explos\u00e3o de casos e sistema de sa\u00fade em colapso. Os mortos s\u00e3o mais de 350 mil.<\/p>\n<p class=\"text\">Assinado por dez cientistas do Brasil e dos Estados Unidos, o trabalho tem como principal autor a dem\u00f3grafa M\u00e1rcia Castro. Ela integra o Departamento de Sa\u00fade Global e Popula\u00e7\u00e3o da Universidade Harvard. O estudo analisa trajet\u00f3rias, velocidade e intensidade da propaga\u00e7\u00e3o da covid no Pa\u00eds. Cita indicadores de aglomera\u00e7\u00e3o populacional, combinados a medidas pol\u00edticas adotadas.<\/p>\n<div id=\"ad-video-inread\" class=\"ad-video-inread\"><\/div>\n<p class=\"text\">A conclus\u00e3o, segundo M\u00e1rcia, \u00e9 que, embora &#8220;nenhuma narrativa \u00fanica possa explicar a propaga\u00e7\u00e3o do v\u00edrus&#8221;, h\u00e1 alguns motivos principais que ajudam a entender por que a pandemia alcan\u00e7ou tal patamar no Brasil.<\/p>\n<p class=\"text\">O estudo aponta que a aus\u00eancia de vigil\u00e2ncia gen\u00f4mica bem estruturada, em um Pa\u00eds de dimens\u00f5es continentais, deixou o v\u00edrus circular por mais de um m\u00eas sem ser detectado. As profundas desigualdades sociais e econ\u00f4micas entre as regi\u00f5es tamb\u00e9m ajudaram no descontrole.<\/p>\n<div id=\"ad-offers\" class=\"ad-video-inread\"><\/div>\n<p class=\"text\">&#8220;O Brasil \u00e9 grande e desigual&#8221;, diz a dem\u00f3grafa. &#8220;Com disparidades em quantidade e qualidade de recursos de sa\u00fade (por exemplo, leitos hospitalares, m\u00e9dicos) e de renda.&#8221;<\/p>\n<h3>Brasil pode se tornar amea\u00e7a \u00e0 sa\u00fade global<\/h3>\n<p class=\"text\">N\u00e3o houve a\u00e7\u00e3o conjunta, coordenada pelo governo federal, para enfrentar a pandemia. A polariza\u00e7\u00e3o, segundo M\u00e1rcia, politizou a pandemia. Assim, impactou a ades\u00e3o \u00e0s a\u00e7\u00f5es de controle. O presidente Jair Bolsonaro \u00e9 contr\u00e1rio ao lockdown. Tamb\u00e9m defende rem\u00e9dios sem efic\u00e1cia contra a doen\u00e7a.<\/p>\n<p class=\"text\">&#8220;Uma densa rede urbana que conecta e influencia os munic\u00edpios por meio de transporte, servi\u00e7os e neg\u00f3cios n\u00e3o foi totalmente interrompida durante picos de casos ou mortes&#8221;, lembra M\u00e1rcia. &#8220;Cidades impuseram e relaxaram medidas em diferentes momentos, com base em crit\u00e9rios distintos, facilitando a propaga\u00e7\u00e3o da doen\u00e7a.&#8221;<\/p>\n<p class=\"text\">A conclus\u00e3o do trabalho \u00e9 que, se nenhuma medida mais dr\u00e1stica for tomada contra a pandemia, o Brasil deve enfrentar uma crise humanit\u00e1ria sem precedentes. O Pa\u00eds, nesse caso, poder\u00e1 se tornar uma amea\u00e7a \u00e0 sa\u00fade global.<\/p>\n<p class=\"text\">&#8220;Sem conten\u00e7\u00e3o imediata, com medidas coordenadas epidemiol\u00f3gicas e de vigil\u00e2ncia gen\u00f4mica, al\u00e9m do esfor\u00e7o de vacinar o maior n\u00famero poss\u00edvel de pessoas no per\u00edodo mais curto de tempo, a propaga\u00e7\u00e3o da P1 (a variante do v\u00edrus descoberta em Manaus que j\u00e1 se revelou at\u00e9 duas vezes mais transmiss\u00edvel) levar\u00e1 a uma perda de vidas inimagin\u00e1vel&#8221;, sustenta o estudo. &#8220;A falha na deten\u00e7\u00e3o desta segunda onda de propaga\u00e7\u00e3o vai facilitar o surgimento de novas variantes, isolar o Brasil como uma amea\u00e7a \u00e0 sa\u00fade global, e levar a uma crise humanit\u00e1ria completamente evit\u00e1vel.&#8221;<\/p>\n<h3>Ventila\u00e7\u00e3o n\u00e3o invasiva e esteroides salvam pacientes, diz pesquisa<\/h3>\n<p class=\"text\">Outro estudo, com oito autores brasileiros, foi publicado tamb\u00e9m nessa quarta, na\u00a0<em>Intensive Care Medicine<\/em>. O trabalho avaliou a evolu\u00e7\u00e3o de 13.300 pacientes de covid-19 internados em 126 unidades de terapia intensiva de uma rede privada de hospitais. As interna\u00e7\u00e3o foram entre 27 de fevereiro e 28 de outubro de 2020. O levantamento revelou queda na mortalidade ao longo desse per\u00edodo de at\u00e9 42%.<\/p>\n<p class=\"text\">&#8220;O que a gente quer mostrar \u00e9 que o que aprendemos ao longo desse ano de pandemia leva \u00e0 redu\u00e7\u00e3o de mortalidade, embora isso n\u00e3o esteja disseminado em todo o sistema&#8221;, diz o infectologista Fernando Bozza, da Fiocruz e do Instituto D&#8217;Or de Pesquisa (Idor), um dos autores do estudo.<\/p>\n<p class=\"text\">Segundo o estudo, o aumento do uso de ventila\u00e7\u00e3o n\u00e3o invasiva no per\u00edodo inicial da interna\u00e7\u00e3o e a prescri\u00e7\u00e3o de esteroides ajudaram na redu\u00e7\u00e3o. \u00b4\u00c9 importante lembrar tamb\u00e9m que, no mesmo per\u00edodo, a idade m\u00e9dia dos pacientes internados na rede privada caiu de 57 anos para 53 anos. Isso significa pacientes menos fr\u00e1geis.<\/p>\n","protected":false},"excerpt":{"rendered":"<p>Um estudo publicado na\u00a0Science, uma das mais importantes revistas de divulga\u00e7\u00e3o cient\u00edfica do mundo, apontou&#8230;<\/p>\n","protected":false},"author":11,"featured_media":0,"comment_status":"closed","ping_status":"closed","sticky":false,"template":"","format":"standard","meta":{"footnotes":""},"categories":[116,21],"tags":[],"class_list":["post-11714162","post","type-post","status-publish","format-standard","hentry","category-coronavirus","category-saude"],"_links":{"self":[{"href":"https:\/\/www.corumbaonline.com.br\/news\/wp-json\/wp\/v2\/posts\/11714162","targetHints":{"allow":["GET"]}}],"collection":[{"href":"https:\/\/www.corumbaonline.com.br\/news\/wp-json\/wp\/v2\/posts"}],"about":[{"href":"https:\/\/www.corumbaonline.com.br\/news\/wp-json\/wp\/v2\/types\/post"}],"author":[{"embeddable":true,"href":"https:\/\/www.corumbaonline.com.br\/news\/wp-json\/wp\/v2\/users\/11"}],"replies":[{"embeddable":true,"href":"https:\/\/www.corumbaonline.com.br\/news\/wp-json\/wp\/v2\/comments?post=11714162"}],"version-history":[{"count":1,"href":"https:\/\/www.corumbaonline.com.br\/news\/wp-json\/wp\/v2\/posts\/11714162\/revisions"}],"predecessor-version":[{"id":11714163,"href":"https:\/\/www.corumbaonline.com.br\/news\/wp-json\/wp\/v2\/posts\/11714162\/revisions\/11714163"}],"wp:attachment":[{"href":"https:\/\/www.corumbaonline.com.br\/news\/wp-json\/wp\/v2\/media?parent=11714162"}],"wp:term":[{"taxonomy":"category","embeddable":true,"href":"https:\/\/www.corumbaonline.com.br\/news\/wp-json\/wp\/v2\/categories?post=11714162"},{"taxonomy":"post_tag","embeddable":true,"href":"https:\/\/www.corumbaonline.com.br\/news\/wp-json\/wp\/v2\/tags?post=11714162"}],"curies":[{"name":"wp","href":"https:\/\/api.w.org\/{rel}","templated":true}]}}