{"id":11714198,"date":"2021-04-16T10:26:00","date_gmt":"2021-04-16T14:26:00","guid":{"rendered":"http:\/\/www.corumbaonline.com.br\/news\/?p=11714198"},"modified":"2021-04-16T11:15:53","modified_gmt":"2021-04-16T15:15:53","slug":"oms-taxa-de-infecao-por-covid-19-esta-proxima-do-valor-mais-alto","status":"publish","type":"post","link":"https:\/\/www.corumbaonline.com.br\/news\/oms-taxa-de-infecao-por-covid-19-esta-proxima-do-valor-mais-alto\/","title":{"rendered":"OMS: taxa de infe\u00e7\u00e3o por covid-19 est\u00e1 pr\u00f3xima do valor mais alto"},"content":{"rendered":"<p>O diretor-geral da Organiza\u00e7\u00e3o Mundial da Sa\u00fade (OMS), Tedros Adhanom, disse hoje (16) que o\u00a0n\u00famero de novos casos de covid-19 por semana, em n\u00edvel mundial, quase duplicou nos \u00faltimos dois meses e est\u00e1 pr\u00f3ximo do valor mais elevado registrado at\u00e9 agora. A situa\u00e7\u00e3o na \u00cdndia \u00e9 uma das mais preocupantes atualmente, pois o pa\u00eds registrou, no \u00faltimo m\u00eas,\u00a0o maior n\u00famero de casos da doen\u00e7a\u00a0no mundo.\u00a0<img decoding=\"async\" src=\"https:\/\/agenciabrasil.ebc.com.br\/ebc.png?id=1406996&amp;o=node\" \/><img decoding=\"async\" src=\"https:\/\/agenciabrasil.ebc.com.br\/ebc.gif?id=1406996&amp;o=node\" \/><\/p>\n<p>\u201cOs casos de infe\u00e7\u00e3o e as mortes continuam a aumentar a uma velocidade\u00a0preocupante\u201d,\u00a0alertou Tedros Adhanom Ghebreyesus, em entrevista coletiva\u00a0nesta sexta-feira.<\/p>\n<p>No \u00faltimo\u00a0relat\u00f3rio, divulgado no dia\u00a013 de abril, a OMS informou\u00a0que\u00a0o n\u00famero de casos de covid-19 no mundo\u00a0aumentou pela s\u00e9tima semana consecutiva, com mais de 4,5 milh\u00f5es de novos registros na \u00faltima semana. O n\u00famero de \u00f3bitos tamb\u00e9m aumentou pela quarta semana consecutiva, alta de 7%\u00a0em rela\u00e7\u00e3o \u00e0 semana anterior, com mais de 76 mil mortes notificadas.<\/p>\n<p>Os maiores aumentos de\u00a0novos casos ocorreram\u00a0na \u00cdndia (873.296 novos casos, alta de 70%), Estados Unidos (468.395, aumento de 5%), no Brasil (com 463.092 novos casos,\u00a0redu\u00e7\u00e3o de 8%),\u00a0na Turquia (353.281, avan\u00e7o\u00a0de 33%) e na\u00a0Fran\u00e7a (265.444,\u00a0alta de 9%).<\/p>\n<p>Toda\u00a0semana\u00a0surgem, em territ\u00f3rio europeu, mais de 1,6\u00a0milh\u00e3o de\u00a0novos infectados, apesar das restri\u00e7\u00f5es impostas pelos v\u00e1rios pa\u00edses e da campanha de vacina\u00e7\u00e3o em curso.<\/p>\n<h2>\u00cdndia<\/h2>\n<p>A situa\u00e7\u00e3o na \u00cdndia \u00e9 uma das mais preocupantes atualmente, j\u00e1 que o pa\u00eds teve\u00a0o maior n\u00famero de casos de covid-19 no mundo no \u00faltimo m\u00eas. A \u00cdndia\u00a0voltou a registrar, nesta sexta-feira, um recorde de novas infec\u00e7\u00f5es por covid-19, impulsionado pelas aglomera\u00e7\u00f5es em eventos religiosos e com\u00edcios eleitorais.<\/p>\n<p>O pa\u00eds notificou\u00a0217.353 novos casos hoje, o que marca o oitavo dia consecutivo de aumento di\u00e1rio recorde. A \u00cdndia \u00e9 o segundo pa\u00eds, em n\u00edvel mundial, com o maior n\u00famero de casos, cerca de 14,3 milh\u00f5es. Registra ainda um total de 174.308 mortes desde o in\u00edcio da pandemia.<\/p>\n<p>Enquanto luta contra uma segunda onda da pandemia de covid-19, com novas restri\u00e7\u00f5es impostas em Mumbai, Nova Delhi\u00a0e outras cidades, aumentam\u00a0os apelos para que as autoridades acelerem o programa de vacina\u00e7\u00e3o, j\u00e1 que os hospitais est\u00e3o superlotados<\/p>\n<p>At\u00e9 agora, a \u00cdndia j\u00e1 administrou 115 milh\u00f5es de doses de vacinas, o terceiro maior n\u00famero no mundo, depois dos Estados Unidos\u00a0e da China.\u00a0No entanto, esse n\u00famero de doses administradas cobre apenas uma pequena fra\u00e7\u00e3o dos seus 1,35 bilh\u00e3o\u00a0de habitantes.\u00a0A desacelera\u00e7\u00e3o na vacina\u00e7\u00e3o justifica-se pela falta de vacinas no pa\u00eds, que at\u00e9 agora foi um grande exportador.<\/p>\n","protected":false},"excerpt":{"rendered":"<p>O diretor-geral da Organiza\u00e7\u00e3o Mundial da Sa\u00fade (OMS), Tedros Adhanom, disse hoje (16) que o\u00a0n\u00famero&#8230;<\/p>\n","protected":false},"author":4,"featured_media":0,"comment_status":"closed","ping_status":"closed","sticky":false,"template":"","format":"standard","meta":{"footnotes":""},"categories":[116,21],"tags":[],"class_list":["post-11714198","post","type-post","status-publish","format-standard","hentry","category-coronavirus","category-saude"],"_links":{"self":[{"href":"https:\/\/www.corumbaonline.com.br\/news\/wp-json\/wp\/v2\/posts\/11714198","targetHints":{"allow":["GET"]}}],"collection":[{"href":"https:\/\/www.corumbaonline.com.br\/news\/wp-json\/wp\/v2\/posts"}],"about":[{"href":"https:\/\/www.corumbaonline.com.br\/news\/wp-json\/wp\/v2\/types\/post"}],"author":[{"embeddable":true,"href":"https:\/\/www.corumbaonline.com.br\/news\/wp-json\/wp\/v2\/users\/4"}],"replies":[{"embeddable":true,"href":"https:\/\/www.corumbaonline.com.br\/news\/wp-json\/wp\/v2\/comments?post=11714198"}],"version-history":[{"count":1,"href":"https:\/\/www.corumbaonline.com.br\/news\/wp-json\/wp\/v2\/posts\/11714198\/revisions"}],"predecessor-version":[{"id":11714199,"href":"https:\/\/www.corumbaonline.com.br\/news\/wp-json\/wp\/v2\/posts\/11714198\/revisions\/11714199"}],"wp:attachment":[{"href":"https:\/\/www.corumbaonline.com.br\/news\/wp-json\/wp\/v2\/media?parent=11714198"}],"wp:term":[{"taxonomy":"category","embeddable":true,"href":"https:\/\/www.corumbaonline.com.br\/news\/wp-json\/wp\/v2\/categories?post=11714198"},{"taxonomy":"post_tag","embeddable":true,"href":"https:\/\/www.corumbaonline.com.br\/news\/wp-json\/wp\/v2\/tags?post=11714198"}],"curies":[{"name":"wp","href":"https:\/\/api.w.org\/{rel}","templated":true}]}}