{"id":11714200,"date":"2021-04-16T10:39:00","date_gmt":"2021-04-16T14:39:00","guid":{"rendered":"http:\/\/www.corumbaonline.com.br\/news\/?p=11714200"},"modified":"2021-04-16T11:20:47","modified_gmt":"2021-04-16T15:20:47","slug":"cidade-empreendedora-inicia-fase-de-atendimento-a-pequenos-negocios","status":"publish","type":"post","link":"https:\/\/www.corumbaonline.com.br\/news\/cidade-empreendedora-inicia-fase-de-atendimento-a-pequenos-negocios\/","title":{"rendered":"Cidade Empreendedora inicia fase de atendimento a pequenos neg\u00f3cios"},"content":{"rendered":"<p>\u201cO Cidade Empreendedora vai nos ajudar e dar suporte neste momento t\u00e3o delicado\u201d. A avalia\u00e7\u00e3o \u00e9 da empres\u00e1ria Gl\u00e1ucia Xavier da Silva Samaniego, que recebeu esta semana a visita dos consultores da a\u00e7\u00e3o \u201cSebrae na sua empresa\u201d. A iniciativa faz parte do programa \u2018Cidade Empreendedora\u2019, parceria da Prefeitura de Corumb\u00e1, por meio da Secretaria Municipal de Desenvolvimento Econ\u00f4mico e Sustent\u00e1vel, com o Sebrae\/MS.<\/p>\n<p>Dona de uma loja de loja de artigos Plus Size, Gl\u00e1ucia montou, inicialmente, um brech\u00f3 na garagem da pr\u00f3pria casa e formalizou-se como Microempreendedor Individual (MEI) e contou com orienta\u00e7\u00f5es da Sala do Empreendedor, mantida pelo Munic\u00edpio na Secretaria de Desenvolvimento Econ\u00f4mico e Sustent\u00e1vel. Com o crescimento dos neg\u00f3cios, a empres\u00e1ria deixou a garagem, abriu a sede da \u2018La G Fashion\u2019 na rua Sete de Setembro, no bairro Popular Velha, e sua loja agora \u00e9 Micro Empresa (ME).<\/p>\n<p>Respeitando as medidas de biosseguran\u00e7a, como o uso de m\u00e1scaras e \u00e1lcool em gel, os agentes do Sebrae\/MS visitam os pequenos neg\u00f3cios de Corumb\u00e1 para identificar quais s\u00e3o as necessidades de cada empres\u00e1rio e, a partir disso, propor solu\u00e7\u00f5es. A abordagem porta a porta \u00e9 a primeira fase da execu\u00e7\u00e3o do \u2018Cidade Empreendedora\u2019 no munic\u00edpio. A expectativa \u00e9 que mais de 2.600 pequenos neg\u00f3cios sejam visitados. Al\u00e9m de levar orienta\u00e7\u00e3o aos empres\u00e1rios, os agentes tamb\u00e9m t\u00eam a fun\u00e7\u00e3o de mapear a necessidade dos empreendedores. O levantamento deve embasar novas a\u00e7\u00f5es voltadas para atender esse p\u00fablico.<\/p>\n<p>\u201cLevamos orienta\u00e7\u00e3o t\u00e9cnica na \u00e1rea de gest\u00e3o empresarial para os pequenos neg\u00f3cios, al\u00e9m de aconselhamentos voltados para a gest\u00e3o financeira, marketing digital e vendas. Tudo isso de forma gratuita\u201d, ressaltou Viviane Matos dos Santos, analista t\u00e9cnica do Sebrae\/MS, respons\u00e1vel pelo atendimento em todo o Estado.<\/p>\n<p><strong>Cidade Empreendedora<\/strong><\/p>\n<p>Com o \u2018Cidade Empreendedora\u2019, Corumb\u00e1 vai receber acompanhamento do Sebrae\/MS durante 15 meses. Ser\u00e1 elaborado um plano de desenvolvimento econ\u00f4mico para o munic\u00edpio com a\u00e7\u00f5es voltadas para o eixo \u201cCidade de Neg\u00f3cios\u201d. A estrat\u00e9gia, adotada pela Prefeitura Municipal, visa alavancar a cidade por meio do empreendedorismo e fomentar a gera\u00e7\u00e3o de emprego e renda.<\/p>\n<p>S\u00e3o v\u00e1rias iniciativas que englobam o \u2018Cidade Empreendedora\u2019 e, dentre a\u00e7\u00f5es previstas pelo programa, al\u00e9m da desburocratiza\u00e7\u00e3o de processos na abertura e altera\u00e7\u00f5es de empresas e o atendimento ao empres\u00e1rio, est\u00e1 o incentivo \u00e0s compras locais; promo\u00e7\u00e3o de uma cultura empreendedora e a inova\u00e7\u00e3o nas escolas; melhorias na sala do empreendedor; est\u00edmulo ao desenvolvimento empresarial; e forma\u00e7\u00e3o de lideran\u00e7as que exer\u00e7am uma gest\u00e3o p\u00fablica empreendedora.<\/p>\n<p>Dados da Receita Federal apontam que em Corumb\u00e1, neste ano, 88% da densidade empresarial do munic\u00edpio correspondem aos pequenos neg\u00f3cios. A partir do programa, esse p\u00fablico vai ser diretamente atendido, j\u00e1 que uma das linhas de atua\u00e7\u00e3o do \u2018Cidade Empreendedora\u2019 \u00e9 direcionada para auxiliar e propor solu\u00e7\u00f5es para o empres\u00e1rio. Outra vertente do programa atua diretamente no \u00e2mbito das pol\u00edticas p\u00fablicas com a proposta de melhorar o ambiente de neg\u00f3cios.<\/p>\n<p><strong>Sala do Empreendedor&nbsp;<\/strong><\/p>\n<p>Em Corumb\u00e1, al\u00e9m da a\u00e7\u00e3o \u201cSebrae na sua empresa\u201d, tamb\u00e9m h\u00e1 a possibilidade de o empres\u00e1rio buscar orienta\u00e7\u00f5es na Sala do Empreendedor, que fica na rua Cuiab\u00e1, n\u00ba1333. O espa\u00e7o atua em parceria com a prefeitura, vem para ajudar o empres\u00e1rio na regulariza\u00e7\u00e3o do empreendimento e \u00e9 voltado, principalmente, para dar suporte Microempreendedor Individual (MEI). Mais informa\u00e7\u00f5es podem ser obtidas por meio do n\u00famero (67) 3232-2223. J\u00e1 sobre o \u2018Cidade Empreendedora\u2019 mais detalhes podem ser conseguidos no telefone 0800 570 0800.<\/p>\n","protected":false},"excerpt":{"rendered":"<p>\u201cO Cidade Empreendedora vai nos ajudar e dar suporte neste momento t\u00e3o delicado\u201d. A avalia\u00e7\u00e3o&#8230;<\/p>\n","protected":false},"author":70,"featured_media":11714201,"comment_status":"closed","ping_status":"closed","sticky":false,"template":"","format":"standard","meta":{"footnotes":""},"categories":[8,9],"tags":[],"class_list":["post-11714200","post","type-post","status-publish","format-standard","has-post-thumbnail","hentry","category-destaque","category-economia"],"_links":{"self":[{"href":"https:\/\/www.corumbaonline.com.br\/news\/wp-json\/wp\/v2\/posts\/11714200","targetHints":{"allow":["GET"]}}],"collection":[{"href":"https:\/\/www.corumbaonline.com.br\/news\/wp-json\/wp\/v2\/posts"}],"about":[{"href":"https:\/\/www.corumbaonline.com.br\/news\/wp-json\/wp\/v2\/types\/post"}],"author":[{"embeddable":true,"href":"https:\/\/www.corumbaonline.com.br\/news\/wp-json\/wp\/v2\/users\/70"}],"replies":[{"embeddable":true,"href":"https:\/\/www.corumbaonline.com.br\/news\/wp-json\/wp\/v2\/comments?post=11714200"}],"version-history":[{"count":2,"href":"https:\/\/www.corumbaonline.com.br\/news\/wp-json\/wp\/v2\/posts\/11714200\/revisions"}],"predecessor-version":[{"id":11714207,"href":"https:\/\/www.corumbaonline.com.br\/news\/wp-json\/wp\/v2\/posts\/11714200\/revisions\/11714207"}],"wp:featuredmedia":[{"embeddable":true,"href":"https:\/\/www.corumbaonline.com.br\/news\/wp-json\/wp\/v2\/media\/11714201"}],"wp:attachment":[{"href":"https:\/\/www.corumbaonline.com.br\/news\/wp-json\/wp\/v2\/media?parent=11714200"}],"wp:term":[{"taxonomy":"category","embeddable":true,"href":"https:\/\/www.corumbaonline.com.br\/news\/wp-json\/wp\/v2\/categories?post=11714200"},{"taxonomy":"post_tag","embeddable":true,"href":"https:\/\/www.corumbaonline.com.br\/news\/wp-json\/wp\/v2\/tags?post=11714200"}],"curies":[{"name":"wp","href":"https:\/\/api.w.org\/{rel}","templated":true}]}}