{"id":11714216,"date":"2021-04-17T08:05:00","date_gmt":"2021-04-17T12:05:00","guid":{"rendered":"http:\/\/www.corumbaonline.com.br\/news\/?p=11714216"},"modified":"2021-04-17T08:31:10","modified_gmt":"2021-04-17T12:31:10","slug":"coronavirus-variante-p1-ja-e-predominante-em-mato-grosso-do-sul","status":"publish","type":"post","link":"https:\/\/www.corumbaonline.com.br\/news\/coronavirus-variante-p1-ja-e-predominante-em-mato-grosso-do-sul\/","title":{"rendered":"Coronav\u00edrus: variante P1 j\u00e1 \u00e9 predominante em Mato Grosso do Sul"},"content":{"rendered":"<p style=\"box-sizing: border-box; margin-bottom: 2em; font-size: 16px; line-height: 1.8em; text-align: justify; color: #212529; font-family: 'Open Sans', sans-serif;\">A variante do coronav\u00edrus denominada P1, que surgiu inicialmente em Manaus, j\u00e1 \u00e9 predominante em Mato Grosso do Sul, atingindo 82% entre 38 amostras analisadas entre os dias 6 a 9 deste m\u00eas. O an\u00fancio foi feito durante reuni\u00e3o que aconteceu na tarde desta quinta-feira (15) na Secretaria de Estado de Sa\u00fade (SES) por um grupo de pesquisadores que participou dos trabalhos realizados na Universidade Federal de Mato Grosso do Sul (UFMS).<\/p>\n<p style=\"box-sizing: border-box; margin-top: 0px; margin-bottom: 2em; font-size: 16px; line-height: 1.8em; text-align: justify; color: #212529; font-family: 'Open Sans', sans-serif;\">O secret\u00e1rio estadual de Sa\u00fade Geraldo Resende recebeu os resultados da pesquisa que constatou a predomin\u00e2ncia da variante P1.\u00a0 De acordo com os pesquisadores J\u00falio Croda, Ana Rita Coimbra Motta-Castro (ambos ligados \u00e0 Fiocruz e \u00e0 UFMS) e James Venturini (UFMS), a variante tem as seguintes caracter\u00edsticas: maior transmissibilidade, atinge a popula\u00e7\u00e3o mais jovem, apresenta uma evolu\u00e7\u00e3o mais r\u00e1pida da doen\u00e7a e maior gravidade da doen\u00e7a, al\u00e9m de diminuir a efetividade das vacinas.<\/p>\n<p style=\"box-sizing: border-box; margin-top: 0px; margin-bottom: 2em; font-size: 16px; line-height: 1.8em; text-align: justify; color: #212529; font-family: 'Open Sans', sans-serif;\">\u201cA P1 \u00e9 a variante que domina todos os Estados do Brasil. Isso explica por que tivemos um n\u00famero elevado de casos e uma necessidade maior de leitos de UTI. Com uma nova variante mais transmiss\u00edvel temos mais pessoas que precisam de hospitaliza\u00e7\u00e3o e mais pessoas v\u00e3o a \u00f3bito. Essa variante tamb\u00e9m acomete jovens, ent\u00e3o aquela hist\u00f3ria, de antes, de que somente os idosos iriam precisar de leitos de UTI n\u00e3o \u00e9 mais verdade. Hoje em dia, a maioria das pessoas que est\u00e3o internadas s\u00e3o de jovens, principalmente por conta da P1, porque ela tem uma carga viral mais elevada\u201d, afirma J\u00falio Croda.<\/p>\n<figure id=\"attachment_349191\" class=\"wp-caption alignnone\" style=\"box-sizing: border-box; max-width: 96%; height: auto; margin: 5px 20px 20px 0px; background-image: initial; background-position: initial; background-size: initial; background-repeat: initial; background-attachment: initial; background-origin: initial; background-clip: initial; border: 1px solid #f0f0f0; padding: 15px 3px 10px; text-align: center; color: #212529; font-family: 'Open Sans', sans-serif; width: 1280px;\"><a style=\"box-sizing: border-box; color: #444444; text-decoration-line: none; background-color: transparent;\" href=\"http:\/\/www.ms.gov.br\/wp-content\/uploads\/sites\/150\/2021\/04\/WhatsApp-Image-2021-04-15-at-17.37.11-3.jpeg\"><img loading=\"lazy\" decoding=\"async\" class=\"wp-image-349191 size-full\" style=\"box-sizing: border-box; vertical-align: middle; border-width: 0px; max-width: 98.5%; margin: 0px; padding: 0px; width: auto;\" src=\"http:\/\/www.ms.gov.br\/wp-content\/uploads\/sites\/150\/2021\/04\/WhatsApp-Image-2021-04-15-at-17.37.11-3.jpeg\" sizes=\"auto, (max-width: 1280px) 100vw, 1280px\" srcset=\"http:\/\/www.ms.gov.br\/wp-content\/uploads\/sites\/150\/2021\/04\/WhatsApp-Image-2021-04-15-at-17.37.11-3.jpeg 1280w, http:\/\/www.ms.gov.br\/wp-content\/uploads\/sites\/150\/2021\/04\/WhatsApp-Image-2021-04-15-at-17.37.11-3-300x135.jpeg 300w, http:\/\/www.ms.gov.br\/wp-content\/uploads\/sites\/150\/2021\/04\/WhatsApp-Image-2021-04-15-at-17.37.11-3-768x346.jpeg 768w, http:\/\/www.ms.gov.br\/wp-content\/uploads\/sites\/150\/2021\/04\/WhatsApp-Image-2021-04-15-at-17.37.11-3-1024x461.jpeg 1024w, http:\/\/www.ms.gov.br\/wp-content\/uploads\/sites\/150\/2021\/04\/WhatsApp-Image-2021-04-15-at-17.37.11-3-350x158.jpeg 350w\" alt=\"\" width=\"1280\" height=\"576\" \/><\/a><figcaption class=\"wp-caption-text\" style=\"box-sizing: border-box;\">reunidos, especialistas avaliam comportamento do v\u00edrus e variantes em MS (Foto: Aquirvo SES)<\/figcaption><\/figure>\n<p style=\"box-sizing: border-box; margin-top: 0px; margin-bottom: 2em; font-size: 16px; line-height: 1.8em; text-align: justify; color: #212529; font-family: 'Open Sans', sans-serif;\">A variante, segundo os pesquisadores, foi identificada em fevereiro deste ano. Com um m\u00eas de circula\u00e7\u00e3o, no entanto, \u00e9 a mais presente nas an\u00e1lises do v\u00edrus. A descoberta foi poss\u00edvel por meio de um trabalho que realizou o sequenciamento gen\u00e9tico do coronav\u00edrus, a partir de amostras cl\u00ednicas por meio de swab nasofaringeano.<\/p>\n<p style=\"box-sizing: border-box; margin-top: 0px; margin-bottom: 2em; font-size: 16px; line-height: 1.8em; text-align: justify; color: #212529; font-family: 'Open Sans', sans-serif;\">O trabalho, denominado \u201cmapeamento gen\u00f4mico de Mato Grosso do Sul\u201d teve como objetivo conhecer as variantes que mais circulam no Estado e, com isso, subsidiar as autoridades sanit\u00e1rias na ado\u00e7\u00e3o de pr\u00e1ticas e a\u00e7\u00f5es de combate \u00e0 Covid-19. \u201cTivemos em nosso Estado a presen\u00e7a de muitas variantes, mas no \u00faltimo m\u00eas de mar\u00e7o foi muito grande a dissemina\u00e7\u00e3o da P1\u201d, salienta a pesquisadora Ana Rita Coimbra.<\/p>\n<p style=\"box-sizing: border-box; margin-top: 0px; margin-bottom: 2em; font-size: 16px; line-height: 1.8em; text-align: justify; color: #212529; font-family: 'Open Sans', sans-serif;\"><span style=\"box-sizing: border-box; font-weight: bolder;\">Conquista<\/span><\/p>\n<p style=\"box-sizing: border-box; margin-top: 0px; margin-bottom: 2em; font-size: 16px; line-height: 1.8em; text-align: justify; color: #212529; font-family: 'Open Sans', sans-serif;\">A realiza\u00e7\u00e3o do trabalho de sequenciamento gen\u00e9tico das amostras de coronav\u00edrus somente foi poss\u00edvel ap\u00f3s a aquisi\u00e7\u00e3o, pela UFMS, de um sequenciador de nova gera\u00e7\u00e3o, que disponibiliza uma das mais modernas tecnologias na \u00e1rea, e que trouxe autonomia para Mato Grosso do Sul, que agora n\u00e3o precisa mais enviar amostras para outros Estados. O Laborat\u00f3rio Central de Mato Grosso do Sul (Lacen-MS) contribuiu com a disponibiliza\u00e7\u00e3o de insumos para a pequisa.<\/p>\n<p style=\"box-sizing: border-box; margin-top: 0px; margin-bottom: 2em; font-size: 16px; line-height: 1.8em; text-align: justify; color: #212529; font-family: 'Open Sans', sans-serif;\">Segundo a secret\u00e1ria-adjunta estadual de Sa\u00fade Christine Maymone, a aquisi\u00e7\u00e3o da tecnologia em Mato Grosso do Sul \u00e9 uma conquista que vai possibilitar ao governo do Estado, por meio da SES \u201ctomar as melhores decis\u00f5es poss\u00edveis, com embasamento na ci\u00eancia. O sequenciamento gen\u00f4mico \u00e9 uma quest\u00e3o muito importante e daqui para frente vai fazer parte da nossa rotina\u201d.<\/p>\n<p style=\"box-sizing: border-box; margin-top: 0px; margin-bottom: 2em; font-size: 16px; line-height: 1.8em; text-align: justify; color: #212529; font-family: 'Open Sans', sans-serif;\">O secret\u00e1rio estadual Geraldo Resende fez um agradecimento a toda a equipe da SES, aos pesquisadores da UFM, \u00e0 equipe do Lacen-MS e ao governador Reinaldo Azambuja \u201cque nos possibilitou os conv\u00eanios com todas as institui\u00e7\u00f5es que apresentam, \u00e0 luz da ci\u00eancia, caminhos para enfrentarmos o coronav\u00edrus\u201d.<\/p>\n<p style=\"box-sizing: border-box; margin-top: 0px; margin-bottom: 2em; font-size: 16px; line-height: 1.8em; text-align: justify; color: #212529; font-family: 'Open Sans', sans-serif;\">Participaram da entrega do estudo ao secret\u00e1rio Geraldo Resende os pesquisadores J\u00falio Croda, Ana Rita Coimbra e James Venturini; a secret\u00e1ria-adjunta da SES Christine Maymone. o diretor do Lacen-MS, Luiz Henrique Ferraz Demarchi; o assessor t\u00e9cnico do Corpo de Bombeiros Militar na SES,\u00a0coronel\u00a0Marcello\u00a0Fraiha; e a superintendente de Vigil\u00e2ncia em Sa\u00fade,\u00a0 da SES, Larissa Castilho.<\/p>\n","protected":false},"excerpt":{"rendered":"<p>A variante do coronav\u00edrus denominada P1, que surgiu inicialmente em Manaus, j\u00e1 \u00e9 predominante em&#8230;<\/p>\n","protected":false},"author":13,"featured_media":11714217,"comment_status":"closed","ping_status":"closed","sticky":false,"template":"","format":"standard","meta":{"footnotes":""},"categories":[116,8,21],"tags":[],"class_list":["post-11714216","post","type-post","status-publish","format-standard","has-post-thumbnail","hentry","category-coronavirus","category-destaque","category-saude"],"_links":{"self":[{"href":"https:\/\/www.corumbaonline.com.br\/news\/wp-json\/wp\/v2\/posts\/11714216","targetHints":{"allow":["GET"]}}],"collection":[{"href":"https:\/\/www.corumbaonline.com.br\/news\/wp-json\/wp\/v2\/posts"}],"about":[{"href":"https:\/\/www.corumbaonline.com.br\/news\/wp-json\/wp\/v2\/types\/post"}],"author":[{"embeddable":true,"href":"https:\/\/www.corumbaonline.com.br\/news\/wp-json\/wp\/v2\/users\/13"}],"replies":[{"embeddable":true,"href":"https:\/\/www.corumbaonline.com.br\/news\/wp-json\/wp\/v2\/comments?post=11714216"}],"version-history":[{"count":1,"href":"https:\/\/www.corumbaonline.com.br\/news\/wp-json\/wp\/v2\/posts\/11714216\/revisions"}],"predecessor-version":[{"id":11714218,"href":"https:\/\/www.corumbaonline.com.br\/news\/wp-json\/wp\/v2\/posts\/11714216\/revisions\/11714218"}],"wp:featuredmedia":[{"embeddable":true,"href":"https:\/\/www.corumbaonline.com.br\/news\/wp-json\/wp\/v2\/media\/11714217"}],"wp:attachment":[{"href":"https:\/\/www.corumbaonline.com.br\/news\/wp-json\/wp\/v2\/media?parent=11714216"}],"wp:term":[{"taxonomy":"category","embeddable":true,"href":"https:\/\/www.corumbaonline.com.br\/news\/wp-json\/wp\/v2\/categories?post=11714216"},{"taxonomy":"post_tag","embeddable":true,"href":"https:\/\/www.corumbaonline.com.br\/news\/wp-json\/wp\/v2\/tags?post=11714216"}],"curies":[{"name":"wp","href":"https:\/\/api.w.org\/{rel}","templated":true}]}}