{"id":11714221,"date":"2021-04-17T08:14:00","date_gmt":"2021-04-17T12:14:00","guid":{"rendered":"http:\/\/www.corumbaonline.com.br\/news\/?p=11714221"},"modified":"2021-04-17T08:38:33","modified_gmt":"2021-04-17T12:38:33","slug":"com-mais-um-drive-thru-na-praca-ceu-prefeitura-retoma-vacinacao-contra-a-covid-19","status":"publish","type":"post","link":"https:\/\/www.corumbaonline.com.br\/news\/com-mais-um-drive-thru-na-praca-ceu-prefeitura-retoma-vacinacao-contra-a-covid-19\/","title":{"rendered":"Com mais um drive thru na Pra\u00e7a CEU, Prefeitura retoma vacina\u00e7\u00e3o contra a Covid-19"},"content":{"rendered":"<p>A Prefeitura de Corumb\u00e1, por meio da Secretaria Municipal de Sa\u00fade, reinicia neste s\u00e1bado, 17 de abril, a imuniza\u00e7\u00e3o contra a Covid-19. A novidade \u00e9 que al\u00e9m do drive thru do Poliesportivo Luc\u00edlio de Medeiros, outro ponto ser\u00e1 montado na Pra\u00e7a CEU, no bairro Jardim dos Estados. Com a amplia\u00e7\u00e3o, o objetivo do prefeito Marcelo Iunes \u00e9 facilitar o acesso aos moradores da Parte Alta da cidade.<\/p>\n<p>No Poliesportivo e no CEU, a vacina estar\u00e1 dispon\u00edvel das 7h30 \u00e0s 16 horas. Neste s\u00e1bado, 17, ser\u00e3o imunizados idosos acima de 62 anos e a segunda dose da CoronaVac e da AstraZeneca, conforme agendamento no Cart\u00e3o de Vacina. J\u00e1 no domingo, dia 18, tamb\u00e9m das 7h30 \u00e0s 16 horas, ser\u00e3o vacinadas pessoas com idade acima de 61 anos, al\u00e9m da segunda dose da CoronaVac e AstraZeneca.<\/p>\n<p>Na \u00e1rea rural, a Prefeitura de Corumb\u00e1 atender\u00e1 neste domingo, dia 18, os moradores da regi\u00e3o do Taquari, a partir das 8h30, na rec\u00e9m-inaugurada Escola Municipal Rural Sebasti\u00e3o Rolon. No Alto Pantanal, a equipe da Secretaria Municipal de Sa\u00fade segue o cronograma iniciado nesta sexta-feira.<\/p>\n<p>No s\u00e1bado ser\u00e3o atendidos os ribeirinhos do Porto Santa Catarina, Paraguai Mirim e do S\u00e3o Francisco.\u00a0 Em seguida, no domingo, ser\u00e3o assistidas as fam\u00edlias da Serra do Amolar, do Aterro do Binega e da Barra do S\u00e3o Louren\u00e7o. No dia 19, segunda-feira, \u00e9 a vez dos moradores do Rio S\u00e3o Louren\u00e7o receberem a primeira dose da Coronavac. No dia 20, quando o barco estiver retornando para a cidade, ser\u00e3o vacinados os habitantes do Tuiui\u00fa e Itajiloma.<\/p>\n<p><strong>Cadastro e solidariedade<\/strong><\/p>\n<p>Corumb\u00e1 faz parte do programa Vacina\u00e7\u00e3o Solid\u00e1ria. Nos drives h\u00e1 um ponto de coleta de alimentos n\u00e3o perec\u00edveis, que ser\u00e3o doados \u00e0s fam\u00edlias em situa\u00e7\u00e3o de vulnerabilidade social atendidas pela Secretaria de Assist\u00eancia Social e Cidadania.<\/p>\n<p>Para receber a primeira dose \u00e9 necess\u00e1rio realizar cadastro no site http:\/\/vacina.corumba.ms.gov.br\/coronavirus\/. Al\u00e9m do drive thru, no local tamb\u00e9m haver\u00e1 ponto fixo de vacina\u00e7\u00e3o.<\/p>\n<p>A Prefeitura reitera que o munic\u00edpio est\u00e1 seguindo o Plano Nacional de Vacina\u00e7\u00e3o, e que a imuniza\u00e7\u00e3o dos grupos priorit\u00e1rios est\u00e1 ocorrendo de forma gradativa, assim que o munic\u00edpio receber novas doses ser\u00e1 aberto para novas idades e demais comorbidades. Informa\u00e7\u00f5es no N\u00facleo de Imuniza\u00e7\u00e3o pelo telefone 3907-5425.<\/p>\n","protected":false},"excerpt":{"rendered":"<p>A Prefeitura de Corumb\u00e1, por meio da Secretaria Municipal de Sa\u00fade, reinicia neste s\u00e1bado, 17&#8230;<\/p>\n","protected":false},"author":70,"featured_media":11714094,"comment_status":"closed","ping_status":"closed","sticky":false,"template":"","format":"standard","meta":{"footnotes":""},"categories":[116,8,21],"tags":[],"class_list":["post-11714221","post","type-post","status-publish","format-standard","has-post-thumbnail","hentry","category-coronavirus","category-destaque","category-saude"],"_links":{"self":[{"href":"https:\/\/www.corumbaonline.com.br\/news\/wp-json\/wp\/v2\/posts\/11714221","targetHints":{"allow":["GET"]}}],"collection":[{"href":"https:\/\/www.corumbaonline.com.br\/news\/wp-json\/wp\/v2\/posts"}],"about":[{"href":"https:\/\/www.corumbaonline.com.br\/news\/wp-json\/wp\/v2\/types\/post"}],"author":[{"embeddable":true,"href":"https:\/\/www.corumbaonline.com.br\/news\/wp-json\/wp\/v2\/users\/70"}],"replies":[{"embeddable":true,"href":"https:\/\/www.corumbaonline.com.br\/news\/wp-json\/wp\/v2\/comments?post=11714221"}],"version-history":[{"count":1,"href":"https:\/\/www.corumbaonline.com.br\/news\/wp-json\/wp\/v2\/posts\/11714221\/revisions"}],"predecessor-version":[{"id":11714222,"href":"https:\/\/www.corumbaonline.com.br\/news\/wp-json\/wp\/v2\/posts\/11714221\/revisions\/11714222"}],"wp:featuredmedia":[{"embeddable":true,"href":"https:\/\/www.corumbaonline.com.br\/news\/wp-json\/wp\/v2\/media\/11714094"}],"wp:attachment":[{"href":"https:\/\/www.corumbaonline.com.br\/news\/wp-json\/wp\/v2\/media?parent=11714221"}],"wp:term":[{"taxonomy":"category","embeddable":true,"href":"https:\/\/www.corumbaonline.com.br\/news\/wp-json\/wp\/v2\/categories?post=11714221"},{"taxonomy":"post_tag","embeddable":true,"href":"https:\/\/www.corumbaonline.com.br\/news\/wp-json\/wp\/v2\/tags?post=11714221"}],"curies":[{"name":"wp","href":"https:\/\/api.w.org\/{rel}","templated":true}]}}