{"id":11714226,"date":"2021-04-17T08:42:00","date_gmt":"2021-04-17T12:42:00","guid":{"rendered":"http:\/\/www.corumbaonline.com.br\/news\/?p=11714226"},"modified":"2021-04-17T09:03:02","modified_gmt":"2021-04-17T13:03:02","slug":"projeto-de-lei-obriga-simbolo-do-tea-em-placas-de-atendimento-prioritario","status":"publish","type":"post","link":"https:\/\/www.corumbaonline.com.br\/news\/projeto-de-lei-obriga-simbolo-do-tea-em-placas-de-atendimento-prioritario\/","title":{"rendered":"Projeto de Lei obriga s\u00edmbolo do TEA em placas de atendimento priorit\u00e1rio"},"content":{"rendered":"<p>Est\u00e1 em tramita\u00e7\u00e3o na C\u00e2mara Municipal de Corumb\u00e1, um Projeto de Lei que obriga a inser\u00e7\u00e3o do s\u00edmbolo do Transtorno do Espectro Autista (TEA) nas placas de atendimento priorit\u00e1rio dentro do Munic\u00edpio de Corumb\u00e1, para que, no seu dia a dia, a pessoa com autismo tenha totalmente garantido o seu direito de prioridade j\u00e1 definido em lei federal.<\/p>\n<p>A proposta foi apresentada pela vereadora Raquel Bryk como forma de permitir maior acessibilidade e inclus\u00e3o de pessoas com Espectro Autista, garantindo que, no seu dia a dia, estas pessoas tenham seus direitos de prioridade j\u00e1 definido pela Lei Federal 12.764 (Lei Berenice Piana), de 27 de dezembro de 2012.<\/p>\n<p>Pelo Projeto de Lei, espa\u00e7os de cultura, esporte e lazer, estabelecimentos p\u00fablico e privados como supermercados, bancos, farm\u00e1cias, bares, restaurantes, lojas em geral e similares, reparti\u00e7\u00f5es p\u00fablicas, entre outros espa\u00e7os acess\u00edveis a frequentadores com Transtorno do Espectro Autista, dever\u00e3o incluir o s\u00edmbolo mundial da conscientiza\u00e7\u00e3o do TEA em todas as placas de sinaliza\u00e7\u00e3o de prioridade.<\/p>\n<p>Prev\u00ea inclusive penalidades a estabelecimentos que descumprirem a legisla\u00e7\u00e3o como advert\u00eancia, suspens\u00e3o do Alvar\u00e1 de Licenciamento, multas, entre outras. Prev\u00ea ainda um prazo de seis meses a partir da regulamenta\u00e7\u00e3o da lei, se aprovada e sancionada, para adapta\u00e7\u00e3o \u00e0s exig\u00eancias, e a fiscaliza\u00e7\u00e3o estar\u00e1 \u00e0 cargo do Poder Executivo.<\/p>\n<p>Os recursos arrecadados com a aplica\u00e7\u00e3o das penalidades pelo descumprimento da Lei ser\u00e3o revertidos para a confec\u00e7\u00e3o de material informativo e educativo, visando reduzir a discrimina\u00e7\u00e3o e o preconceito que cercam as pessoas afetadas por Autismo, bem como, caso haja necessidade, na expedi\u00e7\u00e3o da Carteira de Identifica\u00e7\u00e3o da Pessoa com Transtorno do Espectro Autista (Ciptea) regulamentada pela Lei Ordin\u00e1ria Municipal n\u00ba 2740\/2020 de 29 de Setembro de 2020 (Lei Ana Luiza Ribeiro).<\/p>\n","protected":false},"excerpt":{"rendered":"<p>Est\u00e1 em tramita\u00e7\u00e3o na C\u00e2mara Municipal de Corumb\u00e1, um Projeto de Lei que obriga a&#8230;<\/p>\n","protected":false},"author":63,"featured_media":0,"comment_status":"closed","ping_status":"closed","sticky":false,"template":"","format":"standard","meta":{"footnotes":""},"categories":[19,21],"tags":[],"class_list":["post-11714226","post","type-post","status-publish","format-standard","hentry","category-politica","category-saude"],"_links":{"self":[{"href":"https:\/\/www.corumbaonline.com.br\/news\/wp-json\/wp\/v2\/posts\/11714226","targetHints":{"allow":["GET"]}}],"collection":[{"href":"https:\/\/www.corumbaonline.com.br\/news\/wp-json\/wp\/v2\/posts"}],"about":[{"href":"https:\/\/www.corumbaonline.com.br\/news\/wp-json\/wp\/v2\/types\/post"}],"author":[{"embeddable":true,"href":"https:\/\/www.corumbaonline.com.br\/news\/wp-json\/wp\/v2\/users\/63"}],"replies":[{"embeddable":true,"href":"https:\/\/www.corumbaonline.com.br\/news\/wp-json\/wp\/v2\/comments?post=11714226"}],"version-history":[{"count":1,"href":"https:\/\/www.corumbaonline.com.br\/news\/wp-json\/wp\/v2\/posts\/11714226\/revisions"}],"predecessor-version":[{"id":11714227,"href":"https:\/\/www.corumbaonline.com.br\/news\/wp-json\/wp\/v2\/posts\/11714226\/revisions\/11714227"}],"wp:attachment":[{"href":"https:\/\/www.corumbaonline.com.br\/news\/wp-json\/wp\/v2\/media?parent=11714226"}],"wp:term":[{"taxonomy":"category","embeddable":true,"href":"https:\/\/www.corumbaonline.com.br\/news\/wp-json\/wp\/v2\/categories?post=11714226"},{"taxonomy":"post_tag","embeddable":true,"href":"https:\/\/www.corumbaonline.com.br\/news\/wp-json\/wp\/v2\/tags?post=11714226"}],"curies":[{"name":"wp","href":"https:\/\/api.w.org\/{rel}","templated":true}]}}