{"id":11714360,"date":"2021-04-22T08:16:00","date_gmt":"2021-04-22T12:16:00","guid":{"rendered":"http:\/\/www.corumbaonline.com.br\/news\/?p=11714360"},"modified":"2021-04-22T07:43:01","modified_gmt":"2021-04-22T11:43:01","slug":"alms-deputados-devem-votar-hoje-pec-que-altera-o-rateio-do-icms-aos-municipios","status":"publish","type":"post","link":"https:\/\/www.corumbaonline.com.br\/news\/alms-deputados-devem-votar-hoje-pec-que-altera-o-rateio-do-icms-aos-municipios\/","title":{"rendered":"ALMS: deputados devem votar hoje PEC que altera o rateio do ICMS aos munic\u00edpios"},"content":{"rendered":"<p>Na sess\u00e3o desta quinta-feira (22) da Assembleia Legislativa de Mato Grosso do Sul, os deputados devem votar, em segunda discuss\u00e3o, o\u00a0<a href=\"https:\/\/sgpl.consulta.al.ms.gov.br\/sgpl-publico\/#\/linha-tempo?idProposicao=101304\" target=\"_blank\" rel=\"noopener\">Projeto de Emenda Constitucional (PEC) 03\/2020<\/a>, que muda os crit\u00e9rios de distribui\u00e7\u00e3o de parcela da receita tribut\u00e1ria aos munic\u00edpios para estimular a melhoria na educa\u00e7\u00e3o. Al\u00e9m dessa proposta, outras quatro est\u00e3o pautadas para a Ordem do Dia. A sess\u00e3o tem in\u00edcio \u00e0s 9h e pode ser acompanhada pelos canais oficiais da Casa de Leis.<\/p>\n<p>De autoria do deputado Gerson Claro (PP) e coautoria de outros 13 parlamentares, a PEC 03\/2020 \u00a0altera a reda\u00e7\u00e3o do par\u00e1grafo \u00fanico do artigo 153 da Constitui\u00e7\u00e3o de Mato Grosso do Sul, que trata sobre as parcelas de receita do Imposto sobre Circula\u00e7\u00e3o de Mercadorias e Presta\u00e7\u00e3o de Servi\u00e7os (ICMS) pertencentes aos munic\u00edpios. A reda\u00e7\u00e3o proposta prev\u00ea, entre os crit\u00e9rios de repasse, a \u201cmelhoria nos resultados de aprendizagem e de aumento da equidade, considerado o n\u00edvel socioecon\u00f4mico dos educandos\u201d.<\/p>\n<p>Tamb\u00e9m est\u00e1 prevista para a sess\u00e3o de hoje a vota\u00e7\u00e3o da reda\u00e7\u00e3o final do\u00a0<a href=\"http:\/\/sgpl.consulta.al.ms.gov.br\/sgpl-publico\/#\/linha-tempo?idProposicao=112065\" target=\"_blank\" rel=\"noopener\">Projeto de Lei Complementar 01\/2021<\/a>, do Poder Executivo. Aprovada em segunda discuss\u00e3o no dia 15 deste m\u00eas, a proposta possibilita \u00e0s empresas, que n\u00e3o pagaram a contribui\u00e7\u00e3o a que se referem os artigos 27-A a 27-C da\u00a0<a href=\"http:\/\/aacpdappls.net.ms.gov.br\/appls\/legislacao\/secoge\/govato.nsf\/1b758e65922af3e904256b220050342a\/3a836f159c1b161904256c000058e57a?OpenDocument\" target=\"_blank\" rel=\"noopener\">Lei Complementar 93\/2001<\/a>, que regularizem o pagamento em condi\u00e7\u00f5es especiais, com at\u00e9 24 parcelas e redu\u00e7\u00e3o de multas e juros.<\/p>\n<p>Pautados para primeira discuss\u00e3o, h\u00e1 tr\u00eas projetos, sendo dois de parlamentares e um do Executivo. Entre as mat\u00e9rias, est\u00e1 o\u00a0<a href=\"http:\/\/sgpl.consulta.al.ms.gov.br\/sgpl-publico\/#\/linha-tempo?idProposicao=90214\" target=\"_blank\" rel=\"noopener\">Projeto de Lei 207\/2020<\/a>, de autoria do deputado Capit\u00e3o Contar (PSL), que obriga a coloca\u00e7\u00e3o, em obras p\u00fablicas, de placas com informa\u00e7\u00f5es sobre a contrato celebrado para execu\u00e7\u00e3o dos trabalhos. Outra proposta de autoria de parlamentar a ser votada hoje \u00e9 o\u00a0<a href=\"http:\/\/sgpl.consulta.al.ms.gov.br\/sgpl-publico\/#\/linha-tempo?idProposicao=112210\" target=\"_blank\" rel=\"noopener\">Projeto de Lei 19\/2021<\/a>, do deputado Jamilson Name (sem partido), que trata sobre a adequa\u00e7\u00e3o dos pr\u00e9dios p\u00fablicos pr\u00f3prios e alugados, ao efetivo acesso \u00e0s pessoas com mobilidade reduzida.<\/p>\n<p>Os deputados devem votar, ainda, em primeira discuss\u00e3o, o\u00a0<a href=\"http:\/\/sgpl.consulta.al.ms.gov.br\/sgpl-publico\/#\/linha-tempo?idProposicao=133391\" target=\"_blank\" rel=\"noopener\">Projeto de Lei 83\/2021<\/a>, do Poder Executivo. A proposta altera e revoga dispositivos da\u00a0<a href=\"http:\/\/aacpdappls.net.ms.gov.br\/appls\/legislacao\/secoge\/govato.nsf\/448b683bce4ca84704256c0b00651e9d\/8ff816bc6ca622d504257dbd00412234?OpenDocument\" target=\"_blank\" rel=\"noopener\">Lei Estadual 4.640\/2014<\/a>, estabelecendo uma reestrutura\u00e7\u00e3o administrativa no Estado. O objetivo, segundo o governo, \u00e9 \u201caprimorar as pol\u00edticas p\u00fablicas estaduais e de possibilitar uma melhor articula\u00e7\u00e3o pol\u00edtica\u201d nos \u00e2mbitos federal, estadual e municipal.<\/p>\n<p>As\u00a0sess\u00f5es plen\u00e1rias da ALEMS s\u00e3o realizadas \u00e0s ter\u00e7as, quartas e quintas-feiras. Iniciam-se \u00e0s 9h e s\u00e3o transmitidas\u00a0ao vivo pelo canal 9 da Claro\u00a0Net TV,\u00a0<a href=\"https:\/\/al.ms.gov.br\/TvAssembleia\" target=\"_blank\" rel=\"noopener\">TV ALEMS<\/a>,\u00a0<a href=\"https:\/\/www.youtube.com\/c\/assembleialegislativadems\" target=\"_blank\" rel=\"noopener\">Youtube<\/a>,\u00a0<a href=\"https:\/\/www.facebook.com\/assembleiams\" target=\"_blank\" rel=\"noopener\">Facebook<\/a>,\u00a0<a href=\"https:\/\/al.ms.gov.br\/RadioAssembleia\/Audios?idMenu=601\" target=\"_blank\" rel=\"noopener\">R\u00e1dio ALEMS<\/a>\u00a0e aplicativo Assembleia MS (<a href=\"https:\/\/play.google.com\/store\/apps\/details?id=br.com.app.gpu1553513.gpu40f07c507865e03ef66422c7404ba120&amp;hl=pt_BR\" target=\"_blank\" rel=\"noopener\">Android<\/a>\/<a href=\"https:\/\/apps.apple.com\/br\/app\/assembleia-legislativa-do-ms\/id1185708415\" target=\"_blank\" rel=\"noopener\">iOS<\/a>).<\/p>\n","protected":false},"excerpt":{"rendered":"<p>Na sess\u00e3o desta quinta-feira (22) da Assembleia Legislativa de Mato Grosso do Sul, os deputados&#8230;<\/p>\n","protected":false},"author":12,"featured_media":0,"comment_status":"closed","ping_status":"closed","sticky":false,"template":"","format":"standard","meta":{"footnotes":""},"categories":[9,19],"tags":[],"class_list":["post-11714360","post","type-post","status-publish","format-standard","hentry","category-economia","category-politica"],"_links":{"self":[{"href":"https:\/\/www.corumbaonline.com.br\/news\/wp-json\/wp\/v2\/posts\/11714360","targetHints":{"allow":["GET"]}}],"collection":[{"href":"https:\/\/www.corumbaonline.com.br\/news\/wp-json\/wp\/v2\/posts"}],"about":[{"href":"https:\/\/www.corumbaonline.com.br\/news\/wp-json\/wp\/v2\/types\/post"}],"author":[{"embeddable":true,"href":"https:\/\/www.corumbaonline.com.br\/news\/wp-json\/wp\/v2\/users\/12"}],"replies":[{"embeddable":true,"href":"https:\/\/www.corumbaonline.com.br\/news\/wp-json\/wp\/v2\/comments?post=11714360"}],"version-history":[{"count":1,"href":"https:\/\/www.corumbaonline.com.br\/news\/wp-json\/wp\/v2\/posts\/11714360\/revisions"}],"predecessor-version":[{"id":11714361,"href":"https:\/\/www.corumbaonline.com.br\/news\/wp-json\/wp\/v2\/posts\/11714360\/revisions\/11714361"}],"wp:attachment":[{"href":"https:\/\/www.corumbaonline.com.br\/news\/wp-json\/wp\/v2\/media?parent=11714360"}],"wp:term":[{"taxonomy":"category","embeddable":true,"href":"https:\/\/www.corumbaonline.com.br\/news\/wp-json\/wp\/v2\/categories?post=11714360"},{"taxonomy":"post_tag","embeddable":true,"href":"https:\/\/www.corumbaonline.com.br\/news\/wp-json\/wp\/v2\/tags?post=11714360"}],"curies":[{"name":"wp","href":"https:\/\/api.w.org\/{rel}","templated":true}]}}