{"id":11714378,"date":"2021-04-22T09:32:00","date_gmt":"2021-04-22T13:32:00","guid":{"rendered":"http:\/\/www.corumbaonline.com.br\/news\/?p=11714378"},"modified":"2021-04-22T10:42:10","modified_gmt":"2021-04-22T14:42:10","slug":"pavimentacao-da-rua-sao-paulo-e-reivindicada-durante-sessao-da-camara","status":"publish","type":"post","link":"https:\/\/www.corumbaonline.com.br\/news\/pavimentacao-da-rua-sao-paulo-e-reivindicada-durante-sessao-da-camara\/","title":{"rendered":"Pavimenta\u00e7\u00e3o da Rua S\u00e3o Paulo \u00e9 reivindicada durante sess\u00e3o da C\u00e2mara"},"content":{"rendered":"<p><a href=\"https:\/\/www.corumbaonline.com.br\/news\/wp-content\/uploads\/2021\/04\/foto115688.jpg\"><img loading=\"lazy\" decoding=\"async\" class=\"alignleft size-medium wp-image-11714379\" src=\"https:\/\/www.corumbaonline.com.br\/news\/wp-content\/uploads\/2021\/04\/foto115688-300x200.jpg\" alt=\"\" width=\"300\" height=\"200\" srcset=\"https:\/\/www.corumbaonline.com.br\/news\/wp-content\/uploads\/2021\/04\/foto115688-300x200.jpg 300w, https:\/\/www.corumbaonline.com.br\/news\/wp-content\/uploads\/2021\/04\/foto115688.jpg 441w\" sizes=\"auto, (max-width: 300px) 100vw, 300px\" \/><\/a>O vereador Yussef Salla est\u00e1 solicitando \u00e0 Prefeitura, obras de drenagem e pavimenta\u00e7\u00e3o asf\u00e1ltica da Rua S\u00e3o Paulo, no Bairro Popular Nova, para melhorar a qualidade de vida da comunidade local, al\u00e9m de valorizar a regi\u00e3o.<\/p>\n<p>O pedido foi feito por meio de requerimento apresentado durante sess\u00e3o do Poder Legislativo e direcionado ao secret\u00e1rio de Infraestrutura e Servi\u00e7os P\u00fablicos, Luiz Fernando Moreira.<\/p>\n<p>O trecho que necessita de pavimenta\u00e7\u00e3o, conforme Yussef, \u00e9 entre as ruas 21 de Setembro e Lu\u00eds Feitosa Rodrigues. \u201c\u00c9 uma obra importante que vai por um fim aos problemas enfrentados pelos moradores\u201d, disse. \u201cDurante a seca eles sofrem com a poeira, e com a lama em per\u00edodos de chuvas. Al\u00e9m disso, vai permitir melhores condi\u00e7\u00f5es de tr\u00e1fego, tanto de ve\u00edculos, como de pedestres\u201d, explicou.<\/p>\n<p>IMUNIZA\u00c7\u00c3O<\/p>\n<p>Em outro requerimento, o vereador pedetista sugeriu ao secret\u00e1rio de Sa\u00fade, Rog\u00e9rio dos Santos Leite, a inclus\u00e3o dos servidores do Centro de Atendimento ao Contribuinte (CAC), no grupo priorit\u00e1rio de vacina\u00e7\u00e3o contra a Covid-19, pelo fato de que, com a institui\u00e7\u00e3o do REFIS 2021, eles ter\u00e3o um contato direto com a popula\u00e7\u00e3o e precisam ficar imunes aos riscos de contamina\u00e7\u00e3o pelo coronav\u00edrus.<\/p>\n<p>FOR\u00c7A NACIONAL<\/p>\n<p>O vereador requereu ainda uma homenagem aos policiais integrantes da For\u00e7a Nacional em Corumb\u00e1, pelos relevantes servi\u00e7os prestados \u00e0 sociedade, com atua\u00e7\u00e3o na Opera\u00e7\u00e3o Fronteira Segura do Mato Grosso do Sul.<\/p>\n<p>V\u00e3o ser homenageados com Mo\u00e7\u00f5es de Congratula\u00e7\u00f5es a comandante da opera\u00e7\u00e3o 1\u00aa Tenente PMAP Ana Gabriela Serra Menda Silva; Subtenente PMMT Werner Cavalcante Jovino, subcomandante; 2\u00b0 Sargento PMCE Jo\u00e3o Barroso Ferreira, supervisor da Sub-Base de Corumb\u00e1; 2\u00b0 Sargento PMSP Gerson Estev\u00e3o.<\/p>\n<p>Outros homenageados ser\u00e3o o 3\u00b0 Sargento PMAM Jorge da Silva Santana; 3\u00b0 Sargento PMTO Weslyane Rodrigues da Silva; 3\u00b0 Sargento PMSP Victor Carlos de Souza; 3\u00b0 Sargento PMRS Celso Giovane de Freitas Lopes; cabo PMCE Francisco Woston Nascimento de Matos; cabo PMMG L\u00facio Marcos Oliveira Hort\u00eansio; cabo PMPA Odinaldo Neves Alves.<\/p>\n<p>Tamb\u00e9m receber\u00e3o Mo\u00e7\u00f5es o cabo PMAP F\u00e1bio Siqueira Nery; cabo PMAM Marcus Vinicius Chaves de Freitas; cabo PMSP Vanderlei Fernandes de Souza; cabo PMSP Paulo Aparecido da Silva; cabo PMSP Paulo Shiniti Miyanishi; cabo PMSP Aico da Silva Cerqueira; cabo PMSP Cassio Pedro Melchior; cabo PMPR Claudio Marcelo da Silva; cabo PMPB Edgar Fernando da Silva; soldado PMPB Severino Gon\u00e7alves de Souza Filho; soldado PMRS Leonardo Alves de Barros, e soldado PMTO Weslley da Silva Braga.<\/p>\n","protected":false},"excerpt":{"rendered":"<p>O vereador Yussef Salla est\u00e1 solicitando \u00e0 Prefeitura, obras de drenagem e pavimenta\u00e7\u00e3o asf\u00e1ltica da&#8230;<\/p>\n","protected":false},"author":63,"featured_media":0,"comment_status":"closed","ping_status":"closed","sticky":false,"template":"","format":"standard","meta":{"footnotes":""},"categories":[19],"tags":[],"class_list":["post-11714378","post","type-post","status-publish","format-standard","hentry","category-politica"],"_links":{"self":[{"href":"https:\/\/www.corumbaonline.com.br\/news\/wp-json\/wp\/v2\/posts\/11714378","targetHints":{"allow":["GET"]}}],"collection":[{"href":"https:\/\/www.corumbaonline.com.br\/news\/wp-json\/wp\/v2\/posts"}],"about":[{"href":"https:\/\/www.corumbaonline.com.br\/news\/wp-json\/wp\/v2\/types\/post"}],"author":[{"embeddable":true,"href":"https:\/\/www.corumbaonline.com.br\/news\/wp-json\/wp\/v2\/users\/63"}],"replies":[{"embeddable":true,"href":"https:\/\/www.corumbaonline.com.br\/news\/wp-json\/wp\/v2\/comments?post=11714378"}],"version-history":[{"count":1,"href":"https:\/\/www.corumbaonline.com.br\/news\/wp-json\/wp\/v2\/posts\/11714378\/revisions"}],"predecessor-version":[{"id":11714380,"href":"https:\/\/www.corumbaonline.com.br\/news\/wp-json\/wp\/v2\/posts\/11714378\/revisions\/11714380"}],"wp:attachment":[{"href":"https:\/\/www.corumbaonline.com.br\/news\/wp-json\/wp\/v2\/media?parent=11714378"}],"wp:term":[{"taxonomy":"category","embeddable":true,"href":"https:\/\/www.corumbaonline.com.br\/news\/wp-json\/wp\/v2\/categories?post=11714378"},{"taxonomy":"post_tag","embeddable":true,"href":"https:\/\/www.corumbaonline.com.br\/news\/wp-json\/wp\/v2\/tags?post=11714378"}],"curies":[{"name":"wp","href":"https:\/\/api.w.org\/{rel}","templated":true}]}}