{"id":11714386,"date":"2021-04-22T10:26:00","date_gmt":"2021-04-22T14:26:00","guid":{"rendered":"http:\/\/www.corumbaonline.com.br\/news\/?p=11714386"},"modified":"2021-04-22T10:49:50","modified_gmt":"2021-04-22T14:49:50","slug":"reforma-de-escolas-municipais-e-solicitada-por-vereador-durante-sessao-da-camara","status":"publish","type":"post","link":"https:\/\/www.corumbaonline.com.br\/news\/reforma-de-escolas-municipais-e-solicitada-por-vereador-durante-sessao-da-camara\/","title":{"rendered":"Reforma de escolas municipais \u00e9 solicitada por vereador durante sess\u00e3o da C\u00e2mara"},"content":{"rendered":"<figure id=\"attachment_11714387\" aria-describedby=\"caption-attachment-11714387\" style=\"width: 300px\" class=\"wp-caption alignright\"><a href=\"https:\/\/www.corumbaonline.com.br\/news\/wp-content\/uploads\/2021\/04\/foto115690.jpg\"><img loading=\"lazy\" decoding=\"async\" class=\"size-medium wp-image-11714387\" src=\"https:\/\/www.corumbaonline.com.br\/news\/wp-content\/uploads\/2021\/04\/foto115690-300x200.jpg\" alt=\"\" width=\"300\" height=\"200\" srcset=\"https:\/\/www.corumbaonline.com.br\/news\/wp-content\/uploads\/2021\/04\/foto115690-300x200.jpg 300w, https:\/\/www.corumbaonline.com.br\/news\/wp-content\/uploads\/2021\/04\/foto115690.jpg 441w\" sizes=\"auto, (max-width: 300px) 100vw, 300px\" \/><\/a><figcaption id=\"caption-attachment-11714387\" class=\"wp-caption-text\">Pedido partiu do vereador Allex Dellas (Foto: Ascom)<\/figcaption><\/figure>\n<p>A reforma de escolas municipais est\u00e1 sendo recomendada pelo vereador Allex Dellas, como forma de melhorar as estruturas f\u00edsicas dos pr\u00e9dios, visando bem atender os alunos corumbaenses quando retornarem \u00e0s aulas presenciais.<\/p>\n<p>O pedido foi feito durante sess\u00e3o ordin\u00e1ria da C\u00e2mara Municipal e endere\u00e7ada ao secret\u00e1rio de Planejamento e Projetos Estrat\u00e9gicos, Ricardo Campos Ametlla, no sentido de que sejam elaborados projetos visando a recupera\u00e7\u00e3o dos pr\u00e9dios escolares.<\/p>\n<p>PAVIMENTO<\/p>\n<p>Na mesma sess\u00e3o, Allex requereu junto ao secret\u00e1rio de Infraestrutura e Servi\u00e7os P\u00fablicos, Luiz Fernando Moreira, a recupera\u00e7\u00e3o do pavimento da Rua Arthur Mangabeira, entre as ruas 7 de Setembro e Major Gama, no centro da cidade, para atender pedidos dos moradores que reclamam das condi\u00e7\u00f5es de tr\u00e1fego do local.<\/p>\n<p>SA\u00daDE<\/p>\n<p>J\u00e1 ao secret\u00e1rio de Sa\u00fade, Rog\u00e9rio dos Santos Leite, o vereador est\u00e1 pleiteando a retomada do atendimento m\u00e9dico no posto de sa\u00fade da Agrovila II, para facilitar a vida do pequeno produtor rural do Assentamento Taquaral.<\/p>\n<p>Ele lembra que, desde a paraliza\u00e7\u00e3o dos servi\u00e7os, a comunidade da Agrovila passou ser atendida na unidade de sa\u00fade do Tamarineiro II, causando transtornos aos pequenos produtores rurais que reclamam das dificuldades para locomo\u00e7\u00e3o, em virtude da longa dist\u00e2ncia.<\/p>\n<p>\u201cIsso afeta diretamente os idosos e o atendimento poderia retornar ao Taquaral, seja na Escola Monte Azul ou na igreja existente nas imedia\u00e7\u00f5es\u201d, sugeriu.<\/p>\n","protected":false},"excerpt":{"rendered":"<p>A reforma de escolas municipais est\u00e1 sendo recomendada pelo vereador Allex Dellas, como forma de&#8230;<\/p>\n","protected":false},"author":63,"featured_media":0,"comment_status":"closed","ping_status":"closed","sticky":false,"template":"","format":"standard","meta":{"footnotes":""},"categories":[10,19],"tags":[],"class_list":["post-11714386","post","type-post","status-publish","format-standard","hentry","category-educacao","category-politica"],"_links":{"self":[{"href":"https:\/\/www.corumbaonline.com.br\/news\/wp-json\/wp\/v2\/posts\/11714386","targetHints":{"allow":["GET"]}}],"collection":[{"href":"https:\/\/www.corumbaonline.com.br\/news\/wp-json\/wp\/v2\/posts"}],"about":[{"href":"https:\/\/www.corumbaonline.com.br\/news\/wp-json\/wp\/v2\/types\/post"}],"author":[{"embeddable":true,"href":"https:\/\/www.corumbaonline.com.br\/news\/wp-json\/wp\/v2\/users\/63"}],"replies":[{"embeddable":true,"href":"https:\/\/www.corumbaonline.com.br\/news\/wp-json\/wp\/v2\/comments?post=11714386"}],"version-history":[{"count":1,"href":"https:\/\/www.corumbaonline.com.br\/news\/wp-json\/wp\/v2\/posts\/11714386\/revisions"}],"predecessor-version":[{"id":11714388,"href":"https:\/\/www.corumbaonline.com.br\/news\/wp-json\/wp\/v2\/posts\/11714386\/revisions\/11714388"}],"wp:attachment":[{"href":"https:\/\/www.corumbaonline.com.br\/news\/wp-json\/wp\/v2\/media?parent=11714386"}],"wp:term":[{"taxonomy":"category","embeddable":true,"href":"https:\/\/www.corumbaonline.com.br\/news\/wp-json\/wp\/v2\/categories?post=11714386"},{"taxonomy":"post_tag","embeddable":true,"href":"https:\/\/www.corumbaonline.com.br\/news\/wp-json\/wp\/v2\/tags?post=11714386"}],"curies":[{"name":"wp","href":"https:\/\/api.w.org\/{rel}","templated":true}]}}