{"id":11714398,"date":"2021-04-22T11:30:00","date_gmt":"2021-04-22T15:30:00","guid":{"rendered":"http:\/\/www.corumbaonline.com.br\/news\/?p=11714398"},"modified":"2021-04-22T12:35:06","modified_gmt":"2021-04-22T16:35:06","slug":"divulgado-resultado-da-heteroidentificacao-para-vagas-na-graduacao","status":"publish","type":"post","link":"https:\/\/www.corumbaonline.com.br\/news\/divulgado-resultado-da-heteroidentificacao-para-vagas-na-graduacao\/","title":{"rendered":"Divulgado resultado da heteroidentifica\u00e7\u00e3o para vagas na gradua\u00e7\u00e3o"},"content":{"rendered":"<p>O Instituto Federal de Mato Grosso do Sul (IFMS) divulgou na ter\u00e7a-feira, 20, o\u00a0<a class=\"external-link\" title=\"resultado preliminar da heteroidentifica\u00e7\u00e3o\" href=\"http:\/\/selecao.ifms.edu.br\/edital\/files\/edital-no-018-2021-proen-ifms-ensino-superior-edital-018-7-2021-resultado-preliminar-verificacao-de-heteroidentificacao-candidatos-da-1a-chamada.pdf\" target=\"_blank\" rel=\"noopener\">resultado preliminar da heteroidentifica\u00e7\u00e3o<\/a>\u00a0para as vagas ofertadas nos cursos de gradua\u00e7\u00e3o por meio do Sistema de Sele\u00e7\u00e3o Unificada (Sisu).<\/p>\n<p>No documento, os candidatos est\u00e3o divididos entre \u201cdeferido\u201d, \u201cindeferido\u201d e \u201causente\u201d, para aqueles que n\u00e3o enviaram a documenta\u00e7\u00e3o necess\u00e1ria.<\/p>\n<p>A verifica\u00e7\u00e3o foi feita para candidatos cotistas convocados em primeira chamada para as vagas reservadas a pretos\/pardos e ind\u00edgenas, por meio dos documentos solicitados \u2013 autodeclara\u00e7\u00e3o e foto, para os primeiros; e documentos que comprovem o nascimento ind\u00edgena ou pertencimento a etnia, para os \u00faltimos.<\/p>\n<p>As comiss\u00f5es de verifica\u00e7\u00e3o foram realizadas pelos campi do IFMS, de acordo com as vagas ofertadas.<\/p>\n<p><strong>Recurso<\/strong>\u00a0\u2013 Os candidatos poder\u00e3o interpor recurso sobre o resultado preliminar da verifica\u00e7\u00e3o de heteroidentifica\u00e7\u00e3o at\u00e9 esta quinta-feira, 22. Para isso, \u00e9 necess\u00e1rio enviar mensagem para o e-mail\u00a0<a class=\"email-link\" title=\"selecao.graduacao@ifms.edu.br\" href=\"mailto:selecao.graduacao@ifms.edu.br?subject=E-mail\" target=\"_blank\" rel=\"noopener\">selecao.graduacao@ifms.edu.br<\/a>, com o t\u00edtulo \u201cRecurso verifica\u00e7\u00e3o heteroidentifica\u00e7\u00e3o\u201d.<\/p>\n<p>O texto\u00a0\u2013 que precisa trazer informa\u00e7\u00f5es como o nome completo do candidato e o seu e-mail\u00a0\u2013 dever\u00e1 ser fundamentado a partir de argumentos com precis\u00e3o l\u00f3gica, consist\u00eancia e concis\u00e3o, com material bibliogr\u00e1fico apto ao embasamento, quando for o caso, e com a indica\u00e7\u00e3o dos itens contestados.<\/p>\n<p>As normas para interposi\u00e7\u00e3o de recurso podem ser consultadas no edital de abertura do processo seletivo, publicado na\u00a0<a class=\"external-link\" title=\"Central de Sele\u00e7\u00e3o\" href=\"http:\/\/selecao.ifms.edu.br\/perfil\/estudantes\/processo-seletivo-para-ingresso-nos-cursos-de-graduacao-do-ifms-2021\" target=\"_blank\" rel=\"noopener\">Central de Sele\u00e7\u00e3o<\/a>. O resultado final da heteroidentifica\u00e7\u00e3o ser\u00e1 publicado na sexta-feira, 23.<\/p>\n<p><strong>Matr\u00edcula<\/strong>\u00a0\u2013 O prazo termina nesta sexta-feira, 23, para os convocados em primeira chamada, tanto para os candidatos da ampla concorr\u00eancia quanto para benefici\u00e1rios de a\u00e7\u00e3o afirmativa.<\/p>\n<p>O processo de matr\u00edcula \u00e9 totalmente online, sendo que a solicita\u00e7\u00e3o deve ser feita no\u00a0<a class=\"external-link\" title=\"Sistema de Matr\u00edculas do IFMS\" href=\"http:\/\/matricula.ifms.edu.br\/\" target=\"_blank\" rel=\"noopener\">Sistema de Matr\u00edculas do IFMS<\/a>.<\/p>\n<p>As instru\u00e7\u00f5es para solicita\u00e7\u00e3o de matr\u00edcula podem ser consultadas no\u00a0<a class=\"external-link\" title=\"edital n\u00b0 018.4\/2021\" href=\"http:\/\/selecao.ifms.edu.br\/edital\/files\/edital-no-018-2021-proen-ifms-ensino-superior-edital-018-4-2021-instrucoes-para-solicitacao-de-matricula-manifestacao-de-interesse-e-verificacao-de-heteroidentificacao.pdf\" target=\"_blank\" rel=\"noopener\">edital n\u00b0 018.4\/2021<\/a>, sendo\u00a0necess\u00e1rios os seguintes documentos digitalizados:<\/p>\n<ul>\n<li><a class=\"external-link\" title=\"requerimento de matr\u00edcula\" href=\"http:\/\/selecao.ifms.edu.br\/edital\/files\/edital-no-018-2021-proen-ifms-ensino-superior-requerimento-de-matricula.pdf\" target=\"_blank\" rel=\"noopener\">requerimento de matr\u00edcula\u00a0<\/a>preenchido e assinado pelo candidato, no qual dever\u00e1 constar, obrigatoriamente, o n\u00famero de seu CPF;<\/li>\n<li>carteira de Identidade (RG) ou outro documento oficial de identifica\u00e7\u00e3o com foto ;<\/li>\n<li>documento que comprove estar em dia com o Servi\u00e7o Militar, para os brasileiros entre 19 e 45 anos de idade completos ou a serem completados at\u00e9 31 de dezembro deste ano;<\/li>\n<li>uma foto 3&#215;4 recente;<\/li>\n<li>comprovante de preenchimento do\u00a0<a class=\"external-link\" title=\"Question\u00e1rio Socioecon\u00f4mico\" href=\"http:\/\/sistemas.ifms.edu.br\/questionario_socioeconomico\/\" target=\"_blank\" rel=\"noopener\">Question\u00e1rio Socioecon\u00f4mico<\/a>;<\/li>\n<li>certificado de conclus\u00e3o do ensino m\u00e9dio ou curso equivalente, ou certificado de conclus\u00e3o com base nas notas do Enem ou Encceja, para candidatos da ampla concorr\u00eancia;<\/li>\n<li>hist\u00f3rico escolar e certificado de conclus\u00e3o do ensino m\u00e9dio ou curso equivalente, ou certificado de conclus\u00e3o com base nas notas do Enem ou , para candidatos cotistas;<\/li>\n<li><a class=\"external-link\" title=\"documentos comprobat\u00f3rios, conforme Anexo I\" href=\"http:\/\/selecao.ifms.edu.br\/edital\/files\/edital-no-018-2021-proen-ifms-ensino-superior-anexo-i-procedimento-para-o-calculo-de-renda-familiar.pdf\" target=\"_blank\" rel=\"noopener\">documentos comprobat\u00f3rios, conforme Anexo I<\/a>, para benefici\u00e1rios de cota com renda menor ou igual a um sal\u00e1rio m\u00ednimo e meio\u00a0<em>per capita<\/em>;<\/li>\n<li>comprovante de endere\u00e7o, ou\u00a0<a class=\"external-link\" title=\"declara\u00e7\u00e3o de resid\u00eancia\" href=\"http:\/\/selecao.ifms.edu.br\/edital\/files\/edital-no-018-2021-proen-ifms-ensino-superior-anexo-iv-declaracao-de-residencia.pdf\" target=\"_blank\" rel=\"noopener\">declara\u00e7\u00e3o de resid\u00eancia<\/a>, para os benefici\u00e1rios da cota local \u2013 b\u00f4nus;<\/li>\n<li class=\"last-item\"><a class=\"external-link\" title=\"formul\u00e1rio para entrega de laudo m\u00e9dico\" href=\"http:\/\/selecao.ifms.edu.br\/edital\/files\/edital-no-018-2021-proen-ifms-ensino-superior-anexo-vi-formulario-para-entrega-de-laudo-medico.pdf\" target=\"_blank\" rel=\"noopener\">formul\u00e1rio para entrega de laudo m\u00e9dico<\/a>\u00a0para aqueles que optaram por concorrer \u00e0s vagas destinadas a pessoas com defici\u00eancia.<\/li>\n<\/ul>\n<p><strong>Lista de espera<\/strong>\u00a0\u2013 Os candidatos n\u00e3o convocados na primeira chamada podem se inscrever at\u00e9 esta sexta-feira, 23, para lista de espera na\u00a0<a class=\"external-link\" title=\"p\u00e1gina do Sisu\" href=\"https:\/\/sisu.mec.gov.br\/#\/\" target=\"_blank\" rel=\"noopener\">p\u00e1gina do Sisu<\/a>.<\/p>\n<p>No dia 28 de abril, ser\u00e1 divulgada, na Central de Sele\u00e7\u00e3o do IFMS, a segunda chamada para os cursos em que houver vaga dispon\u00edvel.<\/p>\n<p>A solicita\u00e7\u00e3o de matr\u00edcula e manifesta\u00e7\u00e3o de interesse nas vagas dever\u00e3o ser feitas entre os dias 29 de abril e 25 de maio. Ainda em maio, no dia 28, est\u00e1 prevista a publica\u00e7\u00e3o de um edital com as vagas remanescentes do Sisu.<\/p>\n<p>A previs\u00e3o \u00e9 que as aulas comecem no dia 4 de agosto.<\/p>\n<p><strong>Gradua\u00e7\u00e3o<\/strong>\u00a0\u2013\u00a0O IFMS ofertou mil vagas em 16 op\u00e7\u00f5es de cursos de gradua\u00e7\u00e3o &#8211; entre superiores de tecnologia, bacharelados e licenciaturas &#8211; nos campi Aquidauana, Campo Grande, Corumb\u00e1, Coxim, Dourados, Jardim, Navira\u00ed, Nova Andradina, Ponta Por\u00e3 e Tr\u00eas Lagoas.<\/p>\n<p>A sele\u00e7\u00e3o foi feita por meio da nota dos candidatos no \u00faltimo Exame Nacional do Ensino M\u00e9dio (Enem), na reda\u00e7\u00e3o e demais \u00e1reas do conhecimento.<\/p>\n","protected":false},"excerpt":{"rendered":"<p>O Instituto Federal de Mato Grosso do Sul (IFMS) divulgou na ter\u00e7a-feira, 20, o\u00a0resultado preliminar&#8230;<\/p>\n","protected":false},"author":9,"featured_media":0,"comment_status":"closed","ping_status":"closed","sticky":false,"template":"","format":"standard","meta":{"footnotes":""},"categories":[10],"tags":[],"class_list":["post-11714398","post","type-post","status-publish","format-standard","hentry","category-educacao"],"_links":{"self":[{"href":"https:\/\/www.corumbaonline.com.br\/news\/wp-json\/wp\/v2\/posts\/11714398","targetHints":{"allow":["GET"]}}],"collection":[{"href":"https:\/\/www.corumbaonline.com.br\/news\/wp-json\/wp\/v2\/posts"}],"about":[{"href":"https:\/\/www.corumbaonline.com.br\/news\/wp-json\/wp\/v2\/types\/post"}],"author":[{"embeddable":true,"href":"https:\/\/www.corumbaonline.com.br\/news\/wp-json\/wp\/v2\/users\/9"}],"replies":[{"embeddable":true,"href":"https:\/\/www.corumbaonline.com.br\/news\/wp-json\/wp\/v2\/comments?post=11714398"}],"version-history":[{"count":1,"href":"https:\/\/www.corumbaonline.com.br\/news\/wp-json\/wp\/v2\/posts\/11714398\/revisions"}],"predecessor-version":[{"id":11714399,"href":"https:\/\/www.corumbaonline.com.br\/news\/wp-json\/wp\/v2\/posts\/11714398\/revisions\/11714399"}],"wp:attachment":[{"href":"https:\/\/www.corumbaonline.com.br\/news\/wp-json\/wp\/v2\/media?parent=11714398"}],"wp:term":[{"taxonomy":"category","embeddable":true,"href":"https:\/\/www.corumbaonline.com.br\/news\/wp-json\/wp\/v2\/categories?post=11714398"},{"taxonomy":"post_tag","embeddable":true,"href":"https:\/\/www.corumbaonline.com.br\/news\/wp-json\/wp\/v2\/tags?post=11714398"}],"curies":[{"name":"wp","href":"https:\/\/api.w.org\/{rel}","templated":true}]}}