{"id":11714447,"date":"2021-04-23T11:16:00","date_gmt":"2021-04-23T15:16:00","guid":{"rendered":"http:\/\/www.corumbaonline.com.br\/news\/?p=11714447"},"modified":"2021-04-23T11:23:30","modified_gmt":"2021-04-23T15:23:30","slug":"prefeitura-inicia-levantamento-de-profissionais-da-educacao-para-vacinacao-contra-covid-19","status":"publish","type":"post","link":"https:\/\/www.corumbaonline.com.br\/news\/prefeitura-inicia-levantamento-de-profissionais-da-educacao-para-vacinacao-contra-covid-19\/","title":{"rendered":"Prefeitura inicia levantamento de profissionais da Educa\u00e7\u00e3o para vacina\u00e7\u00e3o contra Covid-19"},"content":{"rendered":"<p>A Prefeitura de Corumb\u00e1 inicia nesta segunda-feira, 26 de abril, o levantamento de todos os profissionais de educa\u00e7\u00e3o das redes Municipal, Estadual e Privada de ensino para posterior elabora\u00e7\u00e3o do plano de vacina\u00e7\u00e3o contra a Covid-19 para a categoria.<\/p>\n<p>\u201cN\u00f3s, juntamente com quase todos os prefeito de Mato Grosso do Sul, estamos pleiteando a antecipa\u00e7\u00e3o da imuniza\u00e7\u00e3o de todos os professores\u201d, afirmou o prefeito Marcelo Iunes durante reuni\u00e3o realizada nesta sexta-feira, 23, com representantes da UFMS, IFMS, Conselho Regional de Educa\u00e7\u00e3o do MS e de escolas particulares da cidade.<\/p>\n<p>\u201cEntendemos que os profissionais de Educa\u00e7\u00e3o devem ser prioridade nesse processo de imuniza\u00e7\u00e3o, pois apesar de todos os esfor\u00e7os que temos feito, os estudantes s\u00e3o, de uma forma ou outra, prejudicados pela pandemia\u201d, completou o prefeito, lembrando que a Prefeitura vai entregar dois kits com alimentos para todos os alunos da REME (Rede Municipal de Educa\u00e7\u00e3o) e tamb\u00e9m um Aux\u00edlio Emergencial para as fam\u00edlias mais carentes.<\/p>\n<p>\u201cO que estaremos fazendo a partir da segunda-feira, \u00e9 termos um levantamento preciso de quantos somos, quais idades, comorbidades, para depois encaminhar essa rela\u00e7\u00e3o para a Secretaria Municipal de Educa\u00e7\u00e3o, que dar\u00e1 prosseguimento ao trabalho\u201d, explicou o secret\u00e1rio municipal de Educa\u00e7\u00e3o, Genilson Canavarro de Abreu.<\/p>\n<p>Para otimizar o cadastro, cada gestor da unidade de ensino ser\u00e1 respons\u00e1vel pelas informa\u00e7\u00f5es sobre sua equipe. A Secretaria de Educa\u00e7\u00e3o vai disponibilizar um link com um formul\u00e1rio onde o gestor deve repassar as informa\u00e7\u00f5es at\u00e9 a pr\u00f3xima sexta-feira, dia 30 de abril. Esse formul\u00e1rio deve ser impresso, conferido, assinado e carimbado pelo diretor da institui\u00e7\u00e3o.<\/p>\n<p>Qualquer inconsist\u00eancia nas informa\u00e7\u00f5es prestadas s\u00e3o da inteira responsabilidade do gestor de cada unidade de ensino, sendo poss\u00edvel de penalidades, em caso de fraude. Maiores informa\u00e7\u00f5es podem ser obtidas pelo telefone 3234-3469 e pelo e-mail\u00a0<a role=\"link\" href=\"mailto:seed@corumba.ms.gov.br\">seed@corumba.ms.gov.br<\/a>.<\/p>\n<div id=\"gallery-1\" class=\"gallery galleryid-112057 gallery-columns-3 gallery-size-large\">\n<figure class=\"gallery-item\">\n<div class=\"gallery-icon landscape\"><a role=\"link\" href=\"https:\/\/www.corumba.ms.gov.br\/?attachment_id=112056\"><img loading=\"lazy\" decoding=\"async\" class=\"attachment-large size-large\" src=\"https:\/\/www.corumba.ms.gov.br\/wp-content\/uploads\/2021\/04\/Foto-Rene-Marcio-Carneiro-6-1-1024x683.jpg\" sizes=\"auto, (max-width: 1024px) 100vw, 1024px\" srcset=\"https:\/\/www.corumba.ms.gov.br\/wp-content\/uploads\/2021\/04\/Foto-Rene-Marcio-Carneiro-6-1-1024x683.jpg 1024w, https:\/\/www.corumba.ms.gov.br\/wp-content\/uploads\/2021\/04\/Foto-Rene-Marcio-Carneiro-6-1-300x200.jpg 300w, https:\/\/www.corumba.ms.gov.br\/wp-content\/uploads\/2021\/04\/Foto-Rene-Marcio-Carneiro-6-1-768x512.jpg 768w, https:\/\/www.corumba.ms.gov.br\/wp-content\/uploads\/2021\/04\/Foto-Rene-Marcio-Carneiro-6-1.jpg 1200w\" alt=\"\" width=\"1024\" height=\"683\" aria-describedby=\"gallery-1-112056\" \/><\/a><\/div><figcaption id=\"gallery-1-112056\" class=\"wp-caption-text gallery-caption\">Fotos: Ren\u00ea Marcio Carneiro<\/figcaption><\/figure>\n<figure class=\"gallery-item\">\n<div class=\"gallery-icon landscape\"><a role=\"link\" href=\"https:\/\/www.corumba.ms.gov.br\/?attachment_id=112054\"><img loading=\"lazy\" decoding=\"async\" class=\"attachment-large size-large\" src=\"https:\/\/www.corumba.ms.gov.br\/wp-content\/uploads\/2021\/04\/Foto-Rene-Marcio-Carneiro-4-1-1024x683.jpg\" sizes=\"auto, (max-width: 1024px) 100vw, 1024px\" srcset=\"https:\/\/www.corumba.ms.gov.br\/wp-content\/uploads\/2021\/04\/Foto-Rene-Marcio-Carneiro-4-1-1024x683.jpg 1024w, https:\/\/www.corumba.ms.gov.br\/wp-content\/uploads\/2021\/04\/Foto-Rene-Marcio-Carneiro-4-1-300x200.jpg 300w, https:\/\/www.corumba.ms.gov.br\/wp-content\/uploads\/2021\/04\/Foto-Rene-Marcio-Carneiro-4-1-768x512.jpg 768w, https:\/\/www.corumba.ms.gov.br\/wp-content\/uploads\/2021\/04\/Foto-Rene-Marcio-Carneiro-4-1.jpg 1200w\" alt=\"\" width=\"1024\" height=\"683\" aria-describedby=\"gallery-1-112054\" \/><\/a><\/div><figcaption id=\"gallery-1-112054\" class=\"wp-caption-text gallery-caption\">Fotos: Ren\u00ea Marcio Carneiro<\/figcaption><\/figure>\n<figure class=\"gallery-item\">\n<div class=\"gallery-icon landscape\"><a role=\"link\" href=\"https:\/\/www.corumba.ms.gov.br\/?attachment_id=112053\"><img loading=\"lazy\" decoding=\"async\" class=\"attachment-large size-large\" src=\"https:\/\/www.corumba.ms.gov.br\/wp-content\/uploads\/2021\/04\/Foto-Rene-Marcio-Carneiro-3-1-1024x683.jpg\" sizes=\"auto, (max-width: 1024px) 100vw, 1024px\" srcset=\"https:\/\/www.corumba.ms.gov.br\/wp-content\/uploads\/2021\/04\/Foto-Rene-Marcio-Carneiro-3-1-1024x683.jpg 1024w, https:\/\/www.corumba.ms.gov.br\/wp-content\/uploads\/2021\/04\/Foto-Rene-Marcio-Carneiro-3-1-300x200.jpg 300w, https:\/\/www.corumba.ms.gov.br\/wp-content\/uploads\/2021\/04\/Foto-Rene-Marcio-Carneiro-3-1-768x512.jpg 768w, https:\/\/www.corumba.ms.gov.br\/wp-content\/uploads\/2021\/04\/Foto-Rene-Marcio-Carneiro-3-1.jpg 1200w\" alt=\"\" width=\"1024\" height=\"683\" aria-describedby=\"gallery-1-112053\" \/><\/a><\/div><figcaption id=\"gallery-1-112053\" class=\"wp-caption-text gallery-caption\">Fotos: Ren\u00ea Marcio Carneiro<\/figcaption><\/figure>\n<figure class=\"gallery-item\">\n<div class=\"gallery-icon landscape\"><a role=\"link\" href=\"https:\/\/www.corumba.ms.gov.br\/?attachment_id=112052\"><img loading=\"lazy\" decoding=\"async\" class=\"attachment-large size-large\" src=\"https:\/\/www.corumba.ms.gov.br\/wp-content\/uploads\/2021\/04\/Foto-Rene-Marcio-Carneiro-2-1-1024x683.jpg\" sizes=\"auto, (max-width: 1024px) 100vw, 1024px\" srcset=\"https:\/\/www.corumba.ms.gov.br\/wp-content\/uploads\/2021\/04\/Foto-Rene-Marcio-Carneiro-2-1-1024x683.jpg 1024w, https:\/\/www.corumba.ms.gov.br\/wp-content\/uploads\/2021\/04\/Foto-Rene-Marcio-Carneiro-2-1-300x200.jpg 300w, https:\/\/www.corumba.ms.gov.br\/wp-content\/uploads\/2021\/04\/Foto-Rene-Marcio-Carneiro-2-1-768x512.jpg 768w, https:\/\/www.corumba.ms.gov.br\/wp-content\/uploads\/2021\/04\/Foto-Rene-Marcio-Carneiro-2-1.jpg 1200w\" alt=\"\" width=\"1024\" height=\"683\" aria-describedby=\"gallery-1-112052\" \/><\/a><\/div><figcaption id=\"gallery-1-112052\" class=\"wp-caption-text gallery-caption\">Fotos: Ren\u00ea Marcio Carneiro<\/figcaption><\/figure>\n<figure class=\"gallery-item\">\n<div class=\"gallery-icon landscape\"><a role=\"link\" href=\"https:\/\/www.corumba.ms.gov.br\/?attachment_id=112051\"><img loading=\"lazy\" decoding=\"async\" class=\"attachment-large size-large\" src=\"https:\/\/www.corumba.ms.gov.br\/wp-content\/uploads\/2021\/04\/Foto-Rene-Marcio-Carneiro-1-1-1024x683.jpg\" sizes=\"auto, (max-width: 1024px) 100vw, 1024px\" srcset=\"https:\/\/www.corumba.ms.gov.br\/wp-content\/uploads\/2021\/04\/Foto-Rene-Marcio-Carneiro-1-1-1024x683.jpg 1024w, https:\/\/www.corumba.ms.gov.br\/wp-content\/uploads\/2021\/04\/Foto-Rene-Marcio-Carneiro-1-1-300x200.jpg 300w, https:\/\/www.corumba.ms.gov.br\/wp-content\/uploads\/2021\/04\/Foto-Rene-Marcio-Carneiro-1-1-768x512.jpg 768w, https:\/\/www.corumba.ms.gov.br\/wp-content\/uploads\/2021\/04\/Foto-Rene-Marcio-Carneiro-1-1.jpg 1200w\" alt=\"\" width=\"1024\" height=\"683\" aria-describedby=\"gallery-1-112051\" \/><\/a><\/div><figcaption id=\"gallery-1-112051\" class=\"wp-caption-text gallery-caption\">Fotos: Ren\u00ea Marcio Carneiro<\/figcaption><\/figure>\n<figure class=\"gallery-item\">\n<div class=\"gallery-icon landscape\"><a role=\"link\" href=\"https:\/\/www.corumba.ms.gov.br\/?attachment_id=112055\"><img loading=\"lazy\" decoding=\"async\" class=\"attachment-large size-large\" src=\"https:\/\/www.corumba.ms.gov.br\/wp-content\/uploads\/2021\/04\/Foto-Rene-Marcio-Carneiro-5-1-1024x683.jpg\" sizes=\"auto, (max-width: 1024px) 100vw, 1024px\" srcset=\"https:\/\/www.corumba.ms.gov.br\/wp-content\/uploads\/2021\/04\/Foto-Rene-Marcio-Carneiro-5-1-1024x683.jpg 1024w, https:\/\/www.corumba.ms.gov.br\/wp-content\/uploads\/2021\/04\/Foto-Rene-Marcio-Carneiro-5-1-300x200.jpg 300w, https:\/\/www.corumba.ms.gov.br\/wp-content\/uploads\/2021\/04\/Foto-Rene-Marcio-Carneiro-5-1-768x512.jpg 768w, https:\/\/www.corumba.ms.gov.br\/wp-content\/uploads\/2021\/04\/Foto-Rene-Marcio-Carneiro-5-1.jpg 1200w\" alt=\"\" width=\"1024\" height=\"683\" aria-describedby=\"gallery-1-112055\" \/><\/a><\/div><figcaption id=\"gallery-1-112055\" class=\"wp-caption-text gallery-caption\">Fotos: Ren\u00ea Marcio Carneiro<\/figcaption><\/figure>\n<\/div>\n","protected":false},"excerpt":{"rendered":"<p>A Prefeitura de Corumb\u00e1 inicia nesta segunda-feira, 26 de abril, o levantamento de todos os&#8230;<\/p>\n","protected":false},"author":70,"featured_media":11714448,"comment_status":"closed","ping_status":"closed","sticky":false,"template":"","format":"standard","meta":{"footnotes":""},"categories":[116,10,21],"tags":[],"class_list":["post-11714447","post","type-post","status-publish","format-standard","has-post-thumbnail","hentry","category-coronavirus","category-educacao","category-saude"],"_links":{"self":[{"href":"https:\/\/www.corumbaonline.com.br\/news\/wp-json\/wp\/v2\/posts\/11714447","targetHints":{"allow":["GET"]}}],"collection":[{"href":"https:\/\/www.corumbaonline.com.br\/news\/wp-json\/wp\/v2\/posts"}],"about":[{"href":"https:\/\/www.corumbaonline.com.br\/news\/wp-json\/wp\/v2\/types\/post"}],"author":[{"embeddable":true,"href":"https:\/\/www.corumbaonline.com.br\/news\/wp-json\/wp\/v2\/users\/70"}],"replies":[{"embeddable":true,"href":"https:\/\/www.corumbaonline.com.br\/news\/wp-json\/wp\/v2\/comments?post=11714447"}],"version-history":[{"count":1,"href":"https:\/\/www.corumbaonline.com.br\/news\/wp-json\/wp\/v2\/posts\/11714447\/revisions"}],"predecessor-version":[{"id":11714449,"href":"https:\/\/www.corumbaonline.com.br\/news\/wp-json\/wp\/v2\/posts\/11714447\/revisions\/11714449"}],"wp:featuredmedia":[{"embeddable":true,"href":"https:\/\/www.corumbaonline.com.br\/news\/wp-json\/wp\/v2\/media\/11714448"}],"wp:attachment":[{"href":"https:\/\/www.corumbaonline.com.br\/news\/wp-json\/wp\/v2\/media?parent=11714447"}],"wp:term":[{"taxonomy":"category","embeddable":true,"href":"https:\/\/www.corumbaonline.com.br\/news\/wp-json\/wp\/v2\/categories?post=11714447"},{"taxonomy":"post_tag","embeddable":true,"href":"https:\/\/www.corumbaonline.com.br\/news\/wp-json\/wp\/v2\/tags?post=11714447"}],"curies":[{"name":"wp","href":"https:\/\/api.w.org\/{rel}","templated":true}]}}