{"id":11715720,"date":"2021-06-08T17:00:00","date_gmt":"2021-06-08T21:00:00","guid":{"rendered":"http:\/\/www.corumbaonline.com.br\/news\/?p=11715720"},"modified":"2021-06-08T17:54:41","modified_gmt":"2021-06-08T21:54:41","slug":"com-reflexos-positivos-na-saude-medidas-restritivas-serao-prorrogadas-por-mais-uma-semana","status":"publish","type":"post","link":"https:\/\/www.corumbaonline.com.br\/news\/com-reflexos-positivos-na-saude-medidas-restritivas-serao-prorrogadas-por-mais-uma-semana\/","title":{"rendered":"Com reflexos positivos na Sa\u00fade, medidas restritivas ser\u00e3o prorrogadas por mais uma semana"},"content":{"rendered":"<p>Com algumas altera\u00e7\u00f5es pontuais, a Prefeitura de Corumb\u00e1 vai prorrogar por mais uma semana as medidas de restri\u00e7\u00e3o tempor\u00e1ria adotadas em raz\u00e3o do agravamento da crise de sa\u00fade p\u00fablica provocada pela COVID-19. A decis\u00e3o foi baseada nos dados apresentados durante reuni\u00e3o do Comit\u00ea Extraordin\u00e1rio Covid-19, realizada na manh\u00e3 desta ter\u00e7a-feira, 08 de junho.<\/p>\n<p>\u201cCom o balan\u00e7o feito pela Secretaria Municipal de Sa\u00fade e pelo Grupo de Fiscaliza\u00e7\u00e3o Integrada (GFI), constatamos que nesta primeira semana conseguimos estabilizar os n\u00fameros de casos positivos e de interna\u00e7\u00e3o provocadas pela Covid. Com esta prorroga\u00e7\u00e3o, vamos agora buscar a diminui\u00e7\u00e3o desses \u00edndices\u201d, afirmou o prefeito Marcelo Iunes, que reiterou a import\u00e2ncia da colabora\u00e7\u00e3o de toda sociedade.<\/p>\n<p>\u201cA situa\u00e7\u00e3o de todo o sistema de sa\u00fade, tanto o p\u00fablico quanto o privado, ainda est\u00e1 longe de ser o ideal, por isso contamos com o apoio de toda popula\u00e7\u00e3o. Precisamos continuar evitando aglomera\u00e7\u00f5es e redobrando os cuidados com a higiene pessoal. Precisamos seguir usando a m\u00e1scara facial e aplicando \u00e1lcool em gel nas m\u00e3os\u201d, completou o chefe do Executivo municipal.<\/p>\n<p>De acordo com os n\u00fameros apresentados pela Secretaria Municipal de Sa\u00fade, o n\u00famero de casos positivos testados no drive thru do Samu caiu para 37% ap\u00f3s a aplica\u00e7\u00e3o das novas medidas. Antes, essa taxa era pr\u00f3xima dos 50%. Tamb\u00e9m houve uma sens\u00edvel diminui\u00e7\u00e3o no tempo de espera por um leito de UTI-Covid na Santa Casa de Corumb\u00e1.<\/p>\n<p>J\u00e1 o GFI, que fez em m\u00e9dia 1.800 abordagens at\u00e9 o dia 1 deste m\u00eas, realizou 700 abordagens durante a \u00faltima semana. Apenas quatro pessoas foram encaminhadas \u00e0 Pol\u00edcia Civil, sendo dois por organizar festas clandestinas e dois por comercializar bebidas alco\u00f3licas em seus estabelecimentos. Os n\u00fameros ficam ainda mais representativos se considerado o feriado prolongado da \u00faltima semana.<\/p>\n<p>Participam do Comit\u00ea Extraordin\u00e1rio Covid-19 o prefeito Marcelo Iunes; o vice-prefeito Dirceu Migu\u00e9is Pinto; procurador geral do Munic\u00edpio, Alcindo Cardoso do Valle; secret\u00e1rio de Sa\u00fade, Rog\u00e9rio Leite; o secret\u00e1rio de Governo, Eduardo Iunes; o secret\u00e1rio de Desenvolvimento Econ\u00f4mico e Sustent\u00e1vel, C\u00e1ssio Augusto da Costa Marques; o secret\u00e1rio de Finan\u00e7as e Gest\u00e3o, Luiz Henrique Maia de Paula; o secret\u00e1rio de Seguran\u00e7a e Defesa Social, C\u00e9sar Freitas Duarte; o comandante da Guarda Municipal, Miguel Soares; e o coordenador-presidente do Grupo de Fiscaliza\u00e7\u00e3o Integrado, Luciano Cruz.<\/p>\n<p><strong>Mudan\u00e7as<\/strong><\/p>\n<p>A principal diferen\u00e7a em rela\u00e7\u00e3o ao Decreto anterior refere-se aos dias 11 e 12 de junho. Para evitar aglomera\u00e7\u00f5es no Centro da cidade nestas duas datas, o hor\u00e1rio de abertura do com\u00e9rcio ser\u00e1 estendido at\u00e9 \u00e0s 20 horas para atender aos consumidores e comerciantes durante a celebra\u00e7\u00e3o do Dia dos Namorados.<\/p>\n<p>Outra mudan\u00e7a \u00e9 em rela\u00e7\u00e3o ao hor\u00e1rio de funcionamento dos servi\u00e7os de transporte complementar de passageiros, inclusive por aplicativos, que a partir do dia 8 de junho poder\u00e3o trabalhar at\u00e9 o in\u00edcio do toque de recolher. O\u00a0<em><strong><a role=\"link\" href=\"http:\/\/do.corumba.ms.gov.br\/portal\/edicoes\/download\/4038\">Decreto N\u00ba 2.594 foi publicado no DIOCORUMB\u00c1 desta ter\u00e7a-feira.\u00a0<\/a><\/strong><\/em><\/p>\n<figure id=\"attachment_113891\" class=\"wp-caption aligncenter\" aria-describedby=\"caption-attachment-113891\">\n<p><figure id=\"attachment_113891\" aria-describedby=\"caption-attachment-113891\" style=\"width: 1024px\" class=\"wp-caption aligncenter\"><img loading=\"lazy\" decoding=\"async\" class=\"wp-image-113891 size-full\" src=\"https:\/\/www.corumba.ms.gov.br\/wp-content\/uploads\/2021\/06\/Foto-Divulgacao-3.jpeg\" sizes=\"auto, (max-width: 1024px) 100vw, 1024px\" srcset=\"https:\/\/www.corumba.ms.gov.br\/wp-content\/uploads\/2021\/06\/Foto-Divulgacao-3.jpeg 1024w, https:\/\/www.corumba.ms.gov.br\/wp-content\/uploads\/2021\/06\/Foto-Divulgacao-3-300x200.jpeg 300w, https:\/\/www.corumba.ms.gov.br\/wp-content\/uploads\/2021\/06\/Foto-Divulgacao-3-768x512.jpeg 768w\" alt=\"\" width=\"1024\" height=\"683\" \/><figcaption id=\"caption-attachment-113891\" class=\"wp-caption-text\">Reuni\u00e3o do Comit\u00ea Gestor, realizada nesta ter\u00e7a-feira (Fotos: Ren\u00ea Marcio Carneiro)<\/figcaption><\/figure><\/figure>\n<p>J\u00e1 as aulas presenciais em estabelecimentos de ensino regular privados, inclusive cursos preparat\u00f3rios em geral seguem suspensas at\u00e9 o dia 15 de junho, exceto creches da rede privada, as quais poder\u00e3o funcionar limitados a 50% da capacidade total do estabelecimento.<\/p>\n<p>E segue vedado o funcionamento de servi\u00e7os n\u00e3o essenciais de alto risco, tais como balne\u00e1rios, boliche, sinuca e similares, atra\u00e7\u00f5es tur\u00edsticas e culturais e clubes sociais, permitida nestes \u00faltimos a pr\u00e1tica de atividades esportivas individuais, desde que em locais abertos.<\/p>\n<p>E fica permitida a realiza\u00e7\u00e3o de celebra\u00e7\u00f5es religiosas remotas ou presenciais, com 30% da capacidade do local, limitadas ao m\u00e1ximo de 100 pessoas, independente do tamanho da institui\u00e7\u00e3o religiosa, mantidas as medidas de biosseguran\u00e7a aplic\u00e1veis ao caso.<\/p>\n<p><strong>Manuten\u00e7\u00e3o<\/strong><\/p>\n<p>Est\u00e1 mantido o funcionamento do com\u00e9rcio geral de bens e servi\u00e7os das 8h \u00e0s 18 horas, com exce\u00e7\u00e3o dos dias 11 e 12. At\u00e9 o pr\u00f3ximo dia 15 de junho est\u00e1 vedado o consumo de bebidas alco\u00f3licas em todos os estabelecimentos comerciais de Corumb\u00e1, compreendidos inclusive os bares, restaurantes, lanchonetes, conveni\u00eancias e demais estabelecimentos cong\u00eaneres.<\/p>\n<p>Supermercados, hipermercados, a\u00e7ougues, padarias, com\u00e9rcio de hortifruti e cong\u00eaneres, sem servi\u00e7o de alimenta\u00e7\u00e3o no local, de segunda-feira a s\u00e1bado at\u00e9 \u00e0s 20h, e aos domingos at\u00e9 \u00e0s 14h; Distribuidoras de \u00e1gua mineral e g\u00e1s, de segunda-feira a s\u00e1bado at\u00e9 \u00e0s 20h, e aos domingos at\u00e9 \u00e0s 14h. Hospitais e estabelecimentos de servi\u00e7os de sa\u00fade de pronto atendimento e alto risco e seus acess\u00f3rios poder\u00e3o funcionar ininterruptamente.<\/p>\n<p>J\u00e1 as farm\u00e1cias podem funcionar diariamente at\u00e9 \u00e0s 21h, excetuando deste dispositivo os estabelecimentos que estiverem em regime de plant\u00e3o, estes podendo funcionar durante o per\u00edodo do toque de recolher; Postos de combust\u00edvel, at\u00e9 \u00e0s 21h, exclusivamente para abastecimento, podendo funcionar dois estabelecimentos em regime de plant\u00e3o durante o per\u00edodo do toque de recolher.<\/p>\n<p>Servi\u00e7os de entrega de comida pronta (delivery) at\u00e9 as 23h todos os dias, devendo os estabelecimentos manterem suas portas fechadas; Servi\u00e7os funer\u00e1rios, normalmente at\u00e9 \u00e0s 21h, posteriormente, somente em regime de plant\u00e3o; Servi\u00e7os m\u00e9dico-veterin\u00e1rios de urg\u00eancia e emerg\u00eancia, normalmente at\u00e9 \u00e0s 21h, posteriormente, somente em regime de plant\u00e3o;<\/p>\n<p>Borracharias para o atendimento de emerg\u00eancias ligadas \u00e0s atividades previstas no presente decreto poder\u00e3o funcionar at\u00e9 \u00e0s 21h, podendo operar em regime de plant\u00e3o durante o per\u00edodo do toque de recolher. O acesso aos locais permitidos de funcionamento ser\u00e1 limitado \u00e0 capacidade m\u00e1xima de ocupa\u00e7\u00e3o de 30% e limitada a apenas uma pessoa por fam\u00edlia, \u00e0 exce\u00e7\u00e3o das fam\u00edlias monoparentais ou pessoas que necessitem de aux\u00edlio devido \u00e0 condi\u00e7\u00e3o f\u00edsica ou psicol\u00f3gica.<\/p>\n<p>Tamb\u00e9m est\u00e1 vedada a realiza\u00e7\u00e3o de feiras livres em todo o per\u00edmetro urbano do Munic\u00edpio de Corumb\u00e1 entre os dias 9 e 15 deste m\u00eas. A concession\u00e1ria de servi\u00e7o de transporte coletivo de passageiros s\u00f3 poder\u00e1 funcionar com metade de sua capacidade de passageiros sentados, a fim de garantir a circula\u00e7\u00e3o m\u00ednima de pessoas para as atividades autorizadas, devendo ainda intensificar as medidas preventivas de higieniza\u00e7\u00e3o.<\/p>\n<p>O Decreto determina ainda que a recep\u00e7\u00e3o de h\u00f3spedes oriundos de outros pa\u00edses, em qualquer unidade hoteleira, pousadas ou similares, da mesma maneira que, qualquer h\u00f3spede que apresente sintomas de s\u00edndromes gripais, dever\u00e1 ser imediatamente comunicada a Vigil\u00e2ncia Sanit\u00e1ria Municipal, atrav\u00e9s dos seguintes e-mails, sob pena de responder por descumprimento de medidas sanit\u00e1rias de biosseguran\u00e7a: visa.alvara@gmail.com.br e vigil\u00e2ncia.sanitaria@corumba.ms.gov.br.<\/p>\n<p>Tamb\u00e9m fica permitido o funcionamento de conveni\u00eancias por gradil, entre 8h e 20h, sendo o propriet\u00e1rio respons\u00e1vel pelas medidas de biosseguran\u00e7a, com a finalidade de evitar filas e aglomera\u00e7\u00f5es, sendo proibido o consumo no local.<\/p>\n<p>Os sal\u00f5es de beleza, barbearias, cabeleireiros e afins poder\u00e3o funcionar das 8h \u00e0s 18 horas, mas somente com hor\u00e1rio marcado e garantindo total observ\u00e2ncia \u00e0s medidas de biosseguran\u00e7a efetivadas. Fica facultado para as empresas e institui\u00e7\u00f5es que desenvolvam servi\u00e7os n\u00e3o essenciais, conforme descritivo do programa PROSSEGUIR, a ado\u00e7\u00e3o de sistema de trabalho home-office.<\/p>\n<p>Est\u00e1 vedada a realiza\u00e7\u00e3o de eventos n\u00e3o recomendados pelo programa PROSSEGUIR, tais como: eventos culturais e sociais; eventos esportivos e de lazer; festividades e celebra\u00e7\u00f5es de qualquer esp\u00e9cie que tenham potencial de aglomera\u00e7\u00e3o de pessoas. Est\u00e1 permitido o atendimento banc\u00e1rio presencial, limitado a 50% da capacidade da ag\u00eancia, sendo que as medidas de biosseguran\u00e7a dever\u00e3o ser garantidas pelas institui\u00e7\u00f5es, com disponibiliza\u00e7\u00e3o de \u00e1lcool em gel, aferi\u00e7\u00e3o de temperatura, inclusive organiza\u00e7\u00e3o de eventuais filas, sendo proibida aglomera\u00e7\u00e3o de pessoas no recinto.<\/p>\n<p>Fica proibido o funcionamento de todas as \u00e1reas comuns dos condom\u00ednios abertos, fechados e edif\u00edcios, da zona urbana e rural, sob pena de autua\u00e7\u00e3o por infra\u00e7\u00e3o \u00e0s regras sanit\u00e1rias. Por outro lado, est\u00e1 permitido o funcionamento de est\u00fadios e academias de gin\u00e1stica, no per\u00edodo compreendido entre 5h e 20h, tendo um n\u00famero limitado de at\u00e9 tr\u00eas alunos por educador f\u00edsico, com o estabelecimento garantindo todas as normas de biosseguran\u00e7a estabelecidas.<\/p>\n<p>Fica permitida a realiza\u00e7\u00e3o de celebra\u00e7\u00f5es religiosas remotas, garantindo-se ainda que tais atividades sejam realizadas nas Sedes e Templos das Institui\u00e7\u00f5es Religiosas, com a participa\u00e7\u00e3o de no m\u00e1ximo de 8 (oito) pessoas, exclusivamente para viabiliza\u00e7\u00e3o das transmiss\u00f5es, sem preju\u00edzo das medidas de biosseguran\u00e7a.<\/p>\n<p>O Decreto ainda reitera que a imuniza\u00e7\u00e3o da popula\u00e7\u00e3o seguir\u00e1 normalmente, dentro dos grupos priorit\u00e1rios designados pela Secretaria Municipal de Sa\u00fade, preferencialmente no modelo drive-thru, devendo-se atentar \u00e0s regras de n\u00e3o aglomera\u00e7\u00e3o de pessoas em eventuais locais ou filas decorrentes dessa atividade.<\/p>\n","protected":false},"excerpt":{"rendered":"<p>Com algumas altera\u00e7\u00f5es pontuais, a Prefeitura de Corumb\u00e1 vai prorrogar por mais uma semana as&#8230;<\/p>\n","protected":false},"author":70,"featured_media":11715721,"comment_status":"closed","ping_status":"closed","sticky":false,"template":"","format":"standard","meta":{"footnotes":""},"categories":[116,8,9,21],"tags":[],"class_list":["post-11715720","post","type-post","status-publish","format-standard","has-post-thumbnail","hentry","category-coronavirus","category-destaque","category-economia","category-saude"],"_links":{"self":[{"href":"https:\/\/www.corumbaonline.com.br\/news\/wp-json\/wp\/v2\/posts\/11715720","targetHints":{"allow":["GET"]}}],"collection":[{"href":"https:\/\/www.corumbaonline.com.br\/news\/wp-json\/wp\/v2\/posts"}],"about":[{"href":"https:\/\/www.corumbaonline.com.br\/news\/wp-json\/wp\/v2\/types\/post"}],"author":[{"embeddable":true,"href":"https:\/\/www.corumbaonline.com.br\/news\/wp-json\/wp\/v2\/users\/70"}],"replies":[{"embeddable":true,"href":"https:\/\/www.corumbaonline.com.br\/news\/wp-json\/wp\/v2\/comments?post=11715720"}],"version-history":[{"count":1,"href":"https:\/\/www.corumbaonline.com.br\/news\/wp-json\/wp\/v2\/posts\/11715720\/revisions"}],"predecessor-version":[{"id":11715722,"href":"https:\/\/www.corumbaonline.com.br\/news\/wp-json\/wp\/v2\/posts\/11715720\/revisions\/11715722"}],"wp:featuredmedia":[{"embeddable":true,"href":"https:\/\/www.corumbaonline.com.br\/news\/wp-json\/wp\/v2\/media\/11715721"}],"wp:attachment":[{"href":"https:\/\/www.corumbaonline.com.br\/news\/wp-json\/wp\/v2\/media?parent=11715720"}],"wp:term":[{"taxonomy":"category","embeddable":true,"href":"https:\/\/www.corumbaonline.com.br\/news\/wp-json\/wp\/v2\/categories?post=11715720"},{"taxonomy":"post_tag","embeddable":true,"href":"https:\/\/www.corumbaonline.com.br\/news\/wp-json\/wp\/v2\/tags?post=11715720"}],"curies":[{"name":"wp","href":"https:\/\/api.w.org\/{rel}","templated":true}]}}