{"id":11715812,"date":"2021-06-11T08:48:00","date_gmt":"2021-06-11T12:48:00","guid":{"rendered":"http:\/\/www.corumbaonline.com.br\/news\/?p=11715812"},"modified":"2021-06-11T09:32:40","modified_gmt":"2021-06-11T13:32:40","slug":"corumba-segue-governo-do-estado-e-novas-medidas-passam-a-valer-no-domingo","status":"publish","type":"post","link":"https:\/\/www.corumbaonline.com.br\/news\/corumba-segue-governo-do-estado-e-novas-medidas-passam-a-valer-no-domingo\/","title":{"rendered":"Corumb\u00e1 segue Governo do Estado e novas medidas passam a valer no domingo"},"content":{"rendered":"<p>Comunicado na noite dessa quinta-feira pelo Governo do Estado sobre o adiamento das medidas ainda mais restritivas contra a Covid-19, o prefeito Marcelo Iunes determinou que as altera\u00e7\u00f5es tamb\u00e9m passar\u00e3o a valer em Corumb\u00e1 somente no domingo, dia 13. Desta forma, o Decreto N\u00ba 2.600, publicado em edi\u00e7\u00e3o complementar do DIOCORUMB\u00c1 de hoje, fica sem efeito.<\/p>\n<p>Sendo assim, voltam a vigorar as especifica\u00e7\u00f5es do Decreto N\u00ba 2.594, publicado na ter\u00e7a-feira e que levou em considera\u00e7\u00e3o os bons resultados obtidos no Munic\u00edpio durante o feriado prolongado. Mesmo com a mudan\u00e7a, o chefe do Executivo municipal reiterou a import\u00e2ncia da popula\u00e7\u00e3o redobrar os cuidados contra o v\u00edrus.<\/p>\n<p>\u201cNeste momento precisamos dar prioridade \u00e0 vida. Precisamos impedir que esse v\u00edrus maldito continue castigando nossos conhecidos, nossos amigos e nossa fam\u00edlia\u201d, enfatizou Marcelo Iunes, que completou: \u201cpor favor, usem m\u00e1scara, mantenha as m\u00e3os limpas, use o \u00e1lcool em gel e s\u00f3 saia de casa se for realmente necess\u00e1rio\u201d, finalizou o prefeito.<\/p>\n","protected":false},"excerpt":{"rendered":"<p>Comunicado na noite dessa quinta-feira pelo Governo do Estado sobre o adiamento das medidas ainda&#8230;<\/p>\n","protected":false},"author":70,"featured_media":11715813,"comment_status":"closed","ping_status":"closed","sticky":false,"template":"","format":"standard","meta":{"footnotes":""},"categories":[116,8,21],"tags":[],"class_list":["post-11715812","post","type-post","status-publish","format-standard","has-post-thumbnail","hentry","category-coronavirus","category-destaque","category-saude"],"_links":{"self":[{"href":"https:\/\/www.corumbaonline.com.br\/news\/wp-json\/wp\/v2\/posts\/11715812","targetHints":{"allow":["GET"]}}],"collection":[{"href":"https:\/\/www.corumbaonline.com.br\/news\/wp-json\/wp\/v2\/posts"}],"about":[{"href":"https:\/\/www.corumbaonline.com.br\/news\/wp-json\/wp\/v2\/types\/post"}],"author":[{"embeddable":true,"href":"https:\/\/www.corumbaonline.com.br\/news\/wp-json\/wp\/v2\/users\/70"}],"replies":[{"embeddable":true,"href":"https:\/\/www.corumbaonline.com.br\/news\/wp-json\/wp\/v2\/comments?post=11715812"}],"version-history":[{"count":1,"href":"https:\/\/www.corumbaonline.com.br\/news\/wp-json\/wp\/v2\/posts\/11715812\/revisions"}],"predecessor-version":[{"id":11715814,"href":"https:\/\/www.corumbaonline.com.br\/news\/wp-json\/wp\/v2\/posts\/11715812\/revisions\/11715814"}],"wp:featuredmedia":[{"embeddable":true,"href":"https:\/\/www.corumbaonline.com.br\/news\/wp-json\/wp\/v2\/media\/11715813"}],"wp:attachment":[{"href":"https:\/\/www.corumbaonline.com.br\/news\/wp-json\/wp\/v2\/media?parent=11715812"}],"wp:term":[{"taxonomy":"category","embeddable":true,"href":"https:\/\/www.corumbaonline.com.br\/news\/wp-json\/wp\/v2\/categories?post=11715812"},{"taxonomy":"post_tag","embeddable":true,"href":"https:\/\/www.corumbaonline.com.br\/news\/wp-json\/wp\/v2\/tags?post=11715812"}],"curies":[{"name":"wp","href":"https:\/\/api.w.org\/{rel}","templated":true}]}}