{"id":11715857,"date":"2021-06-13T09:30:00","date_gmt":"2021-06-13T13:30:00","guid":{"rendered":"http:\/\/www.corumbaonline.com.br\/news\/?p=11715857"},"modified":"2021-06-13T09:23:36","modified_gmt":"2021-06-13T13:23:36","slug":"com-43-municipios-em-risco-extremo-comeca-a-valer-nova-classificacao-do-prosseguir","status":"publish","type":"post","link":"https:\/\/www.corumbaonline.com.br\/news\/com-43-municipios-em-risco-extremo-comeca-a-valer-nova-classificacao-do-prosseguir\/","title":{"rendered":"Com 43 munic\u00edpios em risco extremo, come\u00e7a a valer nova classifica\u00e7\u00e3o do Prosseguir"},"content":{"rendered":"<p style=\"box-sizing: border-box; margin-bottom: 2em; font-size: 16px; line-height: 1.8em; text-align: justify; color: #212529; font-family: 'Open Sans', sans-serif;\"><span style=\"box-sizing: border-box;\">Ap\u00f3s 48 horas de adiamento, entra em vigor neste domingo (13) a reclassifica\u00e7\u00e3o das bandeiras de risco definidas pelo Prosseguir.<\/span><\/p>\n<p style=\"box-sizing: border-box; margin-top: 0px; margin-bottom: 2em; font-size: 16px; line-height: 1.8em; text-align: justify; color: #212529; font-family: 'Open Sans', sans-serif;\"><span style=\"box-sizing: border-box;\">Est\u00e3o na categoria cinza, de risco extremo, 43 munic\u00edpios. \u00c9 o pior grau definido pelo comit\u00ea. As cidades nessas condi\u00e7\u00f5es devem seguir uma s\u00e9rie de restri\u00e7\u00f5es, como toque de recolher \u00e0s 20h e funcionamento apenas de servi\u00e7os considerados essenciais.<\/span><\/p>\n<figure id=\"attachment_356135\" class=\"wp-caption aligncenter\" style=\"box-sizing: border-box; max-width: 96%; height: auto; margin-top: 1em; margin-bottom: 1em; background-image: initial; background-position: initial; background-size: initial; background-repeat: initial; background-attachment: initial; background-origin: initial; background-clip: initial; border: 1px solid #f0f0f0; padding: 15px 3px 10px; text-align: center; color: #212529; font-family: 'Open Sans', sans-serif; width: 768px;\"><img loading=\"lazy\" decoding=\"async\" class=\"wp-image-356135 size-full\" style=\"box-sizing: border-box; vertical-align: middle; border-width: 0px; max-width: 98.5%; margin: 0px; padding: 0px; width: auto;\" src=\"http:\/\/www.ms.gov.br\/wp-content\/uploads\/sites\/150\/2021\/06\/1-2.png\" sizes=\"auto, (max-width: 768px) 100vw, 768px\" srcset=\"http:\/\/www.ms.gov.br\/wp-content\/uploads\/sites\/150\/2021\/06\/1-2.png 768w, http:\/\/www.ms.gov.br\/wp-content\/uploads\/sites\/150\/2021\/06\/1-2-300x166.png 300w, http:\/\/www.ms.gov.br\/wp-content\/uploads\/sites\/150\/2021\/06\/1-2-350x194.png 350w\" alt=\"\" width=\"768\" height=\"425\" \/><figcaption class=\"wp-caption-text\" style=\"box-sizing: border-box;\">A partir do dia 13, apenas servi\u00e7os essenciais est\u00e3o permitidos nas cidades classificadas com bandeira cinza<\/figcaption><\/figure>\n<p style=\"box-sizing: border-box; margin-top: 0px; margin-bottom: 2em; font-size: 16px; line-height: 1.8em; text-align: justify; color: #212529; font-family: 'Open Sans', sans-serif;\"><span style=\"box-sizing: border-box;\">Entre os munic\u00edpios com bandeira cinza est\u00e1 a capital, Campo Grande, com 906 mil habitantes (IBGE 2020), al\u00e9m de Dourados, Tr\u00eas Lagoas e Corumb\u00e1 e Ponta Por\u00e3.<\/span><\/p>\n<p style=\"box-sizing: border-box; margin-top: 0px; margin-bottom: 2em; font-size: 16px; line-height: 1.8em; text-align: justify; color: #212529; font-family: 'Open Sans', sans-serif;\"><span style=\"box-sizing: border-box;\">Outros 29 receberam a classifica\u00e7\u00e3o vermelha (grau de risco alto) e sete est\u00e3o na bandeira laranja (grau de risco m\u00e9dio) .\u00a0<\/span><\/p>\n<p style=\"box-sizing: border-box; margin-top: 0px; margin-bottom: 2em; font-size: 16px; line-height: 1.8em; text-align: justify; color: #212529; font-family: 'Open Sans', sans-serif;\"><span style=\"box-sizing: border-box;\">A reclassifica\u00e7\u00e3o dos munic\u00edpios foi definida em uma reuni\u00e3o extraordin\u00e1ria na quarta-feira (9), mas os efeitos foram adiados pela Secretaria de Estado de Sa\u00fade por 24 horas, atendendo pedido da Associa\u00e7\u00e3o dos Munic\u00edpios de Mato Grosso do Sul (Assomasul).<\/span><\/p>\n","protected":false},"excerpt":{"rendered":"<p>Ap\u00f3s 48 horas de adiamento, entra em vigor neste domingo (13) a reclassifica\u00e7\u00e3o das bandeiras&#8230;<\/p>\n","protected":false},"author":13,"featured_media":11715858,"comment_status":"closed","ping_status":"closed","sticky":false,"template":"","format":"standard","meta":{"footnotes":""},"categories":[116,8,21],"tags":[],"class_list":["post-11715857","post","type-post","status-publish","format-standard","has-post-thumbnail","hentry","category-coronavirus","category-destaque","category-saude"],"_links":{"self":[{"href":"https:\/\/www.corumbaonline.com.br\/news\/wp-json\/wp\/v2\/posts\/11715857","targetHints":{"allow":["GET"]}}],"collection":[{"href":"https:\/\/www.corumbaonline.com.br\/news\/wp-json\/wp\/v2\/posts"}],"about":[{"href":"https:\/\/www.corumbaonline.com.br\/news\/wp-json\/wp\/v2\/types\/post"}],"author":[{"embeddable":true,"href":"https:\/\/www.corumbaonline.com.br\/news\/wp-json\/wp\/v2\/users\/13"}],"replies":[{"embeddable":true,"href":"https:\/\/www.corumbaonline.com.br\/news\/wp-json\/wp\/v2\/comments?post=11715857"}],"version-history":[{"count":1,"href":"https:\/\/www.corumbaonline.com.br\/news\/wp-json\/wp\/v2\/posts\/11715857\/revisions"}],"predecessor-version":[{"id":11715859,"href":"https:\/\/www.corumbaonline.com.br\/news\/wp-json\/wp\/v2\/posts\/11715857\/revisions\/11715859"}],"wp:featuredmedia":[{"embeddable":true,"href":"https:\/\/www.corumbaonline.com.br\/news\/wp-json\/wp\/v2\/media\/11715858"}],"wp:attachment":[{"href":"https:\/\/www.corumbaonline.com.br\/news\/wp-json\/wp\/v2\/media?parent=11715857"}],"wp:term":[{"taxonomy":"category","embeddable":true,"href":"https:\/\/www.corumbaonline.com.br\/news\/wp-json\/wp\/v2\/categories?post=11715857"},{"taxonomy":"post_tag","embeddable":true,"href":"https:\/\/www.corumbaonline.com.br\/news\/wp-json\/wp\/v2\/tags?post=11715857"}],"curies":[{"name":"wp","href":"https:\/\/api.w.org\/{rel}","templated":true}]}}