{"id":11716300,"date":"2021-07-01T09:41:00","date_gmt":"2021-07-01T13:41:00","guid":{"rendered":"http:\/\/www.corumbaonline.com.br\/news\/?p=11716300"},"modified":"2021-07-01T11:07:05","modified_gmt":"2021-07-01T15:07:05","slug":"vereador-pede-informacoes-sobre-cestas-basicas-entregues-na-colonia-sao-domingos","status":"publish","type":"post","link":"https:\/\/www.corumbaonline.com.br\/news\/vereador-pede-informacoes-sobre-cestas-basicas-entregues-na-colonia-sao-domingos\/","title":{"rendered":"Vereador pede informa\u00e7\u00f5es sobre cestas b\u00e1sicas entregues na Col\u00f4nia S\u00e3o Domingos"},"content":{"rendered":"<p>O vereador Chic\u00e3o Vianna apresentou um requerimento na \u00faltima sess\u00e3o ordin\u00e1ria do Poder Legislativo corumbaense, solicitando informa\u00e7\u00f5es sobre as cestas b\u00e1sicas que o Munic\u00edpio est\u00e1 entregando aos moradores da Col\u00f4nia S\u00e3o Domingos, em pleno Pantanal.<\/p>\n<p>De posse de documento encaminhado pela comunidade daquela regi\u00e3o, o vereador solicitou esclarecimentos sobre os motivos que as cestas b\u00e1sicas est\u00e3o sendo entregues incompletas, explicando que, de acordo com os moradores, \u201cin\u00fameros itens est\u00e3o faltando nas cestas, como \u00f3leo, e itens de higiene e limpeza\u201d.<\/p>\n<p>Est\u00e1 buscando saber tamb\u00e9m da n\u00e3o realiza\u00e7\u00e3o do cadastramento das fam\u00edlias, j\u00e1 que, de acordo com os moradores, existem fam\u00edlias que est\u00e3o sem receber as cestas b\u00e1sicas justamente por falta de cadastro, como tamb\u00e9m sobre o andamento do Programa Luz Para Todos.<\/p>\n<p>\u201cConforme os moradores, funcion\u00e1rios da Prefeitura estiveram na regi\u00e3o no segundo semestre do ano passado, e informaram que o referido programa seria implementado este ano\u201d, reiterou.<\/p>\n<p>ORLA RUITER CUNHA<\/p>\n<p>Em outro requerimento direcionado \u00e0 Prefeitura, Chic\u00e3o e a vereadora Raquel Bryk, pediram informa\u00e7\u00f5es sobre a Orla Ruiter Cunha de Oliveira, se j\u00e1 est\u00e1 devidamente identificada com as respectivas placas. \u201cA homenagem ao Ruiter ocorreu em dezembro de 2017, mesmo per\u00edodo em que a Lei Municipal 2.604\/2017 foi sancionada pelo prefeito, mas at\u00e9 o momento n\u00e3o \u00e9 poss\u00edvel localizar placa alguma de identifica\u00e7\u00e3o da Orla\u201d, justificaram.<\/p>\n","protected":false},"excerpt":{"rendered":"<p>O vereador Chic\u00e3o Vianna apresentou um requerimento na \u00faltima sess\u00e3o ordin\u00e1ria do Poder Legislativo corumbaense,&#8230;<\/p>\n","protected":false},"author":63,"featured_media":0,"comment_status":"closed","ping_status":"closed","sticky":false,"template":"","format":"standard","meta":{"footnotes":""},"categories":[19],"tags":[],"class_list":["post-11716300","post","type-post","status-publish","format-standard","hentry","category-politica"],"_links":{"self":[{"href":"https:\/\/www.corumbaonline.com.br\/news\/wp-json\/wp\/v2\/posts\/11716300","targetHints":{"allow":["GET"]}}],"collection":[{"href":"https:\/\/www.corumbaonline.com.br\/news\/wp-json\/wp\/v2\/posts"}],"about":[{"href":"https:\/\/www.corumbaonline.com.br\/news\/wp-json\/wp\/v2\/types\/post"}],"author":[{"embeddable":true,"href":"https:\/\/www.corumbaonline.com.br\/news\/wp-json\/wp\/v2\/users\/63"}],"replies":[{"embeddable":true,"href":"https:\/\/www.corumbaonline.com.br\/news\/wp-json\/wp\/v2\/comments?post=11716300"}],"version-history":[{"count":1,"href":"https:\/\/www.corumbaonline.com.br\/news\/wp-json\/wp\/v2\/posts\/11716300\/revisions"}],"predecessor-version":[{"id":11716301,"href":"https:\/\/www.corumbaonline.com.br\/news\/wp-json\/wp\/v2\/posts\/11716300\/revisions\/11716301"}],"wp:attachment":[{"href":"https:\/\/www.corumbaonline.com.br\/news\/wp-json\/wp\/v2\/media?parent=11716300"}],"wp:term":[{"taxonomy":"category","embeddable":true,"href":"https:\/\/www.corumbaonline.com.br\/news\/wp-json\/wp\/v2\/categories?post=11716300"},{"taxonomy":"post_tag","embeddable":true,"href":"https:\/\/www.corumbaonline.com.br\/news\/wp-json\/wp\/v2\/tags?post=11716300"}],"curies":[{"name":"wp","href":"https:\/\/api.w.org\/{rel}","templated":true}]}}