{"id":11716314,"date":"2021-07-01T11:08:00","date_gmt":"2021-07-01T15:08:00","guid":{"rendered":"http:\/\/www.corumbaonline.com.br\/news\/?p=11716314"},"modified":"2021-07-01T12:28:23","modified_gmt":"2021-07-01T16:28:23","slug":"rosa-weber-envia-a-pgr-pedido-de-investigacao-contra-bolsonaro-e-roberto-dias","status":"publish","type":"post","link":"https:\/\/www.corumbaonline.com.br\/news\/rosa-weber-envia-a-pgr-pedido-de-investigacao-contra-bolsonaro-e-roberto-dias\/","title":{"rendered":"Rosa Weber envia \u00e0 PGR pedido de investiga\u00e7\u00e3o contra Bolsonaro e Roberto Dias"},"content":{"rendered":"<div data-block-type=\"unstyled\" data-block-weight=\"36\" data-block-id=\"1\">\n<p data-track-category=\"Link no Texto\" data-track-links=\"\">A ministra do Supremo Tribunal Federal (STF) Rosa Weber encaminhou \u00e0 Procuradoria-Geral da Rep\u00fablica (PGR) um pedido de investiga\u00e7\u00e3o contra o presidente Jair Bolsonaro e o ex-diretor de Log\u00edstica do Minist\u00e9rio da Sa\u00fade, Roberto Ferreira Dias.<\/p>\n<\/div>\n<div>\n<div data-block-type=\"unstyled\" data-block-weight=\"41\" data-block-id=\"2\">\n<p data-track-category=\"Link no Texto\" data-track-links=\"\">A not\u00edcia-crime se refere ao suposto pedido de propina em uma negocia\u00e7\u00e3o paralela para um contrato entre o Minist\u00e9rio da Sa\u00fade e a empresa Daviti, relacionado a um lote de 400 milh\u00f5es de doses de vacinas da AstraZeneca contra a Covid.<\/p>\n<\/div>\n<div data-block-type=\"unstyled\" data-block-weight=\"43\" data-block-id=\"3\">\n<p data-track-category=\"Link no Texto\" data-track-links=\"\">O pedido foi enviado ao STF pela deputada Nat\u00e1lia Bonavides (PT-RN) e aponta poss\u00edvel crime de prevarica\u00e7\u00e3o por parte de Jair Bolsonaro. Em rela\u00e7\u00e3o a Dias, a inten\u00e7\u00e3o \u00e9 verificar se ele cometeu os delitos de associa\u00e7\u00e3o criminosa, corrup\u00e7\u00e3o passiva e advocacia administrativa.<\/p>\n<p data-track-category=\"Link no Texto\" data-track-links=\"\">O\u00a0envio do caso \u00e0 PGR \u00e9 praxe e est\u00e1 previsto nas regras internas do Supremo. Isso ocorre porque cabe ao Minist\u00e9rio P\u00fablico verificar se h\u00e1 elementos para pedir a abertura de um inqu\u00e9rito.<\/p>\n<div data-block-type=\"unstyled\" data-block-weight=\"33\" data-block-id=\"6\">\n<p data-track-category=\"Link no Texto\" data-track-links=\"\">&#8220;Determino a abertura de vista dos autos \u00e0 Procuradoria-Geral da Rep\u00fablica, a quem cabe a forma\u00e7\u00e3o da\u00a0opinio delicti\u00a0em feitos de compet\u00eancia desta Suprema Corte, para manifesta\u00e7\u00e3o no prazo regimental&#8221;, escreveu Weber.<\/p>\n<\/div>\n<div data-block-type=\"unstyled\" data-block-weight=\"44\" data-block-id=\"7\">\n<p data-track-category=\"Link no Texto\" data-track-links=\"\">Em reportagem do jornal &#8220;Folha de S. Paulo&#8221;, na \u00faltima ter\u00e7a (29), o representante comercial Luiz Paulo Dominguetti Pereira, que se diz ligado \u00e0 empresa Davati Medical Supply, afirmou ter se reunido com o ent\u00e3o diretor de Log\u00edstica do Minist\u00e9rio da Sa\u00fade Roberto Dias.<\/p>\n<div data-block-type=\"unstyled\" data-block-weight=\"21\" data-block-id=\"9\">\n<p data-track-category=\"Link no Texto\" data-track-links=\"\">Nessa reuni\u00e3o, ocorrida em fevereiro, Dominguetti afirma que houve a cobran\u00e7a de propina, no valor de US$ 1 por dose contratada.<\/p>\n<\/div>\n<div data-block-type=\"unstyled\" data-block-weight=\"63\" data-block-id=\"10\">\n<p data-track-category=\"Link no Texto\" data-track-links=\"\">&#8220;As revela\u00e7\u00f5es contidas na entrevista da Folha de S\u00e3o Paulo corroboram os elementos indici\u00e1rios j\u00e1 apresentados \u00e0 CPI do Senado que investiga a condu\u00e7\u00e3o do governo Federal da pandemia apontados em depoimento de Luis Cl\u00e1udio Fernandes Miranda, Deputado Federal, e Luis Ricardo Fernandes Miranda, servidor do setor de Log\u00edstica do Minist\u00e9rio da Sa\u00fade, ou seja, subordinado a um dos noticiados&#8221;, afirmou a deputada.<\/p>\n<\/div>\n<div data-block-type=\"unstyled\" data-block-weight=\"63\" data-block-id=\"11\">\n<p data-track-category=\"Link no Texto\" data-track-links=\"\">&#8220;Ou seja, temos ao menos duas pessoas que confirmaram ter havido cobran\u00e7a de propina nas aquisi\u00e7\u00f5es de vacinas pelo Minist\u00e9rio da Sa\u00fade: um servidor p\u00fablico que relatou \u00e0 CPI, e um representante de uma empresa que afirmou em entrevista que recebeu a oferta para participar de uma Organiza\u00e7\u00e3o Criminosa cujo objetivo seria locupletar os s\u00f3cios dessa pol\u00edtica de morte do Governo Federal&#8221;, completou.<\/p>\n<\/div>\n<div data-block-type=\"unstyled\" data-block-weight=\"32\" data-block-id=\"12\">\n<p data-track-category=\"Link no Texto\" data-track-links=\"\">&#8220;Importa ainda rememorar que, conforme relato dos irm\u00e3os Miranda \u00e0 CPI, quando o presidente da Rep\u00fablica foi informado da suspeita de algumas dessas irregularidades, Bolsonaro pareceu ter ci\u00eancia do fato&#8221;, acrescentou Bonavides.<\/p>\n<\/div>\n<\/div>\n<\/div>\n<\/div>\n","protected":false},"excerpt":{"rendered":"<p>A ministra do Supremo Tribunal Federal (STF) Rosa Weber encaminhou \u00e0 Procuradoria-Geral da Rep\u00fablica (PGR)&#8230;<\/p>\n","protected":false},"author":3,"featured_media":0,"comment_status":"closed","ping_status":"closed","sticky":false,"template":"","format":"standard","meta":{"footnotes":""},"categories":[19],"tags":[],"class_list":["post-11716314","post","type-post","status-publish","format-standard","hentry","category-politica"],"_links":{"self":[{"href":"https:\/\/www.corumbaonline.com.br\/news\/wp-json\/wp\/v2\/posts\/11716314","targetHints":{"allow":["GET"]}}],"collection":[{"href":"https:\/\/www.corumbaonline.com.br\/news\/wp-json\/wp\/v2\/posts"}],"about":[{"href":"https:\/\/www.corumbaonline.com.br\/news\/wp-json\/wp\/v2\/types\/post"}],"author":[{"embeddable":true,"href":"https:\/\/www.corumbaonline.com.br\/news\/wp-json\/wp\/v2\/users\/3"}],"replies":[{"embeddable":true,"href":"https:\/\/www.corumbaonline.com.br\/news\/wp-json\/wp\/v2\/comments?post=11716314"}],"version-history":[{"count":1,"href":"https:\/\/www.corumbaonline.com.br\/news\/wp-json\/wp\/v2\/posts\/11716314\/revisions"}],"predecessor-version":[{"id":11716315,"href":"https:\/\/www.corumbaonline.com.br\/news\/wp-json\/wp\/v2\/posts\/11716314\/revisions\/11716315"}],"wp:attachment":[{"href":"https:\/\/www.corumbaonline.com.br\/news\/wp-json\/wp\/v2\/media?parent=11716314"}],"wp:term":[{"taxonomy":"category","embeddable":true,"href":"https:\/\/www.corumbaonline.com.br\/news\/wp-json\/wp\/v2\/categories?post=11716314"},{"taxonomy":"post_tag","embeddable":true,"href":"https:\/\/www.corumbaonline.com.br\/news\/wp-json\/wp\/v2\/tags?post=11716314"}],"curies":[{"name":"wp","href":"https:\/\/api.w.org\/{rel}","templated":true}]}}