{"id":11716465,"date":"2021-07-12T09:31:00","date_gmt":"2021-07-12T13:31:00","guid":{"rendered":"http:\/\/www.corumbaonline.com.br\/news\/?p=11716465"},"modified":"2021-07-12T11:05:29","modified_gmt":"2021-07-12T15:05:29","slug":"vacina-contra-a-covid-19-segue-disponivel-no-centro-de-saude-da-ladeira-e-em-10-unidades-de-saude","status":"publish","type":"post","link":"https:\/\/www.corumbaonline.com.br\/news\/vacina-contra-a-covid-19-segue-disponivel-no-centro-de-saude-da-ladeira-e-em-10-unidades-de-saude\/","title":{"rendered":"Vacina contra a Covid-19 segue dispon\u00edvel no Centro de Sa\u00fade da Ladeira e em 10 Unidades de Sa\u00fade"},"content":{"rendered":"<p>At\u00e9 o dia 16 de julho, sexta-feira, a vacina da Janssen, dose \u00fanica, continua dispon\u00edvel no Centro de Sa\u00fade da Ladeira, e em 10 Unidades de Sa\u00fade da Fam\u00edlia, para pessoas com 18 anos ou mais, das 7h30 \u00e0s 11h e das 13h \u00e0s 16h30.<\/p>\n<p>Quem ainda n\u00e3o fez o cadastro, basta procurar um dos pontos e levar o documento de identifica\u00e7\u00e3o pessoal.<\/p>\n<p>Al\u00e9m da dose da Janssen, no Centro de Sa\u00fade da Ladeira tamb\u00e9m estar\u00e1 dispon\u00edvel a primeira dose da Pfizer, para gestantes, pu\u00e9rperas, lactantes, pessoas com mais de 12 anos com comorbidades (previstas no PNI), que devem apresentar os devidos comprovante da condi\u00e7\u00e3o; a segunda dose da Coronavac (para quem tomou a primeira h\u00e1 mais de 14 dias); e da Pfizer (para quem tomou a primeira at\u00e9 25\/05).<\/p>\n<p><b><strong>Confira quais s\u00e3o as unidades:<\/strong><\/b><\/p>\n<p>CENTRO DE SA\u00daDE DA LADEIRA\u00a0\u00a0Ladeira Cunha e Cruz, s\/n, Centro<\/p>\n<p>UBSF Walter Vict\u00f3rio-Cravo\u00a0 \u2013\u00a0R: Santa Catarina, entre 7 e Major Gama<\/p>\n<p>UBSF Dr. Bonif\u00e1cio Tikayoshi Tiaen \u2013\u00a0R: Pastor Calos Padilha, s\/n, Padre Ernesto Sassida<\/p>\n<p>UBSF Beira Rio \u2013\u00a0\u00a0R: Delamare, 384, Centro<\/p>\n<p>UBSF Lu\u00eds Fragelli\u00a0 \u2013\u00a0Av. Rio Branco, s\/n, Universit\u00e1rio<\/p>\n<p>UBSF Popular Velha \u2013\u00a0R: Teodomiro Serra s\/n, Popular Velha<\/p>\n<p>UBSF Breno de Medeiros I \u2013\u00a0R: C\u00edriaco de Toledo s\/n, Popular Nova<\/p>\n<p>UBSF Nova Corumb\u00e1 \u2013\u00a0R: Cir\u00edaco de Toledo, s\/n, Nova Corumb\u00e1<\/p>\n<p>UBSF Padre Ernesto Sassida \u2013\u00a0R: Jos\u00e9 Fragelli, esquina com Dom Aquino, Dom Dosco<\/p>\n<p>UBSF Pedro Paulo II \u2013\u00a0R: Batista das Neves, 119, Centro<\/p>\n<p>UBSF Dr Ranulfo Jesus de Vasconcelos \u2013 Aeroporto II\u00a0\u00a0R: Santos Dumont, 47, Aeroporto<\/p>\n","protected":false},"excerpt":{"rendered":"<p>At\u00e9 o dia 16 de julho, sexta-feira, a vacina da Janssen, dose \u00fanica, continua dispon\u00edvel&#8230;<\/p>\n","protected":false},"author":70,"featured_media":11716466,"comment_status":"closed","ping_status":"closed","sticky":false,"template":"","format":"standard","meta":{"footnotes":""},"categories":[8,21],"tags":[],"class_list":["post-11716465","post","type-post","status-publish","format-standard","has-post-thumbnail","hentry","category-destaque","category-saude"],"_links":{"self":[{"href":"https:\/\/www.corumbaonline.com.br\/news\/wp-json\/wp\/v2\/posts\/11716465","targetHints":{"allow":["GET"]}}],"collection":[{"href":"https:\/\/www.corumbaonline.com.br\/news\/wp-json\/wp\/v2\/posts"}],"about":[{"href":"https:\/\/www.corumbaonline.com.br\/news\/wp-json\/wp\/v2\/types\/post"}],"author":[{"embeddable":true,"href":"https:\/\/www.corumbaonline.com.br\/news\/wp-json\/wp\/v2\/users\/70"}],"replies":[{"embeddable":true,"href":"https:\/\/www.corumbaonline.com.br\/news\/wp-json\/wp\/v2\/comments?post=11716465"}],"version-history":[{"count":1,"href":"https:\/\/www.corumbaonline.com.br\/news\/wp-json\/wp\/v2\/posts\/11716465\/revisions"}],"predecessor-version":[{"id":11716467,"href":"https:\/\/www.corumbaonline.com.br\/news\/wp-json\/wp\/v2\/posts\/11716465\/revisions\/11716467"}],"wp:featuredmedia":[{"embeddable":true,"href":"https:\/\/www.corumbaonline.com.br\/news\/wp-json\/wp\/v2\/media\/11716466"}],"wp:attachment":[{"href":"https:\/\/www.corumbaonline.com.br\/news\/wp-json\/wp\/v2\/media?parent=11716465"}],"wp:term":[{"taxonomy":"category","embeddable":true,"href":"https:\/\/www.corumbaonline.com.br\/news\/wp-json\/wp\/v2\/categories?post=11716465"},{"taxonomy":"post_tag","embeddable":true,"href":"https:\/\/www.corumbaonline.com.br\/news\/wp-json\/wp\/v2\/tags?post=11716465"}],"curies":[{"name":"wp","href":"https:\/\/api.w.org\/{rel}","templated":true}]}}