{"id":11716468,"date":"2021-07-12T09:49:00","date_gmt":"2021-07-12T13:49:00","guid":{"rendered":"http:\/\/www.corumbaonline.com.br\/news\/?p=11716468"},"modified":"2021-07-12T11:07:24","modified_gmt":"2021-07-12T15:07:24","slug":"mis-oferece-oficina-de-stop-motion-com-camera-de-celular","status":"publish","type":"post","link":"https:\/\/www.corumbaonline.com.br\/news\/mis-oferece-oficina-de-stop-motion-com-camera-de-celular\/","title":{"rendered":"MIS oferece oficina de Stop Motion com c\u00e2mera de celular"},"content":{"rendered":"<p data-uw-styling-context=\"true\">O Museu da Imagem e do Som, unidade da Funda\u00e7\u00e3o de Cultura de Mato Grosso do Sul, oferece a partir da semana que vem a Oficina de Stop Motion. As inscri\u00e7\u00f5es ser\u00e3o abertas na pr\u00f3xima segunda-feira, dia 12 de julho, \u00e0s 9 horas, e o curso come\u00e7a j\u00e1 no dia 12, na forma de Educa\u00e7\u00e3o a Dist\u00e2ncia (EAD), gratuitamente.<\/p>\n<p data-uw-styling-context=\"true\">Stop Motion \u00e9 uma t\u00e9cnica de anima\u00e7\u00e3o centen\u00e1ria que vem se transformando ao longo dos anos. A atividade \u00e9 voltada ao p\u00fablico em geral e busca apresentar a linguagem audiovisual de maneira leve e divertida mantendo um ciclo de forma\u00e7\u00e3o audiovisual na regi\u00e3o.<\/p>\n<p data-uw-styling-context=\"true\">A oficina de Stop Motion foi oferecida em 2007, 2010 e 2012 pelo Museu da Imagem do Som, e desde ent\u00e3o, a institui\u00e7\u00e3o tem desenvolvido atividades educativas voltadas ao aprendizado da linguagem do cinema. A t\u00e9cnica de anima\u00e7\u00e3o em Stop Motion consiste na sequ\u00eancia de fotografias exibidas a uma determinada fra\u00e7\u00e3o de segundo, criando uma ilus\u00e3o de movimento. Nos prim\u00f3rdios do cinema era usada para a cria\u00e7\u00e3o de efeitos especiais. Hoje \u00e9 um recurso criativo usado em vinhetas, videoclipes, cinema e v\u00e1rios outros produtos.<\/p>\n<p data-uw-styling-context=\"true\">Nesta oficina, ser\u00e3o apresentadas ferramentas atualizadas para a cria\u00e7\u00e3o de anima\u00e7\u00e3o, mas tamb\u00e9m antigos recursos, como os aplicativos de\u00a0<em data-uw-styling-context=\"true\">smartphone<\/em>\u00a0para edi\u00e7\u00e3o de anima\u00e7\u00e3o quadro a quadro e os brinquedos \u00f3pticos &#8211; experimentos cient\u00edficos que contribu\u00edram com o surgimento do cinema e hoje s\u00e3o uma forma divertida de aprender.<\/p>\n<p data-uw-styling-context=\"true\">No \u00e2mbito te\u00f3rico da oficina ser\u00e3o apresentados ainda personagens importantes da s\u00e9tima arte: os irm\u00e3o Lumi\u00e8re e George M\u00e9li\u00e8s. Os participantes ir\u00e3o conhecer alguns conceitos de \u00a0representa\u00e7\u00e3o do movimento em v\u00eddeo digital, far\u00e3o alguns exerc\u00edcios pr\u00e1ticos, utilizando a c\u00e2mera do\u00a0<em data-uw-styling-context=\"true\">smartphone<\/em>, e por fim, ir\u00e3o criar uma anima\u00e7\u00e3o de 30 segundos como produto da oficina.<\/p>\n<p data-uw-styling-context=\"true\">Os conte\u00fados explorados ser\u00e3o: Surgimento do cinema. Brinquedos \u00f3pticos: Taumatr\u00f3pio; Zootr\u00f3pio; Hist\u00f3ria do cinema: Irm\u00e3os Lumi\u00e8re; George M\u00e9li\u00e8s; Primeiras anima\u00e7\u00f5es no cinema; Anima\u00e7\u00e3o: movimento da anima\u00e7\u00e3o; anima\u00e7\u00e3o em Stop Motion; Edi\u00e7\u00e3o de v\u00eddeo: edi\u00e7\u00e3o em\u00a0<em data-uw-styling-context=\"true\">smartphone<\/em>.<\/p>\n<p data-uw-styling-context=\"true\">As inscri\u00e7\u00f5es podem ser feitas pelo link a partir do dia 12 de julho de 2021, \u00e0s 9h. link:<\/p>\n<p data-uw-styling-context=\"true\"><a href=\"https:\/\/forms.gle\/wXZcecKsib8SrDqr7\"><em data-uw-styling-context=\"true\">https:\/\/forms.gle\/wXZcecKsib8SrDqr7<\/em><\/a>. As vagas s\u00e3o limitadas a 40 participantes, a participa\u00e7\u00e3o \u00e9 garantida pela ordem de inscri\u00e7\u00e3o.<\/p>\n<p><strong data-uw-styling-context=\"true\">Servi\u00e7o:<\/strong><\/p>\n<p data-uw-styling-context=\"true\">Stop Motion: uma introdu\u00e7\u00e3o<\/p>\n<p data-uw-styling-context=\"true\">Inscri\u00e7\u00f5es: 12 de julho de 2021, 9h<\/p>\n<p data-uw-styling-context=\"true\">link:\u00a0<a href=\"https:\/\/forms.gle\/wXZcecKsib8SrDqr7\"><em data-uw-styling-context=\"true\">https:\/\/forms.gle\/wXZcecKsib8SrDqr7<\/em><\/a><\/p>\n<p data-uw-styling-context=\"true\">Per\u00edodo: 12 a 16 de julho de 2021, 9h<\/p>\n<p data-uw-styling-context=\"true\">P\u00fablico-alvo: Pessoas a partir de 12 anos<\/p>\n<p data-uw-styling-context=\"true\">Local: Museu da Imagem e do Som de MS<\/p>\n<p data-uw-styling-context=\"true\">Av. Fernando Corr\u00eaa da Costa, 559, 3\u00ba andar<\/p>\n<p data-uw-styling-context=\"true\">Informa\u00e7\u00f5es: (67) 3316-9167 Whatsapp: 98137-3405<\/p>\n","protected":false},"excerpt":{"rendered":"<p>O Museu da Imagem e do Som, unidade da Funda\u00e7\u00e3o de Cultura de Mato Grosso&#8230;<\/p>\n","protected":false},"author":13,"featured_media":11716469,"comment_status":"closed","ping_status":"closed","sticky":false,"template":"","format":"standard","meta":{"footnotes":""},"categories":[7],"tags":[],"class_list":["post-11716468","post","type-post","status-publish","format-standard","has-post-thumbnail","hentry","category-cultura"],"_links":{"self":[{"href":"https:\/\/www.corumbaonline.com.br\/news\/wp-json\/wp\/v2\/posts\/11716468","targetHints":{"allow":["GET"]}}],"collection":[{"href":"https:\/\/www.corumbaonline.com.br\/news\/wp-json\/wp\/v2\/posts"}],"about":[{"href":"https:\/\/www.corumbaonline.com.br\/news\/wp-json\/wp\/v2\/types\/post"}],"author":[{"embeddable":true,"href":"https:\/\/www.corumbaonline.com.br\/news\/wp-json\/wp\/v2\/users\/13"}],"replies":[{"embeddable":true,"href":"https:\/\/www.corumbaonline.com.br\/news\/wp-json\/wp\/v2\/comments?post=11716468"}],"version-history":[{"count":1,"href":"https:\/\/www.corumbaonline.com.br\/news\/wp-json\/wp\/v2\/posts\/11716468\/revisions"}],"predecessor-version":[{"id":11716470,"href":"https:\/\/www.corumbaonline.com.br\/news\/wp-json\/wp\/v2\/posts\/11716468\/revisions\/11716470"}],"wp:featuredmedia":[{"embeddable":true,"href":"https:\/\/www.corumbaonline.com.br\/news\/wp-json\/wp\/v2\/media\/11716469"}],"wp:attachment":[{"href":"https:\/\/www.corumbaonline.com.br\/news\/wp-json\/wp\/v2\/media?parent=11716468"}],"wp:term":[{"taxonomy":"category","embeddable":true,"href":"https:\/\/www.corumbaonline.com.br\/news\/wp-json\/wp\/v2\/categories?post=11716468"},{"taxonomy":"post_tag","embeddable":true,"href":"https:\/\/www.corumbaonline.com.br\/news\/wp-json\/wp\/v2\/tags?post=11716468"}],"curies":[{"name":"wp","href":"https:\/\/api.w.org\/{rel}","templated":true}]}}