{"id":11716499,"date":"2021-07-13T09:48:00","date_gmt":"2021-07-13T13:48:00","guid":{"rendered":"http:\/\/www.corumbaonline.com.br\/news\/?p=11716499"},"modified":"2021-07-13T11:05:39","modified_gmt":"2021-07-13T15:05:39","slug":"ifms-abre-prazo-de-matriculas-para-cursos-de-qualificacao-profissional","status":"publish","type":"post","link":"https:\/\/www.corumbaonline.com.br\/news\/ifms-abre-prazo-de-matriculas-para-cursos-de-qualificacao-profissional\/","title":{"rendered":"IFMS abre prazo de matr\u00edculas para cursos de qualifica\u00e7\u00e3o profissional"},"content":{"rendered":"<p dir=\"ltr\">O Instituto Federal de Mato Grosso do Sul (IFMS) abriu nesta segunda-feira, 12, o per\u00edodo de matr\u00edculas nos cursos de qualifica\u00e7\u00e3o profissional ofertados a dist\u00e2ncia.<\/p>\n<p dir=\"ltr\">A\u00a0<a href=\"http:\/\/www.ifms.edu.br:9000\/lists\/lt.php?tid=KxkFAAdaW1ICB0tUVQQHTlABCwNOWwAKUhsJXwZVVFcHBgAKVwgfB1VVUwJTAFFOBQZXUU4NWwgDGwBTAwNPCVoDUQVdWwZTW1cFH1ICAwYCUlcDTghaXAYbDFZQBk8JVlZUH1AKVgBWAgNWVAIABw\" target=\"_blank\" rel=\"noopener noreferrer\">classifica\u00e7\u00e3o final e a primeira chamada<\/a>\u00a0foram divulgadas na \u00faltima quarta-feira, 7, junto \u00e0 convoca\u00e7\u00e3o para os testes de nivelamento.<\/p>\n<p dir=\"ltr\">O\u00a0<a href=\"http:\/\/www.ifms.edu.br:9000\/lists\/lt.php?tid=KxkDBFAKVgYHVEtTAQcBTlBQUANOWFsMVxsIAAQHUlNSBgYBVA4fB1VVUwJTAFFOBQZXUU4NWwgDGwBTAwNPCVoDUQVdWwZTW1cFH1ICAwYCUlcDTghaXAYbDFZQBk8JVlZUH1AKVgBWAgNWVAIABw\" target=\"_blank\" rel=\"noopener noreferrer\">resultado do teste de nivelamento<\/a>, por sua vez, foi divulgado na sexta-feira, 9.<\/p>\n<p dir=\"ltr\">Os convocados em primeira chamada e os aprovados no teste de nivelamento dever\u00e3o efetuar a matr\u00edcula on-line at\u00e9 a sexta-feira, 16.<\/p>\n<p dir=\"ltr\">O edital e todos os resultados e convoca\u00e7\u00f5es deste processo seletivo est\u00e3o dispon\u00edveis na\u00a0<a href=\"http:\/\/www.ifms.edu.br:9000\/lists\/lt.php?tid=KxkBBQRZBgUAVktaVFcATlBVAwdOWAAMVRsAVVMLWwBQVAdUUlsfB1VVUwJTAFFOBQZXUU4NWwgDGwBTAwNPCVoDUQVdWwZTW1cFH1ICAwYCUlcDTghaXAYbDFZQBk8JVlZUH1AKVgBWAgNWVAIABw\" target=\"_blank\" rel=\"noopener noreferrer\">Central de Sele\u00e7\u00e3o do IFMS<\/a>.<\/p>\n<p dir=\"ltr\"><strong>Matr\u00edcula &#8211;<\/strong>\u00a0Os aprovados na prova de nivelamento e demais convocados em primeira chamada dever\u00e3o fazer a<a href=\"http:\/\/www.ifms.edu.br:9000\/lists\/lt.php?tid=KxkHVAMAWgEBUksGVgJUTlADAQdOAF0NBxsOVFMKUANbBgwDB10fB1VVUwJTAFFOBQZXUU4NWwgDGwBTAwNPCVoDUQVdWwZTW1cFH1ICAwYCUlcDTghaXAYbDFZQBk8JVlZUH1AKVgBWAgNWVAIABw\" target=\"_blank\" rel=\"noopener noreferrer\">\u00a0matr\u00edcula de forma on-line<\/a>.<\/p>\n<p dir=\"ltr\">O candidato dever\u00e1 enviar os seguintes documentos digitalizados:<\/p>\n<ul>\n<li>Requerimento de Matr\u00edcula (que ser\u00e1 disponibilizado na Central de Sele\u00e7\u00e3o) preenchido e assinado, com o n\u00famero do CPF do candidato;<\/li>\n<li>Carteira de Identidade (RG) ou outro documento oficial de identifica\u00e7\u00e3o com foto;<\/li>\n<li>Cadastro de Pessoa F\u00edsica (CPF), caso n\u00e3o conste no documento oficial de identifica\u00e7\u00e3o;<\/li>\n<li>Documento que comprove escolaridade m\u00ednima exigida para o curso ou comprovante de escolaridade superior \u00e0 m\u00ednima;<\/li>\n<li>Documento que comprove estar em dia com o Servi\u00e7o Militar, para os brasileiros entre 19 e 45 anos de idade completos ou a serem completados at\u00e9 31 de dezembro do ano corrente; e<\/li>\n<li>Uma foto 3&#215;4 recente ou foto do tipo selfie de rosto, vis\u00edvel, centralizado e com fundo branco.<\/li>\n<\/ul>\n<p dir=\"ltr\">Caso o convocado seja menor de 18 anos, dever\u00e1 apresentar o termo de ci\u00eancia para solicita\u00e7\u00e3o de matr\u00edcula online, a ser assinado pelo respons\u00e1vel legal, a certid\u00e3o de nascimento e documento oficial com foto do respons\u00e1vel legal.<\/p>\n<p dir=\"ltr\"><strong>Vagas &#8211;<\/strong>\u00a0Foram ofertadas 1.265 vagas nos cursos de Ingl\u00eas e Espanhol B\u00e1sico I e II, Operador de Computador e Vendedor.<\/p>\n<p dir=\"ltr\">As vagas est\u00e3o distribu\u00eddas nos polos dos munic\u00edpios de \u00c1gua Clara, Alcin\u00f3polis, Aquidauana, Campo Grande, Corumb\u00e1, Costa Rica, Coxim, Dourados, Figueir\u00e3o, Jardim, Nova Andradina, Ponta Por\u00e3, S\u00e3o Gabriel do Oeste, Sonora e Tr\u00eas Lagoas.<\/p>\n<p dir=\"ltr\">Os cursos, oferecidos na modalidade Forma\u00e7\u00e3o Inicial e Continuada (FIC), t\u00eam dura\u00e7\u00e3o que varia entre tr\u00eas e cinco meses e preveem encontros semanais presenciais, com ingresso no segundo semestre.<\/p>\n","protected":false},"excerpt":{"rendered":"<p>O Instituto Federal de Mato Grosso do Sul (IFMS) abriu nesta segunda-feira, 12, o per\u00edodo&#8230;<\/p>\n","protected":false},"author":9,"featured_media":0,"comment_status":"closed","ping_status":"closed","sticky":false,"template":"","format":"standard","meta":{"footnotes":""},"categories":[10],"tags":[],"class_list":["post-11716499","post","type-post","status-publish","format-standard","hentry","category-educacao"],"_links":{"self":[{"href":"https:\/\/www.corumbaonline.com.br\/news\/wp-json\/wp\/v2\/posts\/11716499","targetHints":{"allow":["GET"]}}],"collection":[{"href":"https:\/\/www.corumbaonline.com.br\/news\/wp-json\/wp\/v2\/posts"}],"about":[{"href":"https:\/\/www.corumbaonline.com.br\/news\/wp-json\/wp\/v2\/types\/post"}],"author":[{"embeddable":true,"href":"https:\/\/www.corumbaonline.com.br\/news\/wp-json\/wp\/v2\/users\/9"}],"replies":[{"embeddable":true,"href":"https:\/\/www.corumbaonline.com.br\/news\/wp-json\/wp\/v2\/comments?post=11716499"}],"version-history":[{"count":1,"href":"https:\/\/www.corumbaonline.com.br\/news\/wp-json\/wp\/v2\/posts\/11716499\/revisions"}],"predecessor-version":[{"id":11716500,"href":"https:\/\/www.corumbaonline.com.br\/news\/wp-json\/wp\/v2\/posts\/11716499\/revisions\/11716500"}],"wp:attachment":[{"href":"https:\/\/www.corumbaonline.com.br\/news\/wp-json\/wp\/v2\/media?parent=11716499"}],"wp:term":[{"taxonomy":"category","embeddable":true,"href":"https:\/\/www.corumbaonline.com.br\/news\/wp-json\/wp\/v2\/categories?post=11716499"},{"taxonomy":"post_tag","embeddable":true,"href":"https:\/\/www.corumbaonline.com.br\/news\/wp-json\/wp\/v2\/tags?post=11716499"}],"curies":[{"name":"wp","href":"https:\/\/api.w.org\/{rel}","templated":true}]}}