{"id":11716537,"date":"2021-07-14T09:20:00","date_gmt":"2021-07-14T13:20:00","guid":{"rendered":"http:\/\/www.corumbaonline.com.br\/news\/?p=11716537"},"modified":"2021-07-14T11:25:16","modified_gmt":"2021-07-14T15:25:16","slug":"ms-tem-mais-dois-decretos-de-emergencia-por-causa-da-seca-e-geada","status":"publish","type":"post","link":"https:\/\/www.corumbaonline.com.br\/news\/ms-tem-mais-dois-decretos-de-emergencia-por-causa-da-seca-e-geada\/","title":{"rendered":"MS tem mais dois decretos de emerg\u00eancia por causa da seca e geada"},"content":{"rendered":"<p data-uw-styling-context=\"true\">Diante do pior cen\u00e1rio de seca hidrol\u00f3gica na por\u00e7\u00e3o alta do Rio Paran\u00e1, desde 1981, e das recentes geadas, o governador Reinaldo Azambuja publicou mais dois decretos no Di\u00e1rio Oficial desta quarta-feira (14), declarando situa\u00e7\u00e3o de emerg\u00eancia pelo prazo de 180 dias em Mato Grosso do Sul.<\/p>\n<p data-uw-styling-context=\"true\">O governador destaca que a seca, por exemplo, j\u00e1 acarretou em preju\u00edzos na gera\u00e7\u00e3o de energia. \u201cA geada afetou muito algumas regi\u00f5es e a seca foi extremamente danosa. Acho que os decretos de situa\u00e7\u00e3o de emerg\u00eancia ajudam, criando uma rede de prote\u00e7\u00e3o, e ajuda o Estado a ter umas tomadas de decis\u00f5es e apoio aos setores mais afetados\u201d, disse.<\/p>\n<p data-uw-styling-context=\"true\">O primeiro decreto de situa\u00e7\u00e3o emerg\u00eancia, pela seca, considera notas e resolu\u00e7\u00f5es, entre elas uma do Centro Nacional de Monitoramento de Alertas de Desastres Naturais (CEMADEN), que aponta para seca classificada como \u201csevera\u201d a \u201cexcepcional\u201d com dura\u00e7\u00e3o de mais de 24 meses. A nota informativa da reuni\u00e3o do Comit\u00ea de Monitoramento do Setor El\u00e9trico (CMSE) que avaliou as condi\u00e7\u00f5es de suprimento energ\u00e9tico do Sistema Interligado Nacional, e prev\u00ea a situa\u00e7\u00e3o ainda persistente nos pr\u00f3ximos meses, especificamente nas regi\u00f5es Sudeste e Centro-Oeste, tamb\u00e9m foi considerada.<\/p>\n<p data-uw-styling-context=\"true\">O segundo decreto leva em conta as geadas que atingiram algumas regi\u00f5es de Mato Grosso do Sul entre 28 de junho e 1\u00b0 de julho, conforme relat\u00f3rio da Secretaria de Estado de Meio Ambiente, Desenvolvimento Econ\u00f4mico, Produ\u00e7\u00e3o e Agricultura Familiar (Semagro), e afetou uma \u00e1rea de aproximadamente 420 mil hectares, o que corresponde a 21% da \u00e1rea plantada no Estado e tamb\u00e9m 30,2% da \u00e1rea cultivada do MS, conforme dados do Projeto SIGA\/MS.<\/p>\n","protected":false},"excerpt":{"rendered":"<p>Diante do pior cen\u00e1rio de seca hidrol\u00f3gica na por\u00e7\u00e3o alta do Rio Paran\u00e1, desde 1981,&#8230;<\/p>\n","protected":false},"author":13,"featured_media":11716538,"comment_status":"closed","ping_status":"closed","sticky":false,"template":"","format":"standard","meta":{"footnotes":""},"categories":[17],"tags":[],"class_list":["post-11716537","post","type-post","status-publish","format-standard","has-post-thumbnail","hentry","category-meio-ambiente"],"_links":{"self":[{"href":"https:\/\/www.corumbaonline.com.br\/news\/wp-json\/wp\/v2\/posts\/11716537","targetHints":{"allow":["GET"]}}],"collection":[{"href":"https:\/\/www.corumbaonline.com.br\/news\/wp-json\/wp\/v2\/posts"}],"about":[{"href":"https:\/\/www.corumbaonline.com.br\/news\/wp-json\/wp\/v2\/types\/post"}],"author":[{"embeddable":true,"href":"https:\/\/www.corumbaonline.com.br\/news\/wp-json\/wp\/v2\/users\/13"}],"replies":[{"embeddable":true,"href":"https:\/\/www.corumbaonline.com.br\/news\/wp-json\/wp\/v2\/comments?post=11716537"}],"version-history":[{"count":1,"href":"https:\/\/www.corumbaonline.com.br\/news\/wp-json\/wp\/v2\/posts\/11716537\/revisions"}],"predecessor-version":[{"id":11716539,"href":"https:\/\/www.corumbaonline.com.br\/news\/wp-json\/wp\/v2\/posts\/11716537\/revisions\/11716539"}],"wp:featuredmedia":[{"embeddable":true,"href":"https:\/\/www.corumbaonline.com.br\/news\/wp-json\/wp\/v2\/media\/11716538"}],"wp:attachment":[{"href":"https:\/\/www.corumbaonline.com.br\/news\/wp-json\/wp\/v2\/media?parent=11716537"}],"wp:term":[{"taxonomy":"category","embeddable":true,"href":"https:\/\/www.corumbaonline.com.br\/news\/wp-json\/wp\/v2\/categories?post=11716537"},{"taxonomy":"post_tag","embeddable":true,"href":"https:\/\/www.corumbaonline.com.br\/news\/wp-json\/wp\/v2\/tags?post=11716537"}],"curies":[{"name":"wp","href":"https:\/\/api.w.org\/{rel}","templated":true}]}}