{"id":11716543,"date":"2021-07-14T09:46:00","date_gmt":"2021-07-14T13:46:00","guid":{"rendered":"http:\/\/www.corumbaonline.com.br\/news\/?p=11716543"},"modified":"2021-07-14T11:45:19","modified_gmt":"2021-07-14T15:45:19","slug":"projeto-contemplado-pelo-fic-batalha-de-bandas-abre-inscricoes","status":"publish","type":"post","link":"https:\/\/www.corumbaonline.com.br\/news\/projeto-contemplado-pelo-fic-batalha-de-bandas-abre-inscricoes\/","title":{"rendered":"Projeto contemplado pelo FIC, Batalha de Bandas abre inscri\u00e7\u00f5es"},"content":{"rendered":"<p data-uw-styling-context=\"true\">A Batalha de Bandas, festival de m\u00fasicas autorais de MS, est\u00e1 com inscri\u00e7\u00f5es abertas a partir desta ter\u00e7a-feira (13). O projeto foi contemplado pelo FIC 2019 (Fundo de Investimentos Culturais da Funda\u00e7\u00e3o de Cultura de Mato Grosso do Sul.<\/p>\n<p data-uw-styling-context=\"true\">A \u201cBatalha \u201dteve sua primeira edi\u00e7\u00e3o em 2014, e trata-se de um Festival para trazer representatividade para as bandas autorais de Mato Grosso do Sul. \u201cPara voc\u00ea fazer parte da batalha de bandas voc\u00ea tem que escrever e tocar suas pr\u00f3prias m\u00fasicas. E a\u00ed a gente vem fazendo desde 2014, paramos em 2020 por conta da pandemia, a gente n\u00e3o quis fazer uma live porque as bandas s\u00e3o grandes, qualquer ideia que a gente teve ia ter uma aglomera\u00e7\u00e3o. Por isto preferimos esperar a aprova\u00e7\u00e3o final do FIC para realizar em 2021\u201d, afirma a proponente do projeto do FIC, Ana Paula Ostapenko.<\/p>\n<p data-uw-styling-context=\"true\">O Batalha de Bandas \u00e9 o maior evento de m\u00fasica autoral do Estado. De 2014 para c\u00e1, mais de 60 bandas sul-mato-grossenses passaram por seus palcos e mais de 150 grupos se inscreveram.\u00a0 Em 2020, o festival n\u00e3o p\u00f4de acontecer, mas encontra em 2021 um novo cen\u00e1rio para ocupar os palcos. &#8220;O Batalha de Bandas deve acontecer em setembro, com todos os cuidados que o per\u00edodo pede&#8221;, diz Ana Ostapenko.<\/p>\n<p data-uw-styling-context=\"true\">Para Ana Paula o FIC \u00e9 de suma import\u00e2ncia para os projetos culturais de MS: \u201cEle garante a realiza\u00e7\u00e3o de obras e eventos de qualidade, al\u00e9m do reconhecimento de artistas e produtores do nosso Estado. Sempre realizamos o \u2018Batalha\u2019 sem verba, apenas com dinheiro do que vendia na portaria do evento e com parceiros para conseguirmos os pr\u00eamios\u201d, explica. Com esse aporte do FIC, a banda poder\u00e1 remunerar cada prestador, fazer a\u00e7\u00f5es maiores de divulga\u00e7\u00e3o, al\u00e9m de permitir entrada gratuita no evento, voltando apenas para a parte social. O ingresso esse ano ser\u00e1 de um kg de alimento n\u00e3o perec\u00edvel. \u201cSempre tivemos essa entrada social, mas agora poderemos focar muito mais na arrecada\u00e7\u00e3o e no mais importante: a m\u00fasica autoral de MS\u201d, conclui.<\/p>\n<p><strong data-uw-styling-context=\"true\">Como participar\u00a0<\/strong><strong>\u00a0<\/strong><\/p>\n<p data-uw-styling-context=\"true\">As inscri\u00e7\u00f5es para o Batalha de Bandas come\u00e7aram no Dia do Rock, 13 de julho, e terminam no dia 13 de agosto. Podem se inscrever via formul\u00e1rio online bandas sul-mato-grossenses de qualquer vertente do rock, cujos integrantes tenham mais de 14 anos de idade. Os interessados devem apresentar na inscri\u00e7\u00e3o uma m\u00fasica autoral, em \u00e1udio ou v\u00eddeo, via Soundcloud ou YouTube. &#8220;N\u00e3o h\u00e1 necessidade de ser uma grava\u00e7\u00e3o profissional, pode inclusive ser de um ensaio. O intuito \u00e9 dar visibilidade a novos talentos do rock regional&#8221;, pontua Ostapenko.<\/p>\n<p data-uw-styling-context=\"true\">A sele\u00e7\u00e3o \u00e9 feita por um time de t\u00e9cnicos que avalia todo o material enviado e seleciona os grandes finalistas. Os nomes ser\u00e3o divulgados no dia 20 de agosto na fanpage da Batalha de Bandas. No dia da grande final, durante o evento, os jurados avaliam quatro quesitos: Composi\u00e7\u00e3o, Performance, Execu\u00e7\u00e3o e Letra.<\/p>\n<p data-uw-styling-context=\"true\">A banda vencedora ganha a grava\u00e7\u00e3o de um DVD com quatro m\u00fasicas, um ensaio fotogr\u00e1fico no dia da grava\u00e7\u00e3o do DVD, dez camisetas de merchandising da banda e uma consultoria de carreira. O segundo lugar e a banda escolhida pelo p\u00fablico levam a grava\u00e7\u00e3o de um single cada. J\u00e1 o terceiro lugar, ganha um ensaio fotogr\u00e1fico. &#8220;Essa premia\u00e7\u00e3o proporciona \u00e0s bandas vencedoras a oportunidade de terem um material pr\u00f3prio para o ingresso no mercado musical&#8221;, pontua Caio Dutra, produtor t\u00e9cnico do festival.<\/p>\n<p data-uw-styling-context=\"true\">Arthur Maximilliano, guitarrista da banda Codinome Winchester, primeira banda a ganhar o Batalha de Bandas, reitera a import\u00e2ncia desse tipo de festival, sobretudo para incentivar os m\u00fasicos a n\u00e3o desistirem. &#8220;Festivais como o Batalha incentivam as bandas a acreditarem em seu trabalho. Para n\u00f3s, vencer a primeira edi\u00e7\u00e3o foi importante porque, como pr\u00eamio, conseguimos gravar nosso segundo EP, o Ocasi\u00f5es Espaciais, que foi muito importante para n\u00f3s em um cen\u00e1rio nacional&#8221;.<\/p>\n<p data-uw-styling-context=\"true\">O link para inscri\u00e7\u00f5es e todos os detalhes da edi\u00e7\u00e3o 2021 ser\u00e3o divulgados em uma live no\u00a0 perfil do Instagram do Batalha de Bandas (<a href=\"http:\/\/www.instagram.com\/batalhadebandas\" data-uw-styling-context=\"true\">www.instagram.com\/batalhadebandas<\/a>), no dia 13 de julho, \u00e0s 20 horas, hor\u00e1rio local.<\/p>\n<p data-uw-styling-context=\"true\">Para mais informa\u00e7\u00f5es sobre o Batalha de Bandas, basta acessar\u00a0<a href=\"http:\/\/www.facebook.com\/batalhadebandascg\" data-uw-styling-context=\"true\">www.facebook.com\/batalhadebandascg<\/a>.<\/p>\n","protected":false},"excerpt":{"rendered":"<p>A Batalha de Bandas, festival de m\u00fasicas autorais de MS, est\u00e1 com inscri\u00e7\u00f5es abertas a&#8230;<\/p>\n","protected":false},"author":13,"featured_media":11716544,"comment_status":"closed","ping_status":"closed","sticky":false,"template":"","format":"standard","meta":{"footnotes":""},"categories":[7],"tags":[],"class_list":["post-11716543","post","type-post","status-publish","format-standard","has-post-thumbnail","hentry","category-cultura"],"_links":{"self":[{"href":"https:\/\/www.corumbaonline.com.br\/news\/wp-json\/wp\/v2\/posts\/11716543","targetHints":{"allow":["GET"]}}],"collection":[{"href":"https:\/\/www.corumbaonline.com.br\/news\/wp-json\/wp\/v2\/posts"}],"about":[{"href":"https:\/\/www.corumbaonline.com.br\/news\/wp-json\/wp\/v2\/types\/post"}],"author":[{"embeddable":true,"href":"https:\/\/www.corumbaonline.com.br\/news\/wp-json\/wp\/v2\/users\/13"}],"replies":[{"embeddable":true,"href":"https:\/\/www.corumbaonline.com.br\/news\/wp-json\/wp\/v2\/comments?post=11716543"}],"version-history":[{"count":1,"href":"https:\/\/www.corumbaonline.com.br\/news\/wp-json\/wp\/v2\/posts\/11716543\/revisions"}],"predecessor-version":[{"id":11716545,"href":"https:\/\/www.corumbaonline.com.br\/news\/wp-json\/wp\/v2\/posts\/11716543\/revisions\/11716545"}],"wp:featuredmedia":[{"embeddable":true,"href":"https:\/\/www.corumbaonline.com.br\/news\/wp-json\/wp\/v2\/media\/11716544"}],"wp:attachment":[{"href":"https:\/\/www.corumbaonline.com.br\/news\/wp-json\/wp\/v2\/media?parent=11716543"}],"wp:term":[{"taxonomy":"category","embeddable":true,"href":"https:\/\/www.corumbaonline.com.br\/news\/wp-json\/wp\/v2\/categories?post=11716543"},{"taxonomy":"post_tag","embeddable":true,"href":"https:\/\/www.corumbaonline.com.br\/news\/wp-json\/wp\/v2\/tags?post=11716543"}],"curies":[{"name":"wp","href":"https:\/\/api.w.org\/{rel}","templated":true}]}}