{"id":11716576,"date":"2021-07-15T08:44:00","date_gmt":"2021-07-15T12:44:00","guid":{"rendered":"http:\/\/www.corumbaonline.com.br\/news\/?p=11716576"},"modified":"2021-07-15T08:16:48","modified_gmt":"2021-07-15T12:16:48","slug":"ifms-lanca-nova-especializacao-no-campus-corumba","status":"publish","type":"post","link":"https:\/\/www.corumbaonline.com.br\/news\/ifms-lanca-nova-especializacao-no-campus-corumba\/","title":{"rendered":"IFMS lan\u00e7a nova especializa\u00e7\u00e3o no Campus Corumb\u00e1"},"content":{"rendered":"<p>O Instituto Federal de Mato Grosso do Sul (IFMS) inicia no segundo semestre de 2021 a oferta do curso de p\u00f3s-gradua\u00e7\u00e3o\u00a0<em>lato sensu<\/em>\u00a0em Estrat\u00e9gias para Conserva\u00e7\u00e3o da Natureza.<\/p>\n<p>A especializa\u00e7\u00e3o \u00e9 promovido pelo Campus Corumb\u00e1, em parceria com o\u00a0<a class=\"x_external-link\" href=\"http:\/\/www.ifms.edu.br:9000\/lists\/lt.php?tid=KxkEAwdZUAdRUEsCD1NRTlAACgROWwoIBxsJVFEKVVdaAAMAUVwfCVRVBVVUUgBOUAdUV04NXVoDG1kFAVdPAgJTUAtVDFAFBQdVH1ICAwYCUlcDTghaXAYbDFZQBk8JVlZUH1AKVgBWAgNWVAIABw\" target=\"_blank\" rel=\"noopener noreferrer\">Instituto Homem Pantaneiro (IHP)<\/a>\u00a0\u2013\u00a0organiza\u00e7\u00e3o da sociedade civil, sem fins lucrativos, que atua na preserva\u00e7\u00e3o do bioma Pantanal e da cultura local\u00a0\u2013 por meio de um termo de coopera\u00e7\u00e3o.<\/p>\n<p>O objetivo do curso \u00e9 formar especialistas em estrat\u00e9gias para conserva\u00e7\u00e3o e prote\u00e7\u00e3o da natureza, capacitados para analisar e intervir no territ\u00f3rio nacional de forma conjunta com diferentes atores e organiza\u00e7\u00f5es, promovendo uma gest\u00e3o integrada da biodiversidade, com base nos conhecimentos cient\u00edficos e legais sobre a educa\u00e7\u00e3o ambiental.<\/p>\n<p>Nesta quarta-feira, 14, ser\u00e1 feita uma apresenta\u00e7\u00e3o sobre a especializa\u00e7\u00e3o em\u00a0<a class=\"x_external-link\" href=\"http:\/\/www.ifms.edu.br:9000\/lists\/lt.php?tid=KxlQBlUOAQJQUUtVVAJRTlADCwdOWFoAUhsIUgEFUlIAAAVUU10fCVRVBVVUUgBOUAdUV04NXVoDG1kFAVdPAgJTUAtVDFAFBQdVH1ICAwYCUlcDTghaXAYbDFZQBk8JVlZUH1AKVgBWAgNWVAIABw\" target=\"_blank\" rel=\"noopener noreferrer\">transmiss\u00e3o ao vivo<\/a>, a partir das 16h30. Participam dela representantes da reitoria do Instituto Federal, do Campus Corumb\u00e1, do IHP e da Pol\u00edcia Militar do Mato Grosso do Sul.<\/p>\n<p>Ap\u00f3s o t\u00e9rmino da transmiss\u00e3o, o v\u00eddeo ficar\u00e1 dispon\u00edvel aos interessados no\u00a0<a class=\"x_external-link\" href=\"http:\/\/www.ifms.edu.br:9000\/lists\/lt.php?tid=KxkGUFEPVghSV0sCAVMHTlADU1VOWA4PUhsNAwUDB1VUXQZUUFofCVRVBVVUUgBOUAdUV04NXVoDG1kFAVdPAgJTUAtVDFAFBQdVH1ICAwYCUlcDTghaXAYbDFZQBk8JVlZUH1AKVgBWAgNWVAIABw\" target=\"_blank\" rel=\"noopener noreferrer\">canal oficial do IFMS<\/a>\u00a0no YouTube.<\/p>\n<p><strong>Especializa\u00e7\u00e3o<\/strong>\u00a0\u2013 As aulas, predominantemente a dist\u00e2ncia, come\u00e7am no segundo semestre deste ano. Realizado em regime modular, com cinco m\u00f3dulos no total, a dura\u00e7\u00e3o do curso ser\u00e1 de 18 meses. Entre os temas a serem abordados nos durante o cumprimento dos m\u00f3dulos estar\u00e3o:<\/p>\n<ul>\n<li>ecologia b\u00e1sica;<\/li>\n<li>biologia da conserva\u00e7\u00e3o;<\/li>\n<li>fundamentos e pr\u00e1ticas em educa\u00e7\u00e3o ambiental;<\/li>\n<li>gest\u00e3o e manejo de \u00e1reas protegidas;<\/li>\n<li>hist\u00f3rico das pol\u00edticas ambientais no Brasil;<\/li>\n<li>legisla\u00e7\u00e3o ambiental aplicada ao policiamento ambiental;<\/li>\n<li>planejamento, manejo e gest\u00e3o de bacias hidrogr\u00e1ficas;<\/li>\n<li>alternativas para a gest\u00e3o de recursos h\u00eddricos;<\/li>\n<li>sistemas de informa\u00e7\u00f5es geogr\u00e1ficas;<\/li>\n<li class=\"x_last-item\">geotecnologias aplicadas ao meio ambiente.<\/li>\n<\/ul>\n<p>A p\u00f3s-gradua\u00e7\u00e3o prev\u00ea ainda conte\u00fados voltados a metodologia de ensino a dist\u00e2ncia, metodologia cient\u00edfica e t\u00f3picos especiais \u2013 em formato h\u00edbrido, composto por simp\u00f3sio,\u00a0<em>workshop<\/em>, mesa-redonda e curso de campo, com a participa\u00e7\u00e3o de profissionais convidados \u2013 al\u00e9m da realiza\u00e7\u00e3o de trabalho de conclus\u00e3o de curso (TCC).<\/p>\n<p>A carga hor\u00e1ria total, entre atividades a dist\u00e2ncia, presenciais e produ\u00e7\u00e3o do TCC, \u00e9 de 460h. Mais informa\u00e7\u00f5es est\u00e3o dispon\u00edveis na\u00a0<a class=\"x_internal-link\" href=\"http:\/\/www.ifms.edu.br:9000\/lists\/lt.php?tid=KxkFCwFeAQRVUktTAwRWTlBSBgBOAQheBxsKVwMAUAhbBwABBFofCVRVBVVUUgBOUAdUV04NXVoDG1kFAVdPAgJTUAtVDFAFBQdVH1ICAwYCUlcDTghaXAYbDFZQBk8JVlZUH1AKVgBWAgNWVAIABw\" target=\"_blank\" rel=\"noopener noreferrer\">p\u00e1gina do curso<\/a>.<\/p>\n<p><img decoding=\"async\" class=\"x_image-inline\" title=\"Bioma Pantanal\" src=\"https:\/\/www.ifms.edu.br\/imagens\/imagens-noticias\/especializacao-em-conservacao-da-natureza\/pantanal-wwf.jpg\" alt=\"Bioma Pantanal\" \/><br \/>\n<span class=\"x_discreet\">Bioma Pantanal\u00a0desempenha importante papel na conserva\u00e7\u00e3o da biodiversidade na regi\u00e3o (Foto:\u00a0WWF-Brasil\/Adriano Gambarini)<\/span><\/p>\n<p><strong>Conserva\u00e7\u00e3o da natureza<\/strong>\u00a0\u2013 A abertura da p\u00f3s-gradua\u00e7\u00e3o \u00e9 resultado de um esfor\u00e7o conjunto entre o Instituto Federal e IHP, que ficar\u00e1 respons\u00e1vel pelas atividades presenciais, com aulas pr\u00e1ticas \u2013 25% da carga hor\u00e1ria do curso \u2013 nos munic\u00edpios de Corumb\u00e1 e Lad\u00e1rio.<\/p>\n<p>\u201cAs tratativas iniciais reportam, a pelo menos dois anos, onde percorremos a rotina de implanta\u00e7\u00e3o: conversa com os diretores locais, docentes e pr\u00f3-reitoria. Nelas, confirmamos o interesse e a viabilidade para ent\u00e3o definirmos uma comiss\u00e3o interinstitucional, considerando a import\u00e2ncia do curso para a regi\u00e3o e o intuito de fortalecermos nossa miss\u00e3o institucional\u201d, informa o diretor-geral do Campus Corumb\u00e1, Wanderson Batista.<\/p>\n<p>O primeiro processo seletivo para ingresso prev\u00ea a reserva de 35 vagas a policiais militares ambientais de todo territ\u00f3rio nacional e cinco para os demais interessados, que residam nas duas cidades. Para os dois p\u00fablicos \u00e9 necess\u00e1rio possuir diploma de ensino superior.<\/p>\n<p>\u201cOs focos s\u00e3o o aperfei\u00e7oar e especializar os policias militares ambientais lotados em unidades de prote\u00e7\u00e3o e conserva\u00e7\u00e3o ambiental. Naturalmente, com a oferta pelo Campus Corumb\u00e1 e levando em conta o bioma Pantanal, as vagas para os civis tamb\u00e9m possibilitar\u00e3o o aperfei\u00e7oamento desses participantes \u201d, destaca o pr\u00f3-reitor de Pesquisa, Inova\u00e7\u00e3o e P\u00f3s-gradua\u00e7\u00e3o (Propi) do IFMS, Felipe de Oliveira.<\/p>\n<p>A miss\u00e3o principal do Instituto Homem Pantaneiro \u00e9 preservar o bioma, resguardando as caracter\u00edsticas f\u00edsicas, biol\u00f3gicas e culturais, atrav\u00e9s do fomento a gera\u00e7\u00e3o de conhecimento por meio de pesquisas cient\u00edficas e incentivo as parcerias institucionais.<\/p>\n<p>\u201cCom esse curso buscamos trazer os policiais militares para a quest\u00e3o ambiental, de maneira mais qualificada e competente, com \u00eanfase na preven\u00e7\u00e3o. A consolida\u00e7\u00e3o dessa especializa\u00e7\u00e3o se associa a um olhar para o futuro, que passa pela prote\u00e7\u00e3o aos recursos naturais do pa\u00eds\u201d, explica o presidente da institui\u00e7\u00e3o, coronel \u00c2ngelo Rabelo.<\/p>\n<p>O edital de abertura est\u00e1 publicado na\u00a0<a class=\"x_external-link\" href=\"http:\/\/www.ifms.edu.br:9000\/lists\/lt.php?tid=KxkDUAFcVABRVEtXVVlSTlBTBlJOAF4BBRteX1QCAFNbVwECUw8fCVRVBVVUUgBOUAdUV04NXVoDG1kFAVdPAgJTUAtVDFAFBQdVH1ICAwYCUlcDTghaXAYbDFZQBk8JVlZUH1AKVgBWAgNWVAIABw\" target=\"_blank\" rel=\"noopener noreferrer\">Central de Sele\u00e7\u00e3o<\/a>. As inscri\u00e7\u00f5es v\u00e3o de 21 de julho a 1\u00b0 de agosto, na\u00a0<a class=\"x_external-link\" href=\"http:\/\/www.ifms.edu.br:9000\/lists\/lt.php?tid=KxkNV11cVgJQA0tTUwJdTlAHAgNOAFwIVBsMVwQFUwABU1cHA10fCVRVBVVUUgBOUAdUV04NXVoDG1kFAVdPAgJTUAtVDFAFBQdVH1ICAwYCUlcDTghaXAYbDFZQBk8JVlZUH1AKVgBWAgNWVAIABw\" target=\"_blank\" rel=\"noopener noreferrer\">P\u00e1gina do Candidato<\/a>. A sele\u00e7\u00e3o dos estudantes ser\u00e1 feita por sorteio eletr\u00f4nico.<\/p>\n<p><strong>Bioma<\/strong>\u00a0\u2013 O Pantanal \u00e9 a maior \u00e1rea \u00famida continental do planeta. Ele ocupa parte do Mato Grosso e Mato Grosso do Sul, se estendendo ainda pela Bol\u00edvia e Paraguai, em uma \u00e1rea de 210 mil quil\u00f4metros quadrados. Para se ter uma ideia, em compara\u00e7\u00e3o feita pelo site da organiza\u00e7\u00e3o n\u00e3o-governamental\u00a0<a class=\"x_external-link\" href=\"http:\/\/www.ifms.edu.br:9000\/lists\/lt.php?tid=KxkDA1MLAlQCWUtSUQNcTlBWAFVOAQlcVxsBAgYBUwJSVwICAQkfCVRVBVVUUgBOUAdUV04NXVoDG1kFAVdPAgJTUAtVDFAFBQdVH1ICAwYCUlcDTghaXAYbDFZQBk8JVlZUH1AKVgBWAgNWVAIABw\" target=\"_blank\" rel=\"noopener noreferrer\">WWF-Brasil<\/a>, a extens\u00e3o equivalem \u00e0 soma das \u00e1reas dos pa\u00edses B\u00e9lgica, Su\u00ed\u00e7a, Portugal e Holanda.<\/p>\n<p>Al\u00e9m das belezas naturais, o bioma tamb\u00e9m desempenha na conserva\u00e7\u00e3o da biodiversidade. O imenso reservat\u00f3rio de \u00e1gua doce presente nele \u00e9 muito importante para o suprimento de \u00e1gua, a estabiliza\u00e7\u00e3o do clima e a conserva\u00e7\u00e3o do solo.<\/p>\n<p>No entanto, o Pantanal vem sofrendo sucessivamente. Apenas em 2020, ele perdeu 26% do seu bioma por meio de inc\u00eandios, segundo dados do Laborat\u00f3rio de Sat\u00e9lites Ambientais (Lasa) da Universidade Federal do Rio de Janeiro (UFRJ) e dos governos do Mato Grosso e Mato Grosso do Sul.<\/p>\n<p>Segundo dados do Corpo de Bombeiros do MS, 21 mil hectares j\u00e1 foram queimados na parte do Pantanal que fica no Estado, apenas entre 26 de junho e 13 de julho deste ano. Com isso, o governo estadual decretou situa\u00e7\u00e3o de emerg\u00eancia devido \u00e0 estiagem e inc\u00eandios florestais. As medidas foram publicadas no\u00a0<a class=\"x_external-link\" href=\"http:\/\/www.ifms.edu.br:9000\/lists\/lt.php?tid=KxkHB1IKWwhRA0tRBAdVTlABUFJOAFpbAhtdAlZWWldbBAxWXAAfCVRVBVVUUgBOUAdUV04NXVoDG1kFAVdPAgJTUAtVDFAFBQdVH1ICAwYCUlcDTghaXAYbDFZQBk8JVlZUH1AKVgBWAgNWVAIABw\" target=\"_blank\" rel=\"noopener noreferrer\">Di\u00e1rio Oficial<\/a>\u00a0de ter\u00e7a-feira, 13, e valem por 180 dias.<\/p>\n","protected":false},"excerpt":{"rendered":"<p>O Instituto Federal de Mato Grosso do Sul (IFMS) inicia no segundo semestre de 2021&#8230;<\/p>\n","protected":false},"author":9,"featured_media":0,"comment_status":"closed","ping_status":"closed","sticky":false,"template":"","format":"standard","meta":{"footnotes":""},"categories":[10],"tags":[],"class_list":["post-11716576","post","type-post","status-publish","format-standard","hentry","category-educacao"],"_links":{"self":[{"href":"https:\/\/www.corumbaonline.com.br\/news\/wp-json\/wp\/v2\/posts\/11716576","targetHints":{"allow":["GET"]}}],"collection":[{"href":"https:\/\/www.corumbaonline.com.br\/news\/wp-json\/wp\/v2\/posts"}],"about":[{"href":"https:\/\/www.corumbaonline.com.br\/news\/wp-json\/wp\/v2\/types\/post"}],"author":[{"embeddable":true,"href":"https:\/\/www.corumbaonline.com.br\/news\/wp-json\/wp\/v2\/users\/9"}],"replies":[{"embeddable":true,"href":"https:\/\/www.corumbaonline.com.br\/news\/wp-json\/wp\/v2\/comments?post=11716576"}],"version-history":[{"count":1,"href":"https:\/\/www.corumbaonline.com.br\/news\/wp-json\/wp\/v2\/posts\/11716576\/revisions"}],"predecessor-version":[{"id":11716577,"href":"https:\/\/www.corumbaonline.com.br\/news\/wp-json\/wp\/v2\/posts\/11716576\/revisions\/11716577"}],"wp:attachment":[{"href":"https:\/\/www.corumbaonline.com.br\/news\/wp-json\/wp\/v2\/media?parent=11716576"}],"wp:term":[{"taxonomy":"category","embeddable":true,"href":"https:\/\/www.corumbaonline.com.br\/news\/wp-json\/wp\/v2\/categories?post=11716576"},{"taxonomy":"post_tag","embeddable":true,"href":"https:\/\/www.corumbaonline.com.br\/news\/wp-json\/wp\/v2\/tags?post=11716576"}],"curies":[{"name":"wp","href":"https:\/\/api.w.org\/{rel}","templated":true}]}}