{"id":11716605,"date":"2021-07-16T10:19:00","date_gmt":"2021-07-16T14:19:00","guid":{"rendered":"http:\/\/www.corumbaonline.com.br\/news\/?p=11716605"},"modified":"2021-07-16T10:38:33","modified_gmt":"2021-07-16T14:38:33","slug":"vereadores-buscam-informacoes-sobre-acoes-de-combate-as-queimadas","status":"publish","type":"post","link":"https:\/\/www.corumbaonline.com.br\/news\/vereadores-buscam-informacoes-sobre-acoes-de-combate-as-queimadas\/","title":{"rendered":"Vereadores buscam informa\u00e7\u00f5es sobre a\u00e7\u00f5es de combate \u00e0s queimadas"},"content":{"rendered":"<p>As queimadas na regi\u00e3o urbana de Corumb\u00e1 e tamb\u00e9m no Pantanal, est\u00e3o causando preocupa\u00e7\u00f5es na cidade e, ontem, quinta-feira, 15, os vereadores Genilson Jos\u00e9 e Allex Dellas se reuniram com a diretora-presidente da Funda\u00e7\u00e3o de Meio Ambiente do Pantanal, Ana Cl\u00e1udia Moreira Boabaid, tratando do assunto e refor\u00e7ando a parceria entre os poderes Legislativo e Executivo, em prol da Cidade Branca.<\/p>\n<p>No encontro, os dois vereadores que integram a Comiss\u00e3o de Meio Ambiente e Turismo (Genilson \u00e9 presidente e Allex o 1\u00ba membro), juntamente com Nelson Dib Junior, 2\u00ba membro, e Elinho Junior e Raquel Bryk, 1\u00ba e 2\u00ba suplentes, respectivamente, buscaram mais informa\u00e7\u00f5es sobre a atua\u00e7\u00e3o do Munic\u00edpio nas a\u00e7\u00f5es de combate \u00e0s queimadas.<\/p>\n<p>\u201cA preocupa\u00e7\u00e3o \u00e9 de todos. Temos que trabalhar de forma conjunta para evitar o desastre ambiental que ocorreu no ano passado. Por isso mesmo nos reunimos com a diretora-presidente da Funda\u00e7\u00e3o de Meio Ambiente, para buscarmos informa\u00e7\u00f5es concretas sobre todo o trabalho que est\u00e1 sendo desenvolvido, e colocarmos a C\u00e2mara, mais uma vez, \u00e0 disposi\u00e7\u00e3o\u201d, afirmou Allex.<\/p>\n<p>Genilson, por sua vez, citou que o foco do encontro n\u00e3o ficou restrito aos inc\u00eandios florestais que devastaram o Pantanal em 2020. Lembrou que a quest\u00e3o relacionada \u00e0 \u00e1rea urbana, tamb\u00e9m mereceu aten\u00e7\u00e3o especial, principalmente a partir de uma posi\u00e7\u00e3o mais firme em rela\u00e7\u00e3o as queimadas em terrenos baldios.<\/p>\n<p>Os dois vereadores lembraram a aprova\u00e7\u00e3o na C\u00e2mara, de Lei relacionada \u00e0s queimadas urbanas, de terrenos baldios, que precisam ser combatidas de forma mais rigorosa. Informaram ainda que, no encontro, Ana Cl\u00e1udia revelou que a Funda\u00e7\u00e3o de Meio Ambiente est\u00e1 em vista de implantar um \u2018disque den\u00fancia\u2019, canal direto com a popula\u00e7\u00e3o, justamente para den\u00fancias de crimes ambientais, inclusive relacionados a inc\u00eandios florestais no Pantanal, bem como \u00e0s queimadas urbanas.<\/p>\n","protected":false},"excerpt":{"rendered":"<p>As queimadas na regi\u00e3o urbana de Corumb\u00e1 e tamb\u00e9m no Pantanal, est\u00e3o causando preocupa\u00e7\u00f5es na&#8230;<\/p>\n","protected":false},"author":63,"featured_media":11716606,"comment_status":"closed","ping_status":"closed","sticky":false,"template":"","format":"standard","meta":{"footnotes":""},"categories":[17,19],"tags":[],"class_list":["post-11716605","post","type-post","status-publish","format-standard","has-post-thumbnail","hentry","category-meio-ambiente","category-politica"],"_links":{"self":[{"href":"https:\/\/www.corumbaonline.com.br\/news\/wp-json\/wp\/v2\/posts\/11716605","targetHints":{"allow":["GET"]}}],"collection":[{"href":"https:\/\/www.corumbaonline.com.br\/news\/wp-json\/wp\/v2\/posts"}],"about":[{"href":"https:\/\/www.corumbaonline.com.br\/news\/wp-json\/wp\/v2\/types\/post"}],"author":[{"embeddable":true,"href":"https:\/\/www.corumbaonline.com.br\/news\/wp-json\/wp\/v2\/users\/63"}],"replies":[{"embeddable":true,"href":"https:\/\/www.corumbaonline.com.br\/news\/wp-json\/wp\/v2\/comments?post=11716605"}],"version-history":[{"count":1,"href":"https:\/\/www.corumbaonline.com.br\/news\/wp-json\/wp\/v2\/posts\/11716605\/revisions"}],"predecessor-version":[{"id":11716607,"href":"https:\/\/www.corumbaonline.com.br\/news\/wp-json\/wp\/v2\/posts\/11716605\/revisions\/11716607"}],"wp:featuredmedia":[{"embeddable":true,"href":"https:\/\/www.corumbaonline.com.br\/news\/wp-json\/wp\/v2\/media\/11716606"}],"wp:attachment":[{"href":"https:\/\/www.corumbaonline.com.br\/news\/wp-json\/wp\/v2\/media?parent=11716605"}],"wp:term":[{"taxonomy":"category","embeddable":true,"href":"https:\/\/www.corumbaonline.com.br\/news\/wp-json\/wp\/v2\/categories?post=11716605"},{"taxonomy":"post_tag","embeddable":true,"href":"https:\/\/www.corumbaonline.com.br\/news\/wp-json\/wp\/v2\/tags?post=11716605"}],"curies":[{"name":"wp","href":"https:\/\/api.w.org\/{rel}","templated":true}]}}