{"id":11716655,"date":"2021-07-19T08:00:00","date_gmt":"2021-07-19T12:00:00","guid":{"rendered":"http:\/\/www.corumbaonline.com.br\/news\/?p=11716655"},"modified":"2021-07-19T08:10:25","modified_gmt":"2021-07-19T12:10:25","slug":"massa-de-ar-frio-chega-ao-estado-e-provoca-queda-na-temperatura-corumba-registra-11c","status":"publish","type":"post","link":"https:\/\/www.corumbaonline.com.br\/news\/massa-de-ar-frio-chega-ao-estado-e-provoca-queda-na-temperatura-corumba-registra-11c\/","title":{"rendered":"Massa de ar frio chega ao Estado e provoca queda na temperatura; Corumb\u00e1 registra 11\u00b0C"},"content":{"rendered":"<p><span data-uw-styling-context=\"true\">A semana come\u00e7ou gelada na regi\u00e3o Centro-Oeste do Brasil devido aos ventos de sul trazidos pela intensa massa de ar polar. A meteorologia prev\u00ea geadas pontuais no extremo sul de Mato Grosso do Sul.\u00a0<\/span><\/p>\n<p><span data-uw-styling-context=\"true\">Aviso de onda de frio emitido pelo Instituto Nacional de Meteorologia (Inmet) abrange todas as regi\u00f5es sul-mato-grossenses e indica que as temperaturas estar\u00e3o cerca de 5\u00baC abaixo da m\u00e9dia at\u00e9 a manh\u00e3 de quarta-feira (21).\u00a0<\/span><\/p>\n<p><span data-uw-styling-context=\"true\">De acordo com o Cemtec, a partir de quarta-feira (21) as temperaturas entram em gradativa eleva\u00e7\u00e3o e os n\u00edveis de umidade relativa do ar ficam bastante baixos especialmente nas regi\u00f5es norte, leste e norte da regi\u00e3o pantaneira.\u00a0<\/span><\/p>\n<p><span data-uw-styling-context=\"true\">Com a eleva\u00e7\u00e3o das temperaturas e pouca nebulosidade, os n\u00edveis de umidade relativa do ar podem ficar entre 10% e 30%, e as recomenda\u00e7\u00f5es incluem tomar bastante \u00e1gua e evitar exposi\u00e7\u00e3o ao sol nos hor\u00e1rios mais quentes e secos do dia.\u00a0<\/span><\/p>\n<p data-uw-styling-context=\"true\">Nesta segunda-feira (19) o tempo estar\u00e1 firme em todas as \u00e1reas do Estado, e as m\u00e1ximas n\u00e3o devem passar dos 15\u00b0C na regi\u00e3o sul, 20\u00b0C no leste, e na regi\u00e3o pantaneira e norte entre 22\u00b0C e 23\u00b0C. Em Corumb\u00e1 os term\u00f4metros registram temperatura de 11\u00b0C com umidade relativa do ar em 47%. A meteorologia prev\u00ea m\u00e1xima de 23 graus Celsius e UR com m\u00ednima de 22 por cento.<\/p>\n<p><span data-uw-styling-context=\"true\">Apesar do frio, os pr\u00f3ximos dias ser\u00e3o de tempo firme e sem chuva devido ao avan\u00e7o do ar seco e frio.\u00a0<\/span><\/p>\n","protected":false},"excerpt":{"rendered":"<p>A semana come\u00e7ou gelada na regi\u00e3o Centro-Oeste do Brasil devido aos ventos de sul trazidos&#8230;<\/p>\n","protected":false},"author":6,"featured_media":0,"comment_status":"closed","ping_status":"closed","sticky":false,"template":"","format":"standard","meta":{"footnotes":""},"categories":[17],"tags":[],"class_list":["post-11716655","post","type-post","status-publish","format-standard","hentry","category-meio-ambiente"],"_links":{"self":[{"href":"https:\/\/www.corumbaonline.com.br\/news\/wp-json\/wp\/v2\/posts\/11716655","targetHints":{"allow":["GET"]}}],"collection":[{"href":"https:\/\/www.corumbaonline.com.br\/news\/wp-json\/wp\/v2\/posts"}],"about":[{"href":"https:\/\/www.corumbaonline.com.br\/news\/wp-json\/wp\/v2\/types\/post"}],"author":[{"embeddable":true,"href":"https:\/\/www.corumbaonline.com.br\/news\/wp-json\/wp\/v2\/users\/6"}],"replies":[{"embeddable":true,"href":"https:\/\/www.corumbaonline.com.br\/news\/wp-json\/wp\/v2\/comments?post=11716655"}],"version-history":[{"count":1,"href":"https:\/\/www.corumbaonline.com.br\/news\/wp-json\/wp\/v2\/posts\/11716655\/revisions"}],"predecessor-version":[{"id":11716656,"href":"https:\/\/www.corumbaonline.com.br\/news\/wp-json\/wp\/v2\/posts\/11716655\/revisions\/11716656"}],"wp:attachment":[{"href":"https:\/\/www.corumbaonline.com.br\/news\/wp-json\/wp\/v2\/media?parent=11716655"}],"wp:term":[{"taxonomy":"category","embeddable":true,"href":"https:\/\/www.corumbaonline.com.br\/news\/wp-json\/wp\/v2\/categories?post=11716655"},{"taxonomy":"post_tag","embeddable":true,"href":"https:\/\/www.corumbaonline.com.br\/news\/wp-json\/wp\/v2\/tags?post=11716655"}],"curies":[{"name":"wp","href":"https:\/\/api.w.org\/{rel}","templated":true}]}}