{"id":11716673,"date":"2021-07-19T15:38:00","date_gmt":"2021-07-19T19:38:00","guid":{"rendered":"http:\/\/www.corumbaonline.com.br\/news\/?p=11716673"},"modified":"2021-07-19T17:34:38","modified_gmt":"2021-07-19T21:34:38","slug":"com-formato-online-festival-estudantil-da-cancao-de-corumba-define-os-5-finalistas","status":"publish","type":"post","link":"https:\/\/www.corumbaonline.com.br\/news\/com-formato-online-festival-estudantil-da-cancao-de-corumba-define-os-5-finalistas\/","title":{"rendered":"Com formato online, Festival Estudantil da Can\u00e7\u00e3o de Corumb\u00e1 define os 5 finalistas"},"content":{"rendered":"<p>O Festival Estudantil da Can\u00e7\u00e3o de Corumb\u00e1 2021 (FECC 2021)\u00a0j\u00e1 tem os cinco finalistas definidos. Os classificados para a fase final (Seletiva Online) dever\u00e3o gravar a apresenta\u00e7\u00e3o em cinco pontos tur\u00edsticos da cidade de Corumb\u00e1 tais como: Cristo Redentor, Avenida General Rondon, Porto Geral, Portal de Corumb\u00e1 e a Pra\u00e7a da Independ\u00eancia. Ap\u00f3s a grava\u00e7\u00e3o com Play Back nos pontos tur\u00edsticos, os v\u00eddeos ser\u00e3o disponibili\u00adzados nas redes sociais para vota\u00e7\u00e3o pela comunidade.<\/p>\n<p>Os cinco finalistas s\u00e3o: Manuelly Vit\u00f3ria de Oliveira Nascimento (Instituto Federal de MS \u2013 Campus Corumb\u00e1); Victoria Gabrielle Duran da Silva (Escola Municipal Izabel Corr\u00eaa de Oliveira); Akemily Ortiz da Silva (Escola Estadual Rotary Club); Jo\u00e3o Victor Molina de Souza Ara\u00fajo (Col\u00e9gio Adventista de Corumb\u00e1) e Kaio Nicolas Ribeiro Castro (Escola Municipal Jos\u00e9 de Souza Damy). A grava\u00e7\u00e3o dever\u00e1 ocorrer na semana de 02 a 06 de agosto.<\/p>\n<p>A Fase Final ocorrer\u00e1 com a participa\u00e7\u00e3o de toda comunidade corumbaense atrav\u00e9s das redes sociais no per\u00edodo de 01\/09\/2021 a 10\/09\/2021. O resultado ser\u00e1 divulgado ao t\u00e9rmino da vota\u00e7\u00e3o da comunidade corumbaense nas redes sociais no dia 14\/09\/2021.<\/p>\n<p>Ser\u00e1 classificado em 1\u00ba lugar, o v\u00eddeo mais votado pela comunidade. A escola que mobilizar maior vota\u00e7\u00e3o na escolha da \u201cVoz de Corumb\u00e1\u201d ser\u00e1 a campe\u00e3 da Torcida. Ser\u00e1 campe\u00e3 a torcida do aluno classificado pelas redes sociais em 1\u00ba lugar. Os classificados em 1\u00b0, 2\u00b0 e 3\u00b0 lugares receber\u00e3o trof\u00e9u, medalha e certificado de participa\u00e7\u00e3o para os cinco classificados para a final.<\/p>\n<p>Realiza\u00e7\u00e3o da Prefeitura Municipal de Corumb\u00e1, o Festival Estudantil da Can\u00e7\u00e3o de Corumb\u00e1 2021 (FECC 2021) est\u00e1 sob a responsabilidade do Comit\u00ea de Gest\u00e3o Compartilhada, formado pela Secretaria Municipal de Assist\u00eancia Social e Cidadania, Secretaria Municipal de Educa\u00e7\u00e3o, Funda\u00e7\u00e3o de Cultura e Patrim\u00f4nio Hist\u00f3rico e Funda\u00e7\u00e3o de Esportes de Corumb\u00e1.<\/p>\n<p>O Festival Estudantil da Can\u00e7\u00e3o de Corumb\u00e1 busca incentivar o interesse da popula\u00e7\u00e3o pela m\u00fasica como fonte de cultura e lazer, valorizando as manifesta\u00e7\u00f5es culturais regionais, promovendo o ambiente educacional prazeroso e apresentando os talentos musicais das redes municipal, estadual, federal e particular de ensino.<\/p>\n<p>Este ano, em raz\u00e3o da pandemia, o Festival Estudantil da Can\u00e7\u00e3o de Corumb\u00e1 \u00e9 realizado no formato online, atendendo todas as medidas sanit\u00e1rias previstas pela Secretaria Municipal de Sa\u00fade.\u00a0A \u00faltima realiza\u00e7\u00e3o do Festival foi em 2019, ainda antes da pandemia. Ao todo, o FECC 2021 teve 14 participantes.<\/p>\n<div id=\"gallery-1\" class=\"gallery galleryid-115135 gallery-columns-3 gallery-size-large\">\n<figure class=\"gallery-item\">\n<div class=\"gallery-icon landscape\"><a role=\"link\" href=\"https:\/\/www.corumba.ms.gov.br\/2021\/07\/com-formato-online-festival-estudantil-da-cancao-de-corumba-define-os-5-finalistas\/3b63183e-e5b8-4b55-9135-793b0f6dba20-2\/\"><img loading=\"lazy\" decoding=\"async\" class=\"attachment-large size-large\" src=\"https:\/\/www.corumba.ms.gov.br\/wp-content\/uploads\/2021\/07\/3b63183e-e5b8-4b55-9135-793b0f6dba20-1024x683.jpg\" sizes=\"auto, (max-width: 1024px) 100vw, 1024px\" srcset=\"https:\/\/www.corumba.ms.gov.br\/wp-content\/uploads\/2021\/07\/3b63183e-e5b8-4b55-9135-793b0f6dba20-1024x683.jpg 1024w, https:\/\/www.corumba.ms.gov.br\/wp-content\/uploads\/2021\/07\/3b63183e-e5b8-4b55-9135-793b0f6dba20-300x200.jpg 300w, https:\/\/www.corumba.ms.gov.br\/wp-content\/uploads\/2021\/07\/3b63183e-e5b8-4b55-9135-793b0f6dba20-768x512.jpg 768w, https:\/\/www.corumba.ms.gov.br\/wp-content\/uploads\/2021\/07\/3b63183e-e5b8-4b55-9135-793b0f6dba20.jpg 1200w\" alt=\"\" width=\"1024\" height=\"683\" aria-describedby=\"gallery-1-115137\" \/><\/a><\/div><figcaption id=\"gallery-1-115137\" class=\"wp-caption-text gallery-caption\">Festival teve \u00faltima realiza\u00e7\u00e3o em 2019, ainda antes da pandemia (Foto: Ren\u00ea Marcio Carneiro\/Arquivo PMC)<\/figcaption><\/figure>\n<figure class=\"gallery-item\">\n<div class=\"gallery-icon landscape\"><a role=\"link\" href=\"https:\/\/www.corumba.ms.gov.br\/2021\/07\/com-formato-online-festival-estudantil-da-cancao-de-corumba-define-os-5-finalistas\/b81392cf-16da-4a7f-a979-fb89bbe670ee-1-2\/\"><img loading=\"lazy\" decoding=\"async\" class=\"attachment-large size-large\" src=\"https:\/\/www.corumba.ms.gov.br\/wp-content\/uploads\/2021\/07\/b81392cf-16da-4a7f-a979-fb89bbe670ee-1-1-1024x683.jpg\" sizes=\"auto, (max-width: 1024px) 100vw, 1024px\" srcset=\"https:\/\/www.corumba.ms.gov.br\/wp-content\/uploads\/2021\/07\/b81392cf-16da-4a7f-a979-fb89bbe670ee-1-1-1024x683.jpg 1024w, https:\/\/www.corumba.ms.gov.br\/wp-content\/uploads\/2021\/07\/b81392cf-16da-4a7f-a979-fb89bbe670ee-1-1-300x200.jpg 300w, https:\/\/www.corumba.ms.gov.br\/wp-content\/uploads\/2021\/07\/b81392cf-16da-4a7f-a979-fb89bbe670ee-1-1-768x512.jpg 768w, https:\/\/www.corumba.ms.gov.br\/wp-content\/uploads\/2021\/07\/b81392cf-16da-4a7f-a979-fb89bbe670ee-1-1.jpg 1200w\" alt=\"\" width=\"1024\" height=\"683\" aria-describedby=\"gallery-1-115138\" \/><\/a><\/div><figcaption id=\"gallery-1-115138\" class=\"wp-caption-text gallery-caption\">Festival teve \u00faltima realiza\u00e7\u00e3o em 2019, ainda antes da pandemia (Foto: Ren\u00ea Marcio Carneiro\/Arquivo PMC)<\/figcaption><\/figure>\n<\/div>\n","protected":false},"excerpt":{"rendered":"<p>O Festival Estudantil da Can\u00e7\u00e3o de Corumb\u00e1 2021 (FECC 2021)\u00a0j\u00e1 tem os cinco finalistas definidos&#8230;.<\/p>\n","protected":false},"author":70,"featured_media":11715026,"comment_status":"closed","ping_status":"closed","sticky":false,"template":"","format":"standard","meta":{"footnotes":""},"categories":[7],"tags":[],"class_list":["post-11716673","post","type-post","status-publish","format-standard","has-post-thumbnail","hentry","category-cultura"],"_links":{"self":[{"href":"https:\/\/www.corumbaonline.com.br\/news\/wp-json\/wp\/v2\/posts\/11716673","targetHints":{"allow":["GET"]}}],"collection":[{"href":"https:\/\/www.corumbaonline.com.br\/news\/wp-json\/wp\/v2\/posts"}],"about":[{"href":"https:\/\/www.corumbaonline.com.br\/news\/wp-json\/wp\/v2\/types\/post"}],"author":[{"embeddable":true,"href":"https:\/\/www.corumbaonline.com.br\/news\/wp-json\/wp\/v2\/users\/70"}],"replies":[{"embeddable":true,"href":"https:\/\/www.corumbaonline.com.br\/news\/wp-json\/wp\/v2\/comments?post=11716673"}],"version-history":[{"count":1,"href":"https:\/\/www.corumbaonline.com.br\/news\/wp-json\/wp\/v2\/posts\/11716673\/revisions"}],"predecessor-version":[{"id":11716674,"href":"https:\/\/www.corumbaonline.com.br\/news\/wp-json\/wp\/v2\/posts\/11716673\/revisions\/11716674"}],"wp:featuredmedia":[{"embeddable":true,"href":"https:\/\/www.corumbaonline.com.br\/news\/wp-json\/wp\/v2\/media\/11715026"}],"wp:attachment":[{"href":"https:\/\/www.corumbaonline.com.br\/news\/wp-json\/wp\/v2\/media?parent=11716673"}],"wp:term":[{"taxonomy":"category","embeddable":true,"href":"https:\/\/www.corumbaonline.com.br\/news\/wp-json\/wp\/v2\/categories?post=11716673"},{"taxonomy":"post_tag","embeddable":true,"href":"https:\/\/www.corumbaonline.com.br\/news\/wp-json\/wp\/v2\/tags?post=11716673"}],"curies":[{"name":"wp","href":"https:\/\/api.w.org\/{rel}","templated":true}]}}