{"id":11716686,"date":"2021-07-20T08:49:00","date_gmt":"2021-07-20T12:49:00","guid":{"rendered":"http:\/\/www.corumbaonline.com.br\/news\/?p=11716686"},"modified":"2021-07-20T09:55:20","modified_gmt":"2021-07-20T13:55:20","slug":"pacote-de-incentivos-do-governo-ms-garante-retomada-do-turismo-nos-pantanais-de-coxim","status":"publish","type":"post","link":"https:\/\/www.corumbaonline.com.br\/news\/pacote-de-incentivos-do-governo-ms-garante-retomada-do-turismo-nos-pantanais-de-coxim\/","title":{"rendered":"Pacote de incentivos do Governo MS garante retomada do turismo nos pantanais de Coxim"},"content":{"rendered":"<p data-uw-styling-context=\"true\">O Governo do Estado lan\u00e7ou no final de junho o &#8220;Retomada MS&#8221;, um mega pacote de R$ 763 milh\u00f5es que ser\u00e1 voltado para a recupera\u00e7\u00e3o dos segmentos econ\u00f4micos da cultura e do turismo principalmente, duas das \u00e1reas mais afetadas pela pandemia. Os novos benef\u00edcios abrangem tr\u00eas eixos (aux\u00edlio financeiro, medidas fiscais e microcr\u00e9dito orientado) &#8211; e representam a maior investida contra os impactos econ\u00f4micos provocados pela pandemia.<\/p>\n<p data-uw-styling-context=\"true\">O munic\u00edpio de Coxim, cidade p\u00f3lo da regi\u00e3o norte do Estado, e que possui cerca de 20% de sua matriz econ\u00f4mica pautada no turismo, teve uma redu\u00e7\u00e3o de cerca de 90% nas atividades pesqueiras, carro-chefe do turismo no munic\u00edpio, e tamb\u00e9m uma queda de cerca de 70% nas atividades ecotur\u00edsticas no Pantanal, como os passeios fluviais e os saf\u00e1ris 4&#215;4, segundo dados do Centro de Atendimento ao Turista e do Conselho Municipal de Turismo.<\/p>\n<figure id=\"attachment_360593\" class=\"wp-caption alignnone\"><a href=\"http:\/\/www.ms.gov.br\/wp-content\/uploads\/sites\/150\/2021\/07\/WhatsApp-Image-2021-07-19-at-8.55.39-AM.jpeg\"><img loading=\"lazy\" decoding=\"async\" class=\"wp-image-360593 size-large\" src=\"http:\/\/www.ms.gov.br\/wp-content\/uploads\/sites\/150\/2021\/07\/WhatsApp-Image-2021-07-19-at-8.55.39-AM-1024x575.jpeg\" sizes=\"auto, (max-width: 1024px) 100vw, 1024px\" srcset=\"http:\/\/www.ms.gov.br\/wp-content\/uploads\/sites\/150\/2021\/07\/WhatsApp-Image-2021-07-19-at-8.55.39-AM-1024x575.jpeg 1024w, http:\/\/www.ms.gov.br\/wp-content\/uploads\/sites\/150\/2021\/07\/WhatsApp-Image-2021-07-19-at-8.55.39-AM-300x169.jpeg 300w, http:\/\/www.ms.gov.br\/wp-content\/uploads\/sites\/150\/2021\/07\/WhatsApp-Image-2021-07-19-at-8.55.39-AM-768x431.jpeg 768w, http:\/\/www.ms.gov.br\/wp-content\/uploads\/sites\/150\/2021\/07\/WhatsApp-Image-2021-07-19-at-8.55.39-AM-350x197.jpeg 350w, http:\/\/www.ms.gov.br\/wp-content\/uploads\/sites\/150\/2021\/07\/WhatsApp-Image-2021-07-19-at-8.55.39-AM.jpeg 1280w\" alt=\"\" width=\"1024\" height=\"575\" \/><\/a><figcaption class=\"wp-caption-text\" data-uw-styling-context=\"true\">Passeio Fluvial no Pantanal de Coxim\/MS (Foto: Silas Ismael\/Divulga\u00e7\u00e3o)<\/figcaption><\/figure>\n<p data-uw-styling-context=\"true\">De acordo com o promotor de turismo local, o turism\u00f3logo Ariel Albrecht, em 2019, falando apenas da demanda de estrangeiros, o munic\u00edpio recebeu cerca de 500 turistas, e em 2020 esse n\u00famero caiu para zero. No entanto, segundo ele, com o avan\u00e7o da vacina\u00e7\u00e3o tanto no Brasil quanto na Europa, o setor j\u00e1 come\u00e7a a dar sinais de recupera\u00e7\u00e3o, e espera-se uma retomada razo\u00e1vel j\u00e1 a partir de outubro, tamb\u00e9m por conta do pacote \u201cRetomada MS\u201d.<\/p>\n<p data-uw-styling-context=\"true\">\u00a0\u201cCom o avan\u00e7o da vacina\u00e7\u00e3o muitas pessoas j\u00e1 pensam em visitar o nosso Pa\u00eds, inclu\u00eddo o Pantanal. J\u00e1 tenho reservas de passeios nos Pantanais de Coxim para outubro, e a procura est\u00e1 aumentando gradativamente. \u201d<\/p>\n<p data-uw-styling-context=\"true\">Para Ariel, o apoio do Governo do Estado vem em excelente hora, pois grande parte das empresas e profissionais do turismo j\u00e1 estavam h\u00e1 meses trabalhando com balan\u00e7o negativo. \u201cO pacote de aux\u00edlio do Governo de MS dever\u00e1 amenizar a situa\u00e7\u00e3o que, aliada ao cen\u00e1rio positivo para a retomada do crescimento dos respectivos segmentos j\u00e1 nos pr\u00f3ximos meses, dever\u00e1 trazer novo \u00e2nimo \u00e0s empresas e profissionais da cultura e do turismo em Mato Grosso do Sul. \u201d<\/p>\n<figure id=\"attachment_360594\" class=\"wp-caption alignnone\"><a href=\"http:\/\/www.ms.gov.br\/wp-content\/uploads\/sites\/150\/2021\/07\/WhatsApp-Image-2021-07-19-at-8.55.54-AM.jpeg\"><img loading=\"lazy\" decoding=\"async\" class=\"wp-image-360594 size-full\" src=\"http:\/\/www.ms.gov.br\/wp-content\/uploads\/sites\/150\/2021\/07\/WhatsApp-Image-2021-07-19-at-8.55.54-AM.jpeg\" sizes=\"auto, (max-width: 800px) 100vw, 800px\" srcset=\"http:\/\/www.ms.gov.br\/wp-content\/uploads\/sites\/150\/2021\/07\/WhatsApp-Image-2021-07-19-at-8.55.54-AM.jpeg 800w, http:\/\/www.ms.gov.br\/wp-content\/uploads\/sites\/150\/2021\/07\/WhatsApp-Image-2021-07-19-at-8.55.54-AM-300x200.jpeg 300w, http:\/\/www.ms.gov.br\/wp-content\/uploads\/sites\/150\/2021\/07\/WhatsApp-Image-2021-07-19-at-8.55.54-AM-768x512.jpeg 768w, http:\/\/www.ms.gov.br\/wp-content\/uploads\/sites\/150\/2021\/07\/WhatsApp-Image-2021-07-19-at-8.55.54-AM-350x232.jpeg 350w, http:\/\/www.ms.gov.br\/wp-content\/uploads\/sites\/150\/2021\/07\/WhatsApp-Image-2021-07-19-at-8.55.54-AM-272x182.jpeg 272w\" alt=\"\" width=\"800\" height=\"533\" \/><\/a><figcaption class=\"wp-caption-text\" data-uw-styling-context=\"true\">Safari 4&#215;4 no Pantanal de Paiaguas, Coxim-MS (Foto: Jefferson Ravedutti\/Divulga\u00e7\u00e3o)<\/figcaption><\/figure>\n<p><strong data-uw-styling-context=\"true\">Retomada MS<\/strong><\/p>\n<p data-uw-styling-context=\"true\">Os recursos do Retomada MS ser\u00e3o destinados aos setores de bares, restaurantes e similares, hot\u00e9is e outros meios de hospedagem, eventos e profissionais aut\u00f4nomos em geral que foram prejudicados pelas medidas de restri\u00e7\u00e3o de mobilidade.<\/p>\n<p data-uw-styling-context=\"true\">Apenas em Coxim, no segmento do turismo, estima-se que cerca 80 empresas (hot\u00e9is, pousadas e similares, ranchos legalizados, restaurantes, lanchonetes, bares e similares, transportadores, guias de turismo, ag\u00eancia e operadores de turismo) preencham os pr\u00e9-requisitos necess\u00e1rios \u00e0 solicita\u00e7\u00e3o do apoio, segundo dados da Secretaria Municipal de Desenvolvimento Sustent\u00e1vel.<\/p>\n<p data-uw-styling-context=\"true\">Com a Lei 185\/2021, o programa \u201cIncentiva+MS Turismo\u201d, beneficiar\u00e1 durante seis meses, guias tur\u00edsticos (pessoas f\u00edsicas) que poder\u00e3o receber um aux\u00edlio emergencial de R$ 1 mil por m\u00eas.<\/p>\n<p data-uw-styling-context=\"true\">Neste caso, a iniciativa tamb\u00e9m contempla microempreendedores Individuais (MEIs) e Microempresas (MEs).<\/p>\n<p><strong data-uw-styling-context=\"true\">Cultura<\/strong><\/p>\n<p data-uw-styling-context=\"true\">No segmento cultural, Coxim tem cerca de 220 profissionais inscritos no Cadastro Municipal de Artistas, Produtores Culturais e Trabalhadores da Cultura que poder\u00e3o pleitear os benef\u00edcios.<\/p>\n<p data-uw-styling-context=\"true\">Para os trabalhadores da cultura, a Lei 186\/2021 garante que atrav\u00e9s do programa \u201cMS Cultura Cidad\u00e3\u201d, artistas, contadores de hist\u00f3rias, produtores, t\u00e9cnicos, curadores, oficineiros, professores de escolas de artes e capoeira, designers de moda, dentre outros, recebam o apoio de R$ 1.800, a serem pagos em tr\u00eas parcelas iguais e sucessivas de R$ 600.<\/p>\n<p><strong data-uw-styling-context=\"true\">Lei Aldir Blanc<\/strong><\/p>\n<p data-uw-styling-context=\"true\">No ano passado, 46 profissionais da cultura do munic\u00edpio de Coxim foram beneficiados em 3 editais da Lei Aldir Blanc, entre eles o Mestre em capoeira, Pernalonga, que al\u00e9m de ter o espa\u00e7o Na\u00e7\u00e3o Primitiva, com cerca de 40 alunos, onde desenvolve suas atividades, tamb\u00e9m realiza projetos volunt\u00e1rios nas escolas do munic\u00edpio.<\/p>\n<p data-uw-styling-context=\"true\">\u201cNesse momento que foi t\u00e3o cr\u00edtico, a gente sem poder trabalhar a dar continuidade aos nossos trabalhos, esse aux\u00edlio ajudou bastante os produtores culturais, as pessoas que vivem da cultura, n\u00e3o s\u00f3 eu na \u00e1rea da capoeira, mas todos os segmentos culturais. S\u00f3 tenho agradecer ao Governo do Estado por esse apoio, por ter me ajudado a investir no espa\u00e7o Na\u00e7\u00e3o Primitiva e de alguma forma pude estar ampliando melhor o meu trabalho. \u201d<\/p>\n<p data-uw-styling-context=\"true\">Um dos tamb\u00e9m beneficiados com a Lei Aldir Blanc foi o artista e professor de dan\u00e7a, Marcelo Mariano, que tem um est\u00fadio de dan\u00e7a e teve que parar as atividades por conta da pandemia.<\/p>\n<p data-uw-styling-context=\"true\">Mariano que \u00e9 formado em Educa\u00e7\u00e3o F\u00edsica, mas h\u00e1 35 anos atua no campo da artes c\u00eanicas e dan\u00e7a, conta que viver da arte nunca foi f\u00e1cil, mas passar por essa pandemia foi viver uma arte di\u00e1ria de sobreviv\u00eancia. \u201cSem d\u00favidas o benef\u00edcio ajudou. Tive que parar com as atividades e minha renda foi a zero durante todo o ano de 2020, fui vivendo com doa\u00e7\u00f5es e ajuda de amigos que se disponibilizaram em pagar contas de \u00e1gua e luz. Foi muito dif\u00edcil! Pelo menos pra quem vive da arte, bem a passos lentos as coisas est\u00e3o no in\u00edcio de retornar ao normal.\u201d<\/p>\n<p><strong data-uw-styling-context=\"true\">Microcr\u00e9dito<\/strong><\/p>\n<p data-uw-styling-context=\"true\">O Governo de Mato Grosso do Sul tamb\u00e9m lan\u00e7ou uma linha de microcr\u00e9dito com juro zero. Microempreendedores com renda ou faturamento de at\u00e9 R$ 360 mil por ano poder\u00e3o financiar at\u00e9 R$ 30 mil com aval do Estado. O parcelamento poder\u00e1 ser feito em at\u00e9 24 vezes (incluindo a car\u00eancia de 6 meses).<\/p>\n<p data-uw-styling-context=\"true\">De acordo com os Indicadores do Data Sebrae, Coxim possui 2,041 mil Micro Empreendedores Individuais (MEIs) cadastrados.<\/p>\n","protected":false},"excerpt":{"rendered":"<p>O Governo do Estado lan\u00e7ou no final de junho o &#8220;Retomada MS&#8221;, um mega pacote&#8230;<\/p>\n","protected":false},"author":13,"featured_media":11716687,"comment_status":"closed","ping_status":"closed","sticky":false,"template":"","format":"standard","meta":{"footnotes":""},"categories":[7,8,9,23],"tags":[],"class_list":["post-11716686","post","type-post","status-publish","format-standard","has-post-thumbnail","hentry","category-cultura","category-destaque","category-economia","category-turismo"],"_links":{"self":[{"href":"https:\/\/www.corumbaonline.com.br\/news\/wp-json\/wp\/v2\/posts\/11716686","targetHints":{"allow":["GET"]}}],"collection":[{"href":"https:\/\/www.corumbaonline.com.br\/news\/wp-json\/wp\/v2\/posts"}],"about":[{"href":"https:\/\/www.corumbaonline.com.br\/news\/wp-json\/wp\/v2\/types\/post"}],"author":[{"embeddable":true,"href":"https:\/\/www.corumbaonline.com.br\/news\/wp-json\/wp\/v2\/users\/13"}],"replies":[{"embeddable":true,"href":"https:\/\/www.corumbaonline.com.br\/news\/wp-json\/wp\/v2\/comments?post=11716686"}],"version-history":[{"count":1,"href":"https:\/\/www.corumbaonline.com.br\/news\/wp-json\/wp\/v2\/posts\/11716686\/revisions"}],"predecessor-version":[{"id":11716688,"href":"https:\/\/www.corumbaonline.com.br\/news\/wp-json\/wp\/v2\/posts\/11716686\/revisions\/11716688"}],"wp:featuredmedia":[{"embeddable":true,"href":"https:\/\/www.corumbaonline.com.br\/news\/wp-json\/wp\/v2\/media\/11716687"}],"wp:attachment":[{"href":"https:\/\/www.corumbaonline.com.br\/news\/wp-json\/wp\/v2\/media?parent=11716686"}],"wp:term":[{"taxonomy":"category","embeddable":true,"href":"https:\/\/www.corumbaonline.com.br\/news\/wp-json\/wp\/v2\/categories?post=11716686"},{"taxonomy":"post_tag","embeddable":true,"href":"https:\/\/www.corumbaonline.com.br\/news\/wp-json\/wp\/v2\/tags?post=11716686"}],"curies":[{"name":"wp","href":"https:\/\/api.w.org\/{rel}","templated":true}]}}