{"id":11716689,"date":"2021-07-20T09:02:00","date_gmt":"2021-07-20T13:02:00","guid":{"rendered":"http:\/\/www.corumbaonline.com.br\/news\/?p=11716689"},"modified":"2021-07-20T10:14:19","modified_gmt":"2021-07-20T14:14:19","slug":"fundacao-de-cultura-divulga-selecionados-para-o-som-da-concha","status":"publish","type":"post","link":"https:\/\/www.corumbaonline.com.br\/news\/fundacao-de-cultura-divulga-selecionados-para-o-som-da-concha\/","title":{"rendered":"Funda\u00e7\u00e3o de Cultura divulga selecionados para o Som da Concha"},"content":{"rendered":"<p>Saiu hoje o resultado dos selecionados para o projeto Som da Concha, realizado pela Funda\u00e7\u00e3o de Cultura de Mato Grosso do Sul (FCMS). De acordo com a publica\u00e7\u00e3o do Di\u00e1rio Oficial desta ter\u00e7a-feira (20), foram recebidas 241 inscri\u00e7\u00f5es e elencadas 10 atra\u00e7\u00f5es musicais na categoria Show de Abertura e 10 para o Show de Encerramento, n\u00famero in\u00e9dito de inscri\u00e7\u00f5es.<\/p>\n<p>Foram 20 m\u00fasicos e bandas selecionadas para a pr\u00f3xima temporada do projeto Som da Concha 2021: \u00a0ser\u00e3o 10 atra\u00e7\u00f5es musicais na categoria Show de Abertura e 10 para o Show de Encerramento.<\/p>\n<p><strong>Confira os selecionados<\/strong><\/p>\n<p>Para o Show de Abertura foram selecionados os seguintes m\u00fasicos\/bandas: Titulares: 1\u00ba lugar \u2013 Dovale, 2\u00ba lugar \u2013 Juninho MPB, 3\u00ba lugar \u2013 Femme Lounge, 4\u00ba lugar \u2013 Ariadne, 5\u00ba lugar \u2013 Kelly Lopes 6\u00ba lugar \u2013 Rodrigo Nogueira, 7\u00ba lugar \u2013 Tarsos Morais, 8\u00ba lugar \u2013 Projeto Kzulo, 9\u00ba lugar \u2013 RCR, 10\u00ba lugar \u2013 Gustavo Vilarinho e Lucas Rosa. Suplentes: 11\u00ba lugar \u2013 Black Tropical, 12\u00ba lugar \u2013 LLEZ, 13\u00ba lugar \u2013 Renato Mendes e Rick Bergamo, 14\u00ba lugar \u2013 Duo de Viol\u00f5es Hip\u00f3lito, 15\u00ba lugar \u2013 Veloster, 16\u00ba lugar \u2013 Jaque Altenhofer, 17\u00ba lugar\u2013 A Culpa \u00e9 do Grave 18\u00ba lugar \u2013 SoulRa, 19\u00ba lugar \u2013 Heider Barbosa, 20\u00ba lugar \u2013 Beca Rodrigues.<\/p>\n<p>J\u00e1 para a categoria Show de Encerramento foram aprovadas as seguintes propostas: Titulares: 1\u00ba lugar \u2013 General R3 and The Black Family, 2\u00ba lugar \u2013 Miguelito, 3\u00ba lugar \u2013 Ton Alves, 4\u00ba lugar \u2013 Simona, 5\u00ba lugar \u2013 Os Alquimistas, 6\u00ba lugar \u2013 Ot\u00e1vio, 7\u00ba lugar \u2013 Gilson Esp\u00edndola, 8\u00ba lugar \u2013 Br\u00f4 MC\u00b4S, 9\u00ba lugar \u2013 Renatto Jackson, 10\u00ba lugar \u2013 \u00c9rika Esp\u00edndola. Suplentes: 11\u00ba lugar \u2013 Diego Baroza, 12\u00ba lugar \u2013 Urbem, 13\u00ba lugar \u2013 Original St\u00e1bile, 14\u00ba lugar \u2013 Murilo Martinez, 15\u00ba lugar \u2013 Caramuja Chama Berbeat , 16\u00ba lugar \u2013 Codinome Winchester, 17\u00ba lugar \u2013 Raphael Vital, 18\u00ba lugar \u2013 Whisky de Segunda, 19\u00ba lugar \u2013 Maria Clara e Marcos Mendes, 20\u00ba lugar \u2013 Z\u00e9 Pretin.<\/p>\n<p>Os selecionados receber\u00e3o: R$ 3.500,00 (tr\u00eas mil e quinhentos reais) para apresenta\u00e7\u00e3o com dura\u00e7\u00e3o de 40 minutos cada no show de abertura e R$ 7.500,00 (sete mil e quinhentos reais) para apresenta\u00e7\u00e3o com dura\u00e7\u00e3o de 60 minutos cada para o show de encerramento.<\/p>\n<p>Som da Concha \u2013 O projeto criado pela Funda\u00e7\u00e3o de Cultura prev\u00ea shows em domingos alternados. Nesta edi\u00e7\u00e3o, e devido a Pandemia, \u00e0 princ\u00edpio os shows n\u00e3o ser\u00e3o presenciais, mas transmitidos ao vivo para o p\u00fablico direto da Concha Ac\u00fastica Helena Meirelles, no Parque das Na\u00e7\u00f5es Ind\u00edgenas. O edital valoriza e difunde a produ\u00e7\u00e3o musical sul-mato-grossense, selecionando m\u00fasicos instrumentistas ou cantores solos, bandas ou grupos musicais residentes em Mato Grosso do Sul.<\/p>\n<p>Servi\u00e7o \u2013 O resultado est\u00e1 dispon\u00edvel no Di\u00e1rio Oficial do Estado e no site:\u00a0<a href=\"http:\/\/www.fundacaodecultura.ms.gov.br\/\" data-saferedirecturl=\"https:\/\/www.google.com\/url?q=http:\/\/www.fundacaodecultura.ms.gov.br&amp;source=gmail&amp;ust=1626868349299000&amp;usg=AFQjCNGMdY9Y6dRw5jcjWer4wsLZmfxYiQ\">www.fundacaodecultura.ms.gov.br<\/a>. Mais informa\u00e7\u00f5es podem ser obtidas pelos telefones: Ger\u00eancia de Desenvolvimento e Difus\u00e3o de Programas Culturais (67) 3316-9316, das 8h \u00e0s 11h30 e das 13h30 \u00e0s 17h30 ou pelo e-mail\u00a0<a href=\"mailto:fcmsmusica@gmail.com\">fcmsmusica@gmail.com<\/a><\/p>\n","protected":false},"excerpt":{"rendered":"<p>Saiu hoje o resultado dos selecionados para o projeto Som da Concha, realizado pela Funda\u00e7\u00e3o&#8230;<\/p>\n","protected":false},"author":13,"featured_media":0,"comment_status":"closed","ping_status":"closed","sticky":false,"template":"","format":"standard","meta":{"footnotes":""},"categories":[7],"tags":[],"class_list":["post-11716689","post","type-post","status-publish","format-standard","hentry","category-cultura"],"_links":{"self":[{"href":"https:\/\/www.corumbaonline.com.br\/news\/wp-json\/wp\/v2\/posts\/11716689","targetHints":{"allow":["GET"]}}],"collection":[{"href":"https:\/\/www.corumbaonline.com.br\/news\/wp-json\/wp\/v2\/posts"}],"about":[{"href":"https:\/\/www.corumbaonline.com.br\/news\/wp-json\/wp\/v2\/types\/post"}],"author":[{"embeddable":true,"href":"https:\/\/www.corumbaonline.com.br\/news\/wp-json\/wp\/v2\/users\/13"}],"replies":[{"embeddable":true,"href":"https:\/\/www.corumbaonline.com.br\/news\/wp-json\/wp\/v2\/comments?post=11716689"}],"version-history":[{"count":1,"href":"https:\/\/www.corumbaonline.com.br\/news\/wp-json\/wp\/v2\/posts\/11716689\/revisions"}],"predecessor-version":[{"id":11716690,"href":"https:\/\/www.corumbaonline.com.br\/news\/wp-json\/wp\/v2\/posts\/11716689\/revisions\/11716690"}],"wp:attachment":[{"href":"https:\/\/www.corumbaonline.com.br\/news\/wp-json\/wp\/v2\/media?parent=11716689"}],"wp:term":[{"taxonomy":"category","embeddable":true,"href":"https:\/\/www.corumbaonline.com.br\/news\/wp-json\/wp\/v2\/categories?post=11716689"},{"taxonomy":"post_tag","embeddable":true,"href":"https:\/\/www.corumbaonline.com.br\/news\/wp-json\/wp\/v2\/tags?post=11716689"}],"curies":[{"name":"wp","href":"https:\/\/api.w.org\/{rel}","templated":true}]}}