{"id":11716696,"date":"2021-07-20T09:51:00","date_gmt":"2021-07-20T13:51:00","guid":{"rendered":"http:\/\/www.corumbaonline.com.br\/news\/?p=11716696"},"modified":"2021-07-20T10:27:17","modified_gmt":"2021-07-20T14:27:17","slug":"servidores-do-judiciario-ja-vacinados-devem-retornar-ao-trabalho-presencial-no-dia-2-de-agosto","status":"publish","type":"post","link":"https:\/\/www.corumbaonline.com.br\/news\/servidores-do-judiciario-ja-vacinados-devem-retornar-ao-trabalho-presencial-no-dia-2-de-agosto\/","title":{"rendered":"Servidores do Judici\u00e1rio j\u00e1 vacinados devem retornar ao trabalho presencial no dia 2 de agosto"},"content":{"rendered":"<p>Est\u00e1 publicada no Di\u00e1rio da Justi\u00e7a desta ter\u00e7a-feira, dia 20 de julho, a Portaria n. 2.077, a qual determina que os servidores que estiverem em teletrabalho em raz\u00e3o do Plant\u00e3o Extraordin\u00e1rio e que receberam dose \u00fanica ou a \u00faltima dose da vacina para o coronav\u00edrus h\u00e1 mais de 15 dias dever\u00e3o retornar ao trabalho presencial no dia 2 de agosto.<\/p>\n<p>A medida considera a necessidade de o Tribunal de Justi\u00e7a continuar prestando servi\u00e7os judici\u00e1rios de forma ininterrupta, al\u00e9m do fato de que o Estado de Mato Grosso do Sul \u00e9 um dos locais com maior sucesso na vacina\u00e7\u00e3o da popula\u00e7\u00e3o.<\/p>\n<p>Desde o in\u00edcio da pandemia de Covid-19, o Poder Judici\u00e1rio de Mato Grosso do Sul vem implantando diversas a\u00e7\u00f5es de biosseguran\u00e7a e medidas de preven\u00e7\u00e3o para evitar o cont\u00e1gio pelo coronav\u00edrus na retomada dos trabalhos no formato presencial. Atualmente, est\u00e1 em vigor a segunda etapa do retorno gradual dos servi\u00e7os presenciais de acordo com seu Plano de Biossseguran\u00e7a.<\/p>\n<p>Na segunda etapa, o efetivo presencial \u00e9 de at\u00e9 60% por recinto de trabalho, de modo a evitar aglomera\u00e7\u00f5es de pessoas. Os servidores cumprem assim ao longo da semana, revezamento em trabalho remoto e presencial, de acordo com a escala de cada setor, respeitando o limite m\u00e1ximo de pessoas por local.<\/p>\n<p>O uso de m\u00e1scaras \u00e9 obrigat\u00f3rio e, quando da retomada presencial na primeira etapa, com 30% do efetivo em setembro de 2020, cada servidor recebeu um kit de m\u00e1scaras de tecido reutiliz\u00e1veis. Em diversos pontos, em todos os pr\u00e9dios do Judici\u00e1rio, foram instalados dispensers com \u00e1lcool em gel. Tamb\u00e9m foi disponibilizado \u00e1lcool em gel nos banheiros.<\/p>\n<p>J\u00e1 para adentrar aos pr\u00e9dios do Poder Judici\u00e1rio Estadual, os p\u00fablicos interno e externo s\u00e3o obrigatoriamente submetidos \u00e0s regras de seguran\u00e7a previstas no Plano de Biosseguran\u00e7a, respeitando tamb\u00e9m os protocolos sanit\u00e1rios expedidos pelas autoridades locais de cada Comarca, como a descontamina\u00e7\u00e3o de m\u00e3os, com utiliza\u00e7\u00e3o de \u00e1lcool 70\u00ba e a aferi\u00e7\u00e3o de temperatura corporal como condi\u00e7\u00e3o para ingresso e perman\u00eancia nos pr\u00e9dios.<\/p>\n<p>Al\u00e9m disso, \u00e9 vedado o ingresso de pessoas sem m\u00e1scaras faciais, que apresentem altera\u00e7\u00e3o da temperatura corporal (igual ou superior a 37\u00ba C) ou que se recusarem a se submeter aos m\u00e9todos preventivos.<\/p>\n","protected":false},"excerpt":{"rendered":"<p>Est\u00e1 publicada no Di\u00e1rio da Justi\u00e7a desta ter\u00e7a-feira, dia 20 de julho, a Portaria n&#8230;.<\/p>\n","protected":false},"author":59,"featured_media":0,"comment_status":"closed","ping_status":"closed","sticky":false,"template":"","format":"standard","meta":{"footnotes":""},"categories":[116,21],"tags":[],"class_list":["post-11716696","post","type-post","status-publish","format-standard","hentry","category-coronavirus","category-saude"],"_links":{"self":[{"href":"https:\/\/www.corumbaonline.com.br\/news\/wp-json\/wp\/v2\/posts\/11716696","targetHints":{"allow":["GET"]}}],"collection":[{"href":"https:\/\/www.corumbaonline.com.br\/news\/wp-json\/wp\/v2\/posts"}],"about":[{"href":"https:\/\/www.corumbaonline.com.br\/news\/wp-json\/wp\/v2\/types\/post"}],"author":[{"embeddable":true,"href":"https:\/\/www.corumbaonline.com.br\/news\/wp-json\/wp\/v2\/users\/59"}],"replies":[{"embeddable":true,"href":"https:\/\/www.corumbaonline.com.br\/news\/wp-json\/wp\/v2\/comments?post=11716696"}],"version-history":[{"count":1,"href":"https:\/\/www.corumbaonline.com.br\/news\/wp-json\/wp\/v2\/posts\/11716696\/revisions"}],"predecessor-version":[{"id":11716697,"href":"https:\/\/www.corumbaonline.com.br\/news\/wp-json\/wp\/v2\/posts\/11716696\/revisions\/11716697"}],"wp:attachment":[{"href":"https:\/\/www.corumbaonline.com.br\/news\/wp-json\/wp\/v2\/media?parent=11716696"}],"wp:term":[{"taxonomy":"category","embeddable":true,"href":"https:\/\/www.corumbaonline.com.br\/news\/wp-json\/wp\/v2\/categories?post=11716696"},{"taxonomy":"post_tag","embeddable":true,"href":"https:\/\/www.corumbaonline.com.br\/news\/wp-json\/wp\/v2\/tags?post=11716696"}],"curies":[{"name":"wp","href":"https:\/\/api.w.org\/{rel}","templated":true}]}}