{"id":11716710,"date":"2021-07-21T08:17:00","date_gmt":"2021-07-21T12:17:00","guid":{"rendered":"http:\/\/www.corumbaonline.com.br\/news\/?p=11716710"},"modified":"2021-07-21T08:21:25","modified_gmt":"2021-07-21T12:21:25","slug":"corpo-de-bombeiros-monitora-incendios-com-imagens-de-satelite-e-amplia-fiscalizacao-em-areas-de-focos","status":"publish","type":"post","link":"https:\/\/www.corumbaonline.com.br\/news\/corpo-de-bombeiros-monitora-incendios-com-imagens-de-satelite-e-amplia-fiscalizacao-em-areas-de-focos\/","title":{"rendered":"Corpo de Bombeiros monitora inc\u00eandios com imagens de sat\u00e9lite e amplia fiscaliza\u00e7\u00e3o em \u00e1reas de focos"},"content":{"rendered":"<p data-uw-styling-context=\"true\">O Corpo de Bombeiros de Mato Grosso do Sul, em a\u00e7\u00f5es integradas com a Semagro (secretaria estadual de Meio Ambiente, Desenvolvimento Econ\u00f4mico, Produ\u00e7\u00e3o e Agricultura Familiar), Instituto de Meio Ambiente (Imasul) e Pol\u00edcia Militar Ambiental (PMA), mant\u00e9m o acompanhamento e combate aos\u00a0 inc\u00eandios florestais secund\u00e1rios que ocorrem no Pantanal, com o revezamento de 50 homens em Corumb\u00e1, e est\u00e1 verificando todos os pontos de focos registrados em outras regi\u00f5es do Estado.<\/p>\n<p data-uw-styling-context=\"true\">O comandante-geral do CBMS, coronel Hugo Djan Leite, informou que o monitoramento do per\u00edodo cr\u00edtico no Estado, devido a prolongada estiagem e baixa umidade relativa do ar, est\u00e1 sendo feito durante 24h pela corpora\u00e7\u00e3o, a partir da Sala de Situa\u00e7\u00e3o montada no Centro de Prote\u00e7\u00e3o Ambiental (CPA), no Parque das Na\u00e7\u00f5es Ind\u00edgenas, em Campo Grande. Com os alertas emitidos, as guarni\u00e7\u00f5es se deslocam para as \u00e1reas de focos imediatamente.<\/p>\n<p data-uw-styling-context=\"true\">\u201cOs focos ser\u00e3o verificados, por meio de coordenadas dos sat\u00e9lites, e comunicados ao Imasul, que notificar\u00e1 os propriet\u00e1rios das \u00e1reas. As queimas controladas est\u00e3o suspensas por 180 dias e com a fiscaliza\u00e7\u00e3o rigorosa evitaremos a propaga\u00e7\u00e3o do fogo por atos criminosos\u201d, alertou o comandante. \u201cTodo foco ter\u00e1 resposta do Corpo de Bombeiros, seja no combate direto ou no levantamento da \u00e1rea para posterior autua\u00e7\u00e3o ou orienta\u00e7\u00e3o\u201d, garantiu.<\/p>\n<figure id=\"attachment_360931\" class=\"wp-caption alignnone\"><a href=\"http:\/\/www.ms.gov.br\/wp-content\/uploads\/sites\/150\/2021\/07\/incendios_reuniao-sala-de-situa%C3%A7%C3%A3o.jpg\"><img loading=\"lazy\" decoding=\"async\" class=\"wp-image-360931 size-full\" src=\"http:\/\/www.ms.gov.br\/wp-content\/uploads\/sites\/150\/2021\/07\/incendios_reuniao-sala-de-situa%C3%A7%C3%A3o.jpg\" sizes=\"auto, (max-width: 1044px) 100vw, 1044px\" srcset=\"http:\/\/www.ms.gov.br\/wp-content\/uploads\/sites\/150\/2021\/07\/incendios_reuniao-sala-de-situa\u00e7\u00e3o.jpg 1044w, http:\/\/www.ms.gov.br\/wp-content\/uploads\/sites\/150\/2021\/07\/incendios_reuniao-sala-de-situa\u00e7\u00e3o-300x187.jpg 300w, http:\/\/www.ms.gov.br\/wp-content\/uploads\/sites\/150\/2021\/07\/incendios_reuniao-sala-de-situa\u00e7\u00e3o-768x480.jpg 768w, http:\/\/www.ms.gov.br\/wp-content\/uploads\/sites\/150\/2021\/07\/incendios_reuniao-sala-de-situa\u00e7\u00e3o-1024x640.jpg 1024w, http:\/\/www.ms.gov.br\/wp-content\/uploads\/sites\/150\/2021\/07\/incendios_reuniao-sala-de-situa\u00e7\u00e3o-350x219.jpg 350w\" alt=\"\" width=\"1044\" height=\"652\" \/><\/a><figcaption class=\"wp-caption-text\"><em data-uw-styling-context=\"true\">Reuni\u00e3o na Sala de Situa\u00e7\u00e3o reuniu Bombeiros, Policia Ambiental, Defesa Civil e secretarias de Governo e de Seguran\u00e7a. Foto: CBMS<\/em><\/figcaption><\/figure>\n<p><strong data-uw-styling-context=\"true\">Boletim di\u00e1rio<\/strong><\/p>\n<p data-uw-styling-context=\"true\">A Sala de Situa\u00e7\u00e3o em opera\u00e7\u00e3o no CPA do Parque das Na\u00e7\u00f5es Ind\u00edgenas, coordenada pelo tenente Alexandre Ara\u00fajo, acompanha diuturnamente por sat\u00e9lites (com imagens atualizadas) a ocorr\u00eancia de focos de inc\u00eandios em todo o Estado. A partir do registro de um desastre, o setor emite o alerta para a guarni\u00e7\u00e3o da regi\u00e3o para checar in loco a situa\u00e7\u00e3o e deliberar procedimentos, seja por meio de combate imediato ou comunica\u00e7\u00e3o ao Imasul para tomada de delibera\u00e7\u00e3o.<\/p>\n<p data-uw-styling-context=\"true\">Na ter\u00e7a-feira (20), a situa\u00e7\u00e3o era de controle, com pequenos focos no Pantanal de Corumb\u00e1, que estavam sendo monitorados. O comandante do CBMS, coronel Djan Leite, observou que foi montada uma estrutura operacional no munic\u00edpio, inicialmente com 82 homens e agora com um quantitativo de 50, e em apoio um avi\u00e3o Air Tractor e um helic\u00f3ptero, os quais n\u00e3o est\u00e3o operando no momento em raz\u00e3o da redu\u00e7\u00e3o da intensidade dos focos.<\/p>\n<p data-uw-styling-context=\"true\">Ainda na ter\u00e7a-feira, reuni\u00e3o realizada na Sala de Situa\u00e7\u00e3o deliberou que as informa\u00e7\u00f5es das opera\u00e7\u00f5es de preven\u00e7\u00e3o e combate aos inc\u00eandios ser\u00e3o centralizadas na Subsecretaria de Comunica\u00e7\u00e3o, que emitir\u00e1 boletins di\u00e1rios. A reuni\u00e3o contou com a presen\u00e7a do secret\u00e1rio Adjunto de Justi\u00e7a e Seguran\u00e7a P\u00fablica, coronel Ary Carlos Barbosa; comandante da PMA, tenente-coronel Jos\u00e9 Carlos Rodrigues; coronel bombeiro Huesley Silva, chefe do Estado Maior do CBMS; tenente-coronel F\u00e1bio Catarinelli, coordenador estadual de Defesa Civil; e o Coordenador de Comunica\u00e7\u00e3o do Governo do Estado, Francisco Vict\u00f3rio.<\/p>\n","protected":false},"excerpt":{"rendered":"<p>O Corpo de Bombeiros de Mato Grosso do Sul, em a\u00e7\u00f5es integradas com a Semagro&#8230;<\/p>\n","protected":false},"author":13,"featured_media":11716711,"comment_status":"closed","ping_status":"closed","sticky":false,"template":"","format":"standard","meta":{"footnotes":""},"categories":[8,17],"tags":[],"class_list":["post-11716710","post","type-post","status-publish","format-standard","has-post-thumbnail","hentry","category-destaque","category-meio-ambiente"],"_links":{"self":[{"href":"https:\/\/www.corumbaonline.com.br\/news\/wp-json\/wp\/v2\/posts\/11716710","targetHints":{"allow":["GET"]}}],"collection":[{"href":"https:\/\/www.corumbaonline.com.br\/news\/wp-json\/wp\/v2\/posts"}],"about":[{"href":"https:\/\/www.corumbaonline.com.br\/news\/wp-json\/wp\/v2\/types\/post"}],"author":[{"embeddable":true,"href":"https:\/\/www.corumbaonline.com.br\/news\/wp-json\/wp\/v2\/users\/13"}],"replies":[{"embeddable":true,"href":"https:\/\/www.corumbaonline.com.br\/news\/wp-json\/wp\/v2\/comments?post=11716710"}],"version-history":[{"count":1,"href":"https:\/\/www.corumbaonline.com.br\/news\/wp-json\/wp\/v2\/posts\/11716710\/revisions"}],"predecessor-version":[{"id":11716712,"href":"https:\/\/www.corumbaonline.com.br\/news\/wp-json\/wp\/v2\/posts\/11716710\/revisions\/11716712"}],"wp:featuredmedia":[{"embeddable":true,"href":"https:\/\/www.corumbaonline.com.br\/news\/wp-json\/wp\/v2\/media\/11716711"}],"wp:attachment":[{"href":"https:\/\/www.corumbaonline.com.br\/news\/wp-json\/wp\/v2\/media?parent=11716710"}],"wp:term":[{"taxonomy":"category","embeddable":true,"href":"https:\/\/www.corumbaonline.com.br\/news\/wp-json\/wp\/v2\/categories?post=11716710"},{"taxonomy":"post_tag","embeddable":true,"href":"https:\/\/www.corumbaonline.com.br\/news\/wp-json\/wp\/v2\/tags?post=11716710"}],"curies":[{"name":"wp","href":"https:\/\/api.w.org\/{rel}","templated":true}]}}