{"id":11716728,"date":"2021-07-21T10:04:00","date_gmt":"2021-07-21T14:04:00","guid":{"rendered":"http:\/\/www.corumbaonline.com.br\/news\/?p=11716728"},"modified":"2021-07-21T15:30:10","modified_gmt":"2021-07-21T19:30:10","slug":"ministerio-distribui-mais-de-160-milhoes-de-vacinas-contra-covid-19","status":"publish","type":"post","link":"https:\/\/www.corumbaonline.com.br\/news\/ministerio-distribui-mais-de-160-milhoes-de-vacinas-contra-covid-19\/","title":{"rendered":"Minist\u00e9rio distribui mais de 160 milh\u00f5es de vacinas contra covid-19"},"content":{"rendered":"<p>O Minist\u00e9rio da Sa\u00fade (MS) ultrapassou a marca de mais de 160 milh\u00f5es de vacinas contra a covid-19 distribu\u00eddas para os estados e Distrito Federal. Desse total, 125,3 milh\u00f5es de doses j\u00e1 foram aplicadas. S\u00e3o 90,6 milh\u00f5es de pessoas com a primeira dose, isto \u00e9, 56,6% do p\u00fablico-alvo de 160 milh\u00f5es de brasileiros com mais de 18 anos. Al\u00e9m disso, 34,7 milh\u00f5es com a segunda dose ou com dose \u00fanica aplicadas e com a imuniza\u00e7\u00e3o completa, segundo o minist\u00e9rio.<img decoding=\"async\" src=\"https:\/\/agenciabrasil.ebc.com.br\/ebc.png?id=1415939&amp;o=node\" \/><img decoding=\"async\" src=\"https:\/\/agenciabrasil.ebc.com.br\/ebc.gif?id=1415939&amp;o=node\" \/><\/p>\n<p>Do total de doses enviadas para as unidades da federa\u00e7\u00e3o, 81,5 milh\u00f5es s\u00e3o da AstraZeneca\/Oxford, 60 milh\u00f5es s\u00e3o da CoronaVac\/Sinovac, 17,8 milh\u00f5es da Pfizer\/BioNTech e 4,7 milh\u00f5es da Janssen, imunizante de dose \u00fanica.<\/p>\n<p>De acordo com minist\u00e9rio, o governo federal j\u00e1 contratou mais de 630 milh\u00f5es de doses de vacinas covid-19, por meio de acordos com diferentes laborat\u00f3rios, a serem entregues at\u00e9 o fim do ano. Esse quantitativo \u00e9 suficiente para imunizar toda a popula\u00e7\u00e3o alvo do pa\u00eds, ou seja, pessoas com 18 anos ou mais, com ou sem comorbidades.<\/p>\n<h2>Segunda dose<\/h2>\n<p>Em nota, o Minist\u00e9rio da Sa\u00fade refor\u00e7a que para imuniza\u00e7\u00e3o completa, \u00e9 necess\u00e1rio que as pessoas tomem as duas doses. &#8220;A medida refor\u00e7a o sistema imunol\u00f3gico e reduz as chances de infec\u00e7\u00e3o grave, grav\u00edssima e, principalmente, \u00f3bitos em decorr\u00eancia da covid-19&#8221;. No in\u00edcio de julho, lembra o minist\u00e9rio, foi lan\u00e7ada a campanha com a fam\u00edlia do Z\u00e9 Gotinha sobre a import\u00e2ncia de todos completarem o esquema vacinal.<\/p>\n","protected":false},"excerpt":{"rendered":"<p>O Minist\u00e9rio da Sa\u00fade (MS) ultrapassou a marca de mais de 160 milh\u00f5es de vacinas&#8230;<\/p>\n","protected":false},"author":4,"featured_media":0,"comment_status":"closed","ping_status":"closed","sticky":false,"template":"","format":"standard","meta":{"footnotes":""},"categories":[116,21],"tags":[],"class_list":["post-11716728","post","type-post","status-publish","format-standard","hentry","category-coronavirus","category-saude"],"_links":{"self":[{"href":"https:\/\/www.corumbaonline.com.br\/news\/wp-json\/wp\/v2\/posts\/11716728","targetHints":{"allow":["GET"]}}],"collection":[{"href":"https:\/\/www.corumbaonline.com.br\/news\/wp-json\/wp\/v2\/posts"}],"about":[{"href":"https:\/\/www.corumbaonline.com.br\/news\/wp-json\/wp\/v2\/types\/post"}],"author":[{"embeddable":true,"href":"https:\/\/www.corumbaonline.com.br\/news\/wp-json\/wp\/v2\/users\/4"}],"replies":[{"embeddable":true,"href":"https:\/\/www.corumbaonline.com.br\/news\/wp-json\/wp\/v2\/comments?post=11716728"}],"version-history":[{"count":1,"href":"https:\/\/www.corumbaonline.com.br\/news\/wp-json\/wp\/v2\/posts\/11716728\/revisions"}],"predecessor-version":[{"id":11716729,"href":"https:\/\/www.corumbaonline.com.br\/news\/wp-json\/wp\/v2\/posts\/11716728\/revisions\/11716729"}],"wp:attachment":[{"href":"https:\/\/www.corumbaonline.com.br\/news\/wp-json\/wp\/v2\/media?parent=11716728"}],"wp:term":[{"taxonomy":"category","embeddable":true,"href":"https:\/\/www.corumbaonline.com.br\/news\/wp-json\/wp\/v2\/categories?post=11716728"},{"taxonomy":"post_tag","embeddable":true,"href":"https:\/\/www.corumbaonline.com.br\/news\/wp-json\/wp\/v2\/tags?post=11716728"}],"curies":[{"name":"wp","href":"https:\/\/api.w.org\/{rel}","templated":true}]}}