{"id":11716735,"date":"2021-07-21T11:15:00","date_gmt":"2021-07-21T15:15:00","guid":{"rendered":"http:\/\/www.corumbaonline.com.br\/news\/?p=11716735"},"modified":"2021-07-21T17:24:09","modified_gmt":"2021-07-21T21:24:09","slug":"reflexo-da-vacinacao-maioria-dos-municipios-esta-nas-bandeiras-laranja-e-amarela-do-prosseguir","status":"publish","type":"post","link":"https:\/\/www.corumbaonline.com.br\/news\/reflexo-da-vacinacao-maioria-dos-municipios-esta-nas-bandeiras-laranja-e-amarela-do-prosseguir\/","title":{"rendered":"Reflexo da vacina\u00e7\u00e3o, maioria dos munic\u00edpios est\u00e1 nas bandeiras laranja e amarela do Prosseguir"},"content":{"rendered":"<p><span data-uw-styling-context=\"true\">A Secretaria de Estado de Sa\u00fade (SES) anunciou nesta quarta-feira (21) o novo bandeiramento dos 79 munic\u00edpios de Mato Grosso do Sul no Programa de Sa\u00fade e Seguran\u00e7a na Economia (PROSSEGUIR).\u00a0<\/span><\/p>\n<p><span data-uw-styling-context=\"true\">Na nova classifica\u00e7\u00e3o 32 munic\u00edpios est\u00e3o na bandeira vermelha, 41 na laranja, e 6 na amarela. Nenhum munic\u00edpio foi classificado no grau de extremo risco sinalizado pela bandeira cinza. A atualiza\u00e7\u00e3o leva em conta os dados referentes a 28\u00b0 semana epidemiol\u00f3gica e as recomenda\u00e7\u00f5es s\u00e3o v\u00e1lidas para o per\u00edodo de 22 de julho a 04 de agosto de 2021.\u00a0<\/span><\/p>\n<p><img loading=\"lazy\" decoding=\"async\" class=\"alignnone wp-image-361014 size-large\" src=\"http:\/\/www.ms.gov.br\/wp-content\/uploads\/sites\/150\/2021\/07\/prosseguir-bandeiras-resumo-1024x576.jpeg\" sizes=\"auto, (max-width: 1024px) 100vw, 1024px\" srcset=\"http:\/\/www.ms.gov.br\/wp-content\/uploads\/sites\/150\/2021\/07\/prosseguir-bandeiras-resumo-1024x576.jpeg 1024w, http:\/\/www.ms.gov.br\/wp-content\/uploads\/sites\/150\/2021\/07\/prosseguir-bandeiras-resumo-300x169.jpeg 300w, http:\/\/www.ms.gov.br\/wp-content\/uploads\/sites\/150\/2021\/07\/prosseguir-bandeiras-resumo-768x432.jpeg 768w, http:\/\/www.ms.gov.br\/wp-content\/uploads\/sites\/150\/2021\/07\/prosseguir-bandeiras-resumo-350x197.jpeg 350w, http:\/\/www.ms.gov.br\/wp-content\/uploads\/sites\/150\/2021\/07\/prosseguir-bandeiras-resumo.jpeg 1280w\" alt=\"\" width=\"1024\" height=\"576\" \/><\/p>\n<p data-uw-styling-context=\"true\"><span data-uw-styling-context=\"true\">Na avalia\u00e7\u00e3o do secret\u00e1rio de Infraestrutura e tamb\u00e9m presidente do Comit\u00ea Gestor do Prosseguir, Eduardo Riedel, o novo cen\u00e1rio \u00e9 reflexo das diversas medidas implementadas pelo Governo do Estado aliadas ao avan\u00e7o da vacina\u00e7\u00e3o, que j\u00e1 conta com 29,50% de sul-mato-grossenses com as duas doses ou dose \u00fanica, conforme o v<\/span><span data-uw-styling-context=\"true\">acin\u00f4metro.\u00a0<\/span>&#8220;O que estamos verificando neste relat\u00f3rio \u00e9 o resultado do avan\u00e7o da vacina\u00e7\u00e3o e das atitudes dos gestores municipais diante das orienta\u00e7\u00f5es do Prosseguir e realidades locais&#8221;, destaca.<\/p>\n<figure id=\"attachment_333980\" class=\"wp-caption alignright\"><img loading=\"lazy\" decoding=\"async\" class=\"wp-image-333980 size-medium\" src=\"http:\/\/www.ms.gov.br\/wp-content\/uploads\/sites\/150\/2020\/12\/Riedel-Prosseguir-Foto-Saul-Schramm-768x425-300x166.jpg\" sizes=\"auto, (max-width: 300px) 100vw, 300px\" srcset=\"http:\/\/www.ms.gov.br\/wp-content\/uploads\/sites\/150\/2020\/12\/Riedel-Prosseguir-Foto-Saul-Schramm-768x425-300x166.jpg 300w, http:\/\/www.ms.gov.br\/wp-content\/uploads\/sites\/150\/2020\/12\/Riedel-Prosseguir-Foto-Saul-Schramm-768x425.jpg 768w, http:\/\/www.ms.gov.br\/wp-content\/uploads\/sites\/150\/2020\/12\/Riedel-Prosseguir-Foto-Saul-Schramm-768x425-350x194.jpg 350w\" alt=\"\" width=\"300\" height=\"166\" \/><figcaption class=\"wp-caption-text\" data-uw-styling-context=\"true\">Foto: Saul Schramm<\/figcaption><\/figure>\n<p><span data-uw-styling-context=\"true\">Na bandeira vermelho, onde a recomenda\u00e7\u00e3o \u00e9 para o funcionamento apenas de atividades essenciais e n\u00e3o essenciais de baixo risco, est\u00e3o a capital Campo Grande, \u00c1gua Clara, Anast\u00e1cio, Ant\u00f4nio Jo\u00e3o, Aral Moreira, Bataguassu, Bataypor\u00e3, Bonito, Caracol, Chapad\u00e3o do Sul, Corguinho, Corumb\u00e1, Costa Rica, Coxim, Dois Irm\u00e3os do Buriti, Figueir\u00e3o, Guia Lopes da Laguna, Inoc\u00eancia, Jaraguari, Jardim, Lad\u00e1rio, Maracaju, Miranda, Mundo Novo, Nova Andradina, Para\u00edso das \u00c1guas, Parana\u00edba, Pedro Gomes, Ribas do Rio Pardo, S\u00e3o Gabriel do Oeste, Sidrol\u00e2ndia e Terenos.\u00a0<\/span><\/p>\n<div id=\"gallery-1\" class=\"gallery galleryid-361041 gallery-columns-3 gallery-size-medium\">\n<figure class=\"gallery-item\">\n<div class=\"gallery-icon landscape\"><a href=\"http:\/\/www.ms.gov.br\/wp-content\/uploads\/sites\/150\/2021\/07\/bandeira-laranja2.jpg\"><img loading=\"lazy\" decoding=\"async\" class=\"attachment-medium size-medium\" src=\"http:\/\/www.ms.gov.br\/wp-content\/uploads\/sites\/150\/2021\/07\/bandeira-laranja2-300x169.jpg\" sizes=\"auto, (max-width: 300px) 100vw, 300px\" srcset=\"http:\/\/www.ms.gov.br\/wp-content\/uploads\/sites\/150\/2021\/07\/bandeira-laranja2-300x169.jpg 300w, http:\/\/www.ms.gov.br\/wp-content\/uploads\/sites\/150\/2021\/07\/bandeira-laranja2-768x432.jpg 768w, http:\/\/www.ms.gov.br\/wp-content\/uploads\/sites\/150\/2021\/07\/bandeira-laranja2-350x197.jpg 350w, http:\/\/www.ms.gov.br\/wp-content\/uploads\/sites\/150\/2021\/07\/bandeira-laranja2.jpg 878w\" alt=\"\" width=\"300\" height=\"169\" \/><\/a><\/div>\n<\/figure>\n<figure class=\"gallery-item\">\n<div class=\"gallery-icon landscape\"><a href=\"http:\/\/www.ms.gov.br\/wp-content\/uploads\/sites\/150\/2021\/07\/bandeira-laranja2.jpeg\"><img loading=\"lazy\" decoding=\"async\" class=\"attachment-medium size-medium\" src=\"http:\/\/www.ms.gov.br\/wp-content\/uploads\/sites\/150\/2021\/07\/bandeira-laranja2-300x169.jpeg\" sizes=\"auto, (max-width: 300px) 100vw, 300px\" srcset=\"http:\/\/www.ms.gov.br\/wp-content\/uploads\/sites\/150\/2021\/07\/bandeira-laranja2-300x169.jpeg 300w, http:\/\/www.ms.gov.br\/wp-content\/uploads\/sites\/150\/2021\/07\/bandeira-laranja2-768x432.jpeg 768w, http:\/\/www.ms.gov.br\/wp-content\/uploads\/sites\/150\/2021\/07\/bandeira-laranja2-1024x576.jpeg 1024w, http:\/\/www.ms.gov.br\/wp-content\/uploads\/sites\/150\/2021\/07\/bandeira-laranja2-350x197.jpeg 350w, http:\/\/www.ms.gov.br\/wp-content\/uploads\/sites\/150\/2021\/07\/bandeira-laranja2.jpeg 1280w\" alt=\"\" width=\"300\" height=\"169\" \/><\/a><\/div>\n<\/figure>\n<figure class=\"gallery-item\">\n<div class=\"gallery-icon landscape\"><a href=\"http:\/\/www.ms.gov.br\/wp-content\/uploads\/sites\/150\/2021\/07\/bandeira-laranja1.jpeg\"><img loading=\"lazy\" decoding=\"async\" class=\"attachment-medium size-medium\" src=\"http:\/\/www.ms.gov.br\/wp-content\/uploads\/sites\/150\/2021\/07\/bandeira-laranja1-300x169.jpeg\" sizes=\"auto, (max-width: 300px) 100vw, 300px\" srcset=\"http:\/\/www.ms.gov.br\/wp-content\/uploads\/sites\/150\/2021\/07\/bandeira-laranja1-300x169.jpeg 300w, http:\/\/www.ms.gov.br\/wp-content\/uploads\/sites\/150\/2021\/07\/bandeira-laranja1-768x432.jpeg 768w, http:\/\/www.ms.gov.br\/wp-content\/uploads\/sites\/150\/2021\/07\/bandeira-laranja1-1024x576.jpeg 1024w, http:\/\/www.ms.gov.br\/wp-content\/uploads\/sites\/150\/2021\/07\/bandeira-laranja1-350x197.jpeg 350w, http:\/\/www.ms.gov.br\/wp-content\/uploads\/sites\/150\/2021\/07\/bandeira-laranja1.jpeg 1280w\" alt=\"\" width=\"300\" height=\"169\" \/><\/a><\/div>\n<\/figure>\n<\/div>\n<p><span data-uw-styling-context=\"true\">Pela classifica\u00e7\u00e3o laranja do Prosseguir que recomenda atividades essenciais e n\u00e3o essenciais de baixo e m\u00e9dio risco, est\u00e3o: Alcin\u00f3polis, Amambai, Anauril\u00e2ndia, Ang\u00e9lica, Aparecida do Taboado, Aquidauana, Bandeirantes, Bela Vista, Bodoquena, Brasil\u00e2ndia, Caarap\u00f3, Camapu\u00e3, Cassil\u00e2ndia, Coronel Sapucaia, Deod\u00e1polis, Dourados, Eldorado, Fatima do Sul, Iguatemi, Itapor\u00e3, Itaquira\u00ed, Ivinhema, Japor\u00e3, Juti, Laguna Carap\u00e3, Navira\u00ed, Nioaque, Nova Alvorada do Sul, Paranhos, Ponta Por\u00e3, Porto Murtinho, Rio Brilhante, Rio Negro, Rio Verde de Mato Grosso, Santa Rita do Pardo, Selv\u00edria, Sete Quedas, Sonora, Tacuru, Tr\u00eas Lagoas e Vicentina.\u00a0<\/span><\/p>\n<div id=\"gallery-2\" class=\"gallery galleryid-361041 gallery-columns-2 gallery-size-medium\">\n<figure class=\"gallery-item\">\n<div class=\"gallery-icon landscape\"><a href=\"http:\/\/www.ms.gov.br\/wp-content\/uploads\/sites\/150\/2021\/07\/bandeira-amarela.jpg\"><img loading=\"lazy\" decoding=\"async\" class=\"attachment-medium size-medium\" src=\"http:\/\/www.ms.gov.br\/wp-content\/uploads\/sites\/150\/2021\/07\/bandeira-amarela-300x169.jpg\" sizes=\"auto, (max-width: 300px) 100vw, 300px\" srcset=\"http:\/\/www.ms.gov.br\/wp-content\/uploads\/sites\/150\/2021\/07\/bandeira-amarela-300x169.jpg 300w, http:\/\/www.ms.gov.br\/wp-content\/uploads\/sites\/150\/2021\/07\/bandeira-amarela-768x432.jpg 768w, http:\/\/www.ms.gov.br\/wp-content\/uploads\/sites\/150\/2021\/07\/bandeira-amarela-350x197.jpg 350w, http:\/\/www.ms.gov.br\/wp-content\/uploads\/sites\/150\/2021\/07\/bandeira-amarela.jpg 878w\" alt=\"\" width=\"300\" height=\"169\" \/><\/a><\/div>\n<\/figure>\n<figure class=\"gallery-item\">\n<div class=\"gallery-icon landscape\"><a href=\"http:\/\/www.ms.gov.br\/wp-content\/uploads\/sites\/150\/2021\/07\/bandeira-vermelha.jpg\"><img loading=\"lazy\" decoding=\"async\" class=\"attachment-medium size-medium\" src=\"http:\/\/www.ms.gov.br\/wp-content\/uploads\/sites\/150\/2021\/07\/bandeira-vermelha-300x169.jpg\" sizes=\"auto, (max-width: 300px) 100vw, 300px\" srcset=\"http:\/\/www.ms.gov.br\/wp-content\/uploads\/sites\/150\/2021\/07\/bandeira-vermelha-300x169.jpg 300w, http:\/\/www.ms.gov.br\/wp-content\/uploads\/sites\/150\/2021\/07\/bandeira-vermelha-768x432.jpg 768w, http:\/\/www.ms.gov.br\/wp-content\/uploads\/sites\/150\/2021\/07\/bandeira-vermelha-350x197.jpg 350w, http:\/\/www.ms.gov.br\/wp-content\/uploads\/sites\/150\/2021\/07\/bandeira-vermelha.jpg 878w\" alt=\"\" width=\"300\" height=\"169\" \/><\/a><\/div>\n<\/figure>\n<\/div>\n<p><span data-uw-styling-context=\"true\">Elencada como grau toler\u00e1vel, a bandeira amarela que prop\u00f5e o funcionamento de atividades essenciais e n\u00e3o essenciais de baixo, m\u00e9dio e alto risco, est\u00e3o Douradina, Gl\u00f3ria de Dourados, Jate\u00ed, Novo Horizonte do Sul, Rochedo e Taquarussu.\u00a0<\/span><\/p>\n<p><span data-uw-styling-context=\"true\">No comparativo com o quadro anterior do Prosseguir, apenas 13 cidades regrediram de bandeira, 31 progrediram e 35 permaneceram na mesma classifica\u00e7\u00e3o.\u00a0<\/span><\/p>\n<p data-uw-styling-context=\"true\">Durante a transmiss\u00e3o ao vivo, os secret\u00e1rio de Sa\u00fade, Geraldo Resende enfatizou que ao longo da semana os 79 munic\u00edpios ser\u00e3o reavaliados e excepcionalmente ser\u00e1 feita uma nova atualiza\u00e7\u00e3o do Prosseguir em raz\u00e3o da volta as aulas na rede estadual de ensino a partir de 2 de agosto. &#8220;<span data-uw-styling-context=\"true\">N\u00f3s faremos a divulga\u00e7\u00e3o excepcional na pr\u00f3xima semana para que n\u00f3s possamos, dentro daquilo que discutimos com o setor da educa\u00e7\u00e3o, municiar as informa\u00e7\u00f5es para o retorno das aulas\u201d.\u00a0<\/span><\/p>\n<p data-uw-styling-context=\"true\">Mais informa\u00e7\u00f5es no link:\u00a0<strong><a href=\"http:\/\/www.ms.gov.br\/volta-as-aulas-quantidade-de-alunos-nas-salas-dependera-do-prosseguir\/\" data-uw-styling-context=\"true\">Volta \u00e0s aulas: quantidade de alunos nas salas depender\u00e1 do Prosseguir<\/a><\/strong>\u00a0.<\/p>\n<figure id=\"attachment_361015\" class=\"wp-caption alignnone\"><img loading=\"lazy\" decoding=\"async\" class=\"wp-image-361015 size-large\" src=\"http:\/\/www.ms.gov.br\/wp-content\/uploads\/sites\/150\/2021\/07\/prosseguir-indicadores-1024x576.jpeg\" sizes=\"auto, (max-width: 1024px) 100vw, 1024px\" srcset=\"http:\/\/www.ms.gov.br\/wp-content\/uploads\/sites\/150\/2021\/07\/prosseguir-indicadores-1024x576.jpeg 1024w, http:\/\/www.ms.gov.br\/wp-content\/uploads\/sites\/150\/2021\/07\/prosseguir-indicadores-300x169.jpeg 300w, http:\/\/www.ms.gov.br\/wp-content\/uploads\/sites\/150\/2021\/07\/prosseguir-indicadores-768x432.jpeg 768w, http:\/\/www.ms.gov.br\/wp-content\/uploads\/sites\/150\/2021\/07\/prosseguir-indicadores-350x197.jpeg 350w, http:\/\/www.ms.gov.br\/wp-content\/uploads\/sites\/150\/2021\/07\/prosseguir-indicadores.jpeg 1280w\" alt=\"\" width=\"1024\" height=\"576\" \/><figcaption class=\"wp-caption-text\" data-uw-styling-context=\"true\">Crit\u00e9rios de avalia\u00e7\u00e3o do Prosseguir<\/figcaption><\/figure>\n<p><span data-uw-styling-context=\"true\">Criado h\u00e1 exatos 13 meses, o\u00a0 Programa de Sa\u00fade e Seguran\u00e7a na Economia (PROSSEGUIR) tem como objetivo estruturar um m\u00e9todo baseado em dados, informa\u00e7\u00f5es e indicadores capazes de nortear os diversos agentes da sociedade, principalmente os entes p\u00fablicos, a tomarem suas decis\u00f5es e tornarem suas a\u00e7\u00f5es mais eficientes no combate \u00e0 propaga\u00e7\u00e3o e aos impactos da Covid-19 em nosso Estado.<\/span><\/p>\n<p><b data-uw-styling-context=\"true\">Boletim Covid<\/b><\/p>\n<p><span data-uw-styling-context=\"true\">Na atualiza\u00e7\u00e3o dos dados do Boletim Epidemiol\u00f3gico Covid-19 desta sexta-feira (21), foram notificados 886 novos casos e mais 25 \u00f3bitos por complica\u00e7\u00f5es da doen\u00e7a foram confirmados em Mato Grosso do Sul.\u00a0<\/span><\/p>\n<p><span data-uw-styling-context=\"true\">A m\u00e9dia m\u00f3vel de casos confirmados na \u00faltima semana est\u00e1 em 626,9 novos casos di\u00e1rios. J\u00e1 a m\u00e9dia di\u00e1ria de mortes por Covid nos \u00faltimos 7 dias est\u00e1 em 23,3. No gr\u00e1fico que mostra a evolu\u00e7\u00e3o dessas m\u00e9dias nos \u00faltimos 21 dias, \u00e9 poss\u00edvel ver uma certa estabiliza\u00e7\u00e3o de casos e de mortes.\u00a0<\/span><\/p>\n<p><span data-uw-styling-context=\"true\">A taxa de cont\u00e1gio tamb\u00e9m segue registrando \u00edndices na casa dos 0.80 nesta segunda quinzena de julho, com 0.84 nesta quarta-feira (21). Ainda assim, o secret\u00e1rio de sa\u00fade, Geraldo Resende alertou para a tend\u00eancia de aumento, j\u00e1 que em 18 de julho houve registro de 0.82 na taxa de cont\u00e1gio. \u201cPrecisamos avan\u00e7ar ainda mais no processo de imuniza\u00e7\u00e3o no nosso Estado\u201d.\u00a0<\/span><\/p>\n<div id=\"gallery-3\" class=\"gallery galleryid-361041 gallery-columns-2 gallery-size-medium\">\n<figure class=\"gallery-item\">\n<div class=\"gallery-icon landscape\"><a href=\"http:\/\/www.ms.gov.br\/taxa-contagio-3\/\"><img loading=\"lazy\" decoding=\"async\" class=\"attachment-medium size-medium\" src=\"http:\/\/www.ms.gov.br\/wp-content\/uploads\/sites\/150\/2021\/07\/taxa-contagio-300x235.jpg\" sizes=\"auto, (max-width: 300px) 100vw, 300px\" srcset=\"http:\/\/www.ms.gov.br\/wp-content\/uploads\/sites\/150\/2021\/07\/taxa-contagio-300x235.jpg 300w, http:\/\/www.ms.gov.br\/wp-content\/uploads\/sites\/150\/2021\/07\/taxa-contagio-307x240.jpg 307w, http:\/\/www.ms.gov.br\/wp-content\/uploads\/sites\/150\/2021\/07\/taxa-contagio.jpg 767w\" alt=\"\" width=\"300\" height=\"235\" \/><\/a><\/div>\n<\/figure>\n<figure class=\"gallery-item\">\n<div class=\"gallery-icon landscape\"><a href=\"http:\/\/www.ms.gov.br\/evolucao-media-movel-3\/\"><img loading=\"lazy\" decoding=\"async\" class=\"attachment-medium size-medium\" src=\"http:\/\/www.ms.gov.br\/wp-content\/uploads\/sites\/150\/2021\/07\/evolu%C3%A7%C3%A3o-media-movel-300x234.jpg\" sizes=\"auto, (max-width: 300px) 100vw, 300px\" srcset=\"http:\/\/www.ms.gov.br\/wp-content\/uploads\/sites\/150\/2021\/07\/evolu\u00e7\u00e3o-media-movel-300x234.jpg 300w, http:\/\/www.ms.gov.br\/wp-content\/uploads\/sites\/150\/2021\/07\/evolu\u00e7\u00e3o-media-movel-308x240.jpg 308w, http:\/\/www.ms.gov.br\/wp-content\/uploads\/sites\/150\/2021\/07\/evolu\u00e7\u00e3o-media-movel.jpg 767w\" alt=\"\" width=\"300\" height=\"234\" \/><\/a><\/div>\n<\/figure>\n<\/div>\n<p><span data-uw-styling-context=\"true\">A taxa de ocupa\u00e7\u00e3o global de leitos por macrorregi\u00e3o \u00e9 de 80% em Campo Grande, 50% em Dourados, 59% em Tr\u00eas Lagoas e 59% em Corumb\u00e1. Dos casos ativos de Covid no Estado, 617 s\u00e3o pacientes internados em leitos cl\u00ednicos (279) ou de Unidade de Terapia Intensiva (338).\u00a0<\/span><\/p>\n<p><span data-uw-styling-context=\"true\">Segundo a SES existem 1.488 amostras em an\u00e1lise no Lacen e laborat\u00f3rios parceiros, e outros 5.984 casos sem encerramento pelos munic\u00edpios.<\/span><\/p>\n<p data-uw-styling-context=\"true\">Confira\u00a0<strong><a href=\"http:\/\/www.ms.gov.br\/wp-content\/uploads\/sites\/150\/2021\/07\/Boletim-Epidemiol%C3%B3gico-COVID-19-2021.07.21.pdf\" data-uw-styling-context=\"true\">aqui<\/a><\/strong>\u00a0o detalhamento do boletim epidemiol\u00f3gico Covid desta quarta-feira, 21 de julho de 2021.<\/p>\n","protected":false},"excerpt":{"rendered":"<p>A Secretaria de Estado de Sa\u00fade (SES) anunciou nesta quarta-feira (21) o novo bandeiramento dos&#8230;<\/p>\n","protected":false},"author":13,"featured_media":11716736,"comment_status":"closed","ping_status":"closed","sticky":false,"template":"","format":"standard","meta":{"footnotes":""},"categories":[116,8,21],"tags":[],"class_list":["post-11716735","post","type-post","status-publish","format-standard","has-post-thumbnail","hentry","category-coronavirus","category-destaque","category-saude"],"_links":{"self":[{"href":"https:\/\/www.corumbaonline.com.br\/news\/wp-json\/wp\/v2\/posts\/11716735","targetHints":{"allow":["GET"]}}],"collection":[{"href":"https:\/\/www.corumbaonline.com.br\/news\/wp-json\/wp\/v2\/posts"}],"about":[{"href":"https:\/\/www.corumbaonline.com.br\/news\/wp-json\/wp\/v2\/types\/post"}],"author":[{"embeddable":true,"href":"https:\/\/www.corumbaonline.com.br\/news\/wp-json\/wp\/v2\/users\/13"}],"replies":[{"embeddable":true,"href":"https:\/\/www.corumbaonline.com.br\/news\/wp-json\/wp\/v2\/comments?post=11716735"}],"version-history":[{"count":1,"href":"https:\/\/www.corumbaonline.com.br\/news\/wp-json\/wp\/v2\/posts\/11716735\/revisions"}],"predecessor-version":[{"id":11716737,"href":"https:\/\/www.corumbaonline.com.br\/news\/wp-json\/wp\/v2\/posts\/11716735\/revisions\/11716737"}],"wp:featuredmedia":[{"embeddable":true,"href":"https:\/\/www.corumbaonline.com.br\/news\/wp-json\/wp\/v2\/media\/11716736"}],"wp:attachment":[{"href":"https:\/\/www.corumbaonline.com.br\/news\/wp-json\/wp\/v2\/media?parent=11716735"}],"wp:term":[{"taxonomy":"category","embeddable":true,"href":"https:\/\/www.corumbaonline.com.br\/news\/wp-json\/wp\/v2\/categories?post=11716735"},{"taxonomy":"post_tag","embeddable":true,"href":"https:\/\/www.corumbaonline.com.br\/news\/wp-json\/wp\/v2\/tags?post=11716735"}],"curies":[{"name":"wp","href":"https:\/\/api.w.org\/{rel}","templated":true}]}}