{"id":11716750,"date":"2021-07-22T08:16:00","date_gmt":"2021-07-22T12:16:00","guid":{"rendered":"http:\/\/www.corumbaonline.com.br\/news\/?p=11716750"},"modified":"2021-07-22T09:07:15","modified_gmt":"2021-07-22T13:07:15","slug":"prefeitura-de-corumba-institui-grupo-gestor-do-programa-de-aquisicao-de-alimentos-municipal","status":"publish","type":"post","link":"https:\/\/www.corumbaonline.com.br\/news\/prefeitura-de-corumba-institui-grupo-gestor-do-programa-de-aquisicao-de-alimentos-municipal\/","title":{"rendered":"Prefeitura de Corumb\u00e1 institui Grupo Gestor do Programa de Aquisi\u00e7\u00e3o de Alimentos Municipal"},"content":{"rendered":"<p>O prefeito Marcelo Iunes instituiu o Grupo Gestor do Programa de Aquisi\u00e7\u00e3o de Alimentos Municipal (GGPAAM) em Corumb\u00e1. De car\u00e1ter consultivo, deliberativo e fiscalizador, o Grupo Gestor \u00e9 composto por representantes da Secretaria Municipal de Desenvolvimento Econ\u00f4mico e Sustent\u00e1vel; Secretaria Municipal de Educa\u00e7\u00e3o; Secretaria Municipal de Assist\u00eancia Social e Cidadania e C\u00e2mara Municipal de Corumb\u00e1.<\/p>\n<p>Publicado na edi\u00e7\u00e3o de 07 de julho do DIOCORUMB\u00c1, o decreto n\u00b0 2.613 estabelece que o Grupo Gestor definir\u00e1 a forma de funcionamento das modalidades do Programa de Aquisi\u00e7\u00e3o de Alimentos Municipal; a metodologia para a defini\u00e7\u00e3o dos pre\u00e7os de refer\u00eancia de aquisi\u00e7\u00e3o de alimentos, bem como os alimentos a serem adquiridos, considerando a realidade local da agricultura familiar; as condi\u00e7\u00f5es de doa\u00e7\u00e3o dos produtos adquiridos; os crit\u00e9rios de prioriza\u00e7\u00e3o dos benef\u00edcios fornecedores e consumidores; a forma de seu funcionamento, mediante a aprova\u00e7\u00e3o; e demais medidas necess\u00e1rias para a operacionaliza\u00e7\u00e3o.<\/p>\n<p>Os membros do Grupo Gestor exercer\u00e3o mandato de dois anos, admitindo-se uma recondu\u00e7\u00e3o por igual per\u00edodo. As fun\u00e7\u00f5es n\u00e3o ser\u00e3o remuneradas e seu exerc\u00edcio ser\u00e1 considerado servi\u00e7o de relev\u00e2ncia p\u00fablica prestado ao Munic\u00edpio.<\/p>\n<p>De acordo com o decreto, os integrantes do Grupo Gestor do Programa de Aquisi\u00e7\u00e3o de Alimentos Municipal, representantes do Poder P\u00fablico, poder\u00e3o ser substitu\u00eddos mediante solicita\u00e7\u00e3o do Gestor Municipal e, quando representantes da comunidade e institui\u00e7\u00f5es, por disposi\u00e7\u00e3o em regimento interno.<\/p>\n<p>Secret\u00e1rio Municipal de Desenvolvimento Sustent\u00e1vel, C\u00e1ssio Augusto da Costa Marques, explicou que a orienta\u00e7\u00e3o do prefeito Marcelo Iunes \u00e9 de incentivar a\u00e7\u00f5es e iniciativas para \u201cfortalecer a agricultura familiar no sentido de criar op\u00e7\u00f5es de incremento na produ\u00e7\u00e3o e na venda do que foi produzido\u201d.<\/p>\n<p>\u201cO Programa de Aquisi\u00e7\u00e3o de Alimentos Municipal, criado pelo prefeito Marcelo Iunes visando aumentar a capacidade de fornecimento da agricultura familiar, refor\u00e7a o programa federal e praticamente dobra o valor dos recursos para aquisi\u00e7\u00e3o. Temos todo o suporte t\u00e9cnico para o aumento da produ\u00e7\u00e3o em termos de quantidade e qualidade e com redu\u00e7\u00e3o de custos para que o produto da agricultura familiar possa, de maneira geral, atender todo o mercado consumidor aqui do munic\u00edpio\u201d, disse o secret\u00e1rio.<\/p>\n<p>\u201cHoje a Prefeitura tem coopera\u00e7\u00e3o do Sindicato Rural de Corumb\u00e1 e Senar. Temos tamb\u00e9m o nosso pessoal da Superintend\u00eancia Agricultura Familiar, que faz todo um trabalho junto aos produtores no sentido de dar base, suporte e assist\u00eancia t\u00e9cnica para que produzam com maior quantidade e custos menores\u201d, finalizou o titular do Desenvolvimento Econ\u00f4mico e Sustent\u00e1vel.<\/p>\n<p><strong>O GGPAAM tem a seguinte forma\u00e7\u00e3o<\/strong><\/p>\n<p>Secretaria Municipal de Desenvolvimento Econ\u00f4mico e Sustent\u00e1vel: Sergio Fumio Horita (Titular) e Wania Regina Freire Marques (Suplente)<\/p>\n<p>Secretaria Municipal de Educa\u00e7\u00e3o: Aline Nascimento de Moraes (Titular) e Nemesis Midian Lopes da Silva Monteiro (Suplente)<\/p>\n<p>Secretaria Municipal de Assist\u00eancia Social e Cidadania: Laura Helena Midon Fonseca (Titular) e Adriana Leite Loureiro (Suplente)<\/p>\n<p>C\u00e2mara Municipal de Corumb\u00e1: Roberto Gomes Fa\u00e7anha (Titular) e Genilson Jos\u00e9 da Silva (Suplente).<\/p>\n<div id=\"gallery-1\" class=\"gallery galleryid-115232 gallery-columns-3 gallery-size-large\">\n<figure class=\"gallery-item\">\n<div class=\"gallery-icon landscape\"><a role=\"link\" href=\"https:\/\/www.corumba.ms.gov.br\/2021\/07\/prefeitura-institui-grupo-gestor-do-programa-de-aquisicao-de-alimentos-municipal\/grupo-gestor-paam-1\/\"><img loading=\"lazy\" decoding=\"async\" class=\"attachment-large size-large\" src=\"https:\/\/www.corumba.ms.gov.br\/wp-content\/uploads\/2021\/07\/GRUPO-GESTOR-PAAM-1-1024x576.jpg\" sizes=\"auto, (max-width: 1024px) 100vw, 1024px\" srcset=\"https:\/\/www.corumba.ms.gov.br\/wp-content\/uploads\/2021\/07\/GRUPO-GESTOR-PAAM-1-1024x576.jpg 1024w, https:\/\/www.corumba.ms.gov.br\/wp-content\/uploads\/2021\/07\/GRUPO-GESTOR-PAAM-1-300x169.jpg 300w, https:\/\/www.corumba.ms.gov.br\/wp-content\/uploads\/2021\/07\/GRUPO-GESTOR-PAAM-1-768x432.jpg 768w, https:\/\/www.corumba.ms.gov.br\/wp-content\/uploads\/2021\/07\/GRUPO-GESTOR-PAAM-1.jpg 1200w\" alt=\"\" width=\"1024\" height=\"576\" aria-describedby=\"gallery-1-115233\" \/><\/a><\/div><figcaption id=\"gallery-1-115233\" class=\"wp-caption-text gallery-caption\">Grupo Gestor j\u00e1 se re\u00fane para definir elabora\u00e7\u00e3o de seu Regimento Interno (Foto: Divulga\u00e7\u00e3o PMC)<\/figcaption><\/figure>\n<figure class=\"gallery-item\">\n<div class=\"gallery-icon landscape\"><a role=\"link\" href=\"https:\/\/www.corumba.ms.gov.br\/2021\/07\/prefeitura-institui-grupo-gestor-do-programa-de-aquisicao-de-alimentos-municipal\/grupo-gestor-paam-2\/\"><img loading=\"lazy\" decoding=\"async\" class=\"attachment-large size-large\" src=\"https:\/\/www.corumba.ms.gov.br\/wp-content\/uploads\/2021\/07\/GRUPO-GESTOR-PAAM-2-1024x576.jpg\" sizes=\"auto, (max-width: 1024px) 100vw, 1024px\" srcset=\"https:\/\/www.corumba.ms.gov.br\/wp-content\/uploads\/2021\/07\/GRUPO-GESTOR-PAAM-2-1024x576.jpg 1024w, https:\/\/www.corumba.ms.gov.br\/wp-content\/uploads\/2021\/07\/GRUPO-GESTOR-PAAM-2-300x169.jpg 300w, https:\/\/www.corumba.ms.gov.br\/wp-content\/uploads\/2021\/07\/GRUPO-GESTOR-PAAM-2-768x432.jpg 768w, https:\/\/www.corumba.ms.gov.br\/wp-content\/uploads\/2021\/07\/GRUPO-GESTOR-PAAM-2.jpg 1200w\" alt=\"\" width=\"1024\" height=\"576\" aria-describedby=\"gallery-1-115234\" \/><\/a><\/div><figcaption id=\"gallery-1-115234\" class=\"wp-caption-text gallery-caption\">Grupo Gestor j\u00e1 se re\u00fane para definir elabora\u00e7\u00e3o de seu Regimento Interno (Foto: Divulga\u00e7\u00e3o PMC)<\/figcaption><\/figure>\n<\/div>\n","protected":false},"excerpt":{"rendered":"<p>O prefeito Marcelo Iunes instituiu o Grupo Gestor do Programa de Aquisi\u00e7\u00e3o de Alimentos Municipal&#8230;<\/p>\n","protected":false},"author":70,"featured_media":11716751,"comment_status":"closed","ping_status":"closed","sticky":false,"template":"","format":"standard","meta":{"footnotes":""},"categories":[2,8],"tags":[],"class_list":["post-11716750","post","type-post","status-publish","format-standard","has-post-thumbnail","hentry","category-agropecuaria","category-destaque"],"_links":{"self":[{"href":"https:\/\/www.corumbaonline.com.br\/news\/wp-json\/wp\/v2\/posts\/11716750","targetHints":{"allow":["GET"]}}],"collection":[{"href":"https:\/\/www.corumbaonline.com.br\/news\/wp-json\/wp\/v2\/posts"}],"about":[{"href":"https:\/\/www.corumbaonline.com.br\/news\/wp-json\/wp\/v2\/types\/post"}],"author":[{"embeddable":true,"href":"https:\/\/www.corumbaonline.com.br\/news\/wp-json\/wp\/v2\/users\/70"}],"replies":[{"embeddable":true,"href":"https:\/\/www.corumbaonline.com.br\/news\/wp-json\/wp\/v2\/comments?post=11716750"}],"version-history":[{"count":1,"href":"https:\/\/www.corumbaonline.com.br\/news\/wp-json\/wp\/v2\/posts\/11716750\/revisions"}],"predecessor-version":[{"id":11716752,"href":"https:\/\/www.corumbaonline.com.br\/news\/wp-json\/wp\/v2\/posts\/11716750\/revisions\/11716752"}],"wp:featuredmedia":[{"embeddable":true,"href":"https:\/\/www.corumbaonline.com.br\/news\/wp-json\/wp\/v2\/media\/11716751"}],"wp:attachment":[{"href":"https:\/\/www.corumbaonline.com.br\/news\/wp-json\/wp\/v2\/media?parent=11716750"}],"wp:term":[{"taxonomy":"category","embeddable":true,"href":"https:\/\/www.corumbaonline.com.br\/news\/wp-json\/wp\/v2\/categories?post=11716750"},{"taxonomy":"post_tag","embeddable":true,"href":"https:\/\/www.corumbaonline.com.br\/news\/wp-json\/wp\/v2\/tags?post=11716750"}],"curies":[{"name":"wp","href":"https:\/\/api.w.org\/{rel}","templated":true}]}}