{"id":11716753,"date":"2021-07-22T08:31:00","date_gmt":"2021-07-22T12:31:00","guid":{"rendered":"http:\/\/www.corumbaonline.com.br\/news\/?p=11716753"},"modified":"2021-07-22T09:10:48","modified_gmt":"2021-07-22T13:10:48","slug":"ifms-recebe-inscricao-para-pos-em-conservacao-da-natureza-ate-1-de-agosto","status":"publish","type":"post","link":"https:\/\/www.corumbaonline.com.br\/news\/ifms-recebe-inscricao-para-pos-em-conservacao-da-natureza-ate-1-de-agosto\/","title":{"rendered":"IFMS recebe inscri\u00e7\u00e3o para p\u00f3s em Conserva\u00e7\u00e3o da Natureza at\u00e9 1\u00b0 de agosto"},"content":{"rendered":"<p>Seguem abertas as inscri\u00e7\u00f5es para o curso de p\u00f3s-gradua\u00e7\u00e3o\u00a0<em>lato sensu<\/em>\u00a0em Estrat\u00e9gias para a Conserva\u00e7\u00e3o da Natureza, ofertado pelo Campus Corumb\u00e1 do Instituto Federal de Mato Grosso do Sul (IFMS), a partir do 2\u00b0 semestre.<\/p>\n<p>Realizada em parceria com o Instituto Homem Pantaneiro (IHP)\u00a0\u2013\u00a0organiza\u00e7\u00e3o da sociedade civil, sem fins lucrativos, que atua na preserva\u00e7\u00e3o do bioma Pantanal e da cultura local \u2013 a especializa\u00e7\u00e3o busca formar profissionais capacitados para analisar e intervir de forma conjunta, com diferentes atores e organiza\u00e7\u00f5es, promovendo uma gest\u00e3o integrada da biodiversidade, com base em conhecimentos cient\u00edficos e legais sobre a educa\u00e7\u00e3o ambiental.<\/p>\n<p>S\u00e3o ofertadas 40 vagas para portadores de diploma de ensino superior, sendo 35 delas para policiais militares ambientais de todo territ\u00f3rio nacional, conforme defini\u00e7\u00e3o dos comandos regionais da pol\u00edcia militar. Os crit\u00e9rios foram pr\u00e9-estabelecidos pelo Comando-geral da Pol\u00edcia Militar de Mato Grosso do Sul junto com o IHP.<\/p>\n<p>As outras cinco vagas s\u00e3o reservadas aos demais interessados, que morem nos munic\u00edpios de Corumb\u00e1 ou Lad\u00e1rio. \u00c9 necess\u00e1rio ainda possuir gradua\u00e7\u00e3o Ci\u00eancias Biol\u00f3gicas ou atuar profissionalmente na \u00e1rea ambiental.<\/p>\n<p>As normas do processo seletivo est\u00e3o dispon\u00edveis no edital de abertura, publicado na\u00a0<a href=\"http:\/\/www.ifms.edu.br:9000\/lists\/lt.php?tid=KxkDUAFcVABRVEtXVVlSTlBTBlJOAF4BBRteX1QCAFNbVwECUw8fVVsAAgYFVlxOUl0DBE4NCQoEGwBSUwdPUgBQUFBXD1YFVFRVH1ICAwYCUlcDTghaXAYbDFZQBk8JVlZUH1AKVgBWAgNWVAIABw\" target=\"_blank\" rel=\"noopener noreferrer\">Central de Sele\u00e7\u00e3o<\/a>.<\/p>\n<p><strong>Inscri\u00e7\u00f5es<\/strong>\u00a0\u2013 S\u00e3o gratuitas, assim como o curso, e podem ser feitas at\u00e9 1\u00b0 de agosto, na\u00a0<a href=\"http:\/\/www.ifms.edu.br:9000\/lists\/lt.php?tid=KxkNV11cVgJQA0tTUwJdTlAHAgNOAFwIVBsMVwQFUwABU1cHA10fVVsAAgYFVlxOUl0DBE4NCQoEGwBSUwdPUgBQUFBXD1YFVFRVH1ICAwYCUlcDTghaXAYbDFZQBk8JVlZUH1AKVgBWAgNWVAIABw\" target=\"_blank\" rel=\"noopener noreferrer\">P\u00e1gina do Candidato<\/a>. Ao preencher o formul\u00e1rio, o candidato dever\u00e1 anexar os seguintes documentos:<\/p>\n<ul>\n<li>comprovante de resid\u00eancia nos munic\u00edpios de Corumb\u00e1 ou Lad\u00e1rio, no nome do candidato ou no nome de terceiro, junto com procura\u00e7\u00e3o assinada e devidamente reconhecida em cart\u00f3rio;<\/li>\n<li>diploma de gradua\u00e7\u00e3o;<\/li>\n<li>comprovante de atua\u00e7\u00e3o profissional na \u00e1rea ambiental, apenas para aqueles que se enquadrem nessa situa\u00e7\u00e3o.<\/li>\n<\/ul>\n<p><strong>Sele\u00e7\u00e3o<\/strong>\u00a0\u2013 Para o p\u00fablico em geral ser\u00e1 feita por sorteio eletr\u00f4nico, no dia 17 de agosto. Para as vagas destinadas a pol\u00edcia militar ambiental, a defini\u00e7\u00e3o da lista de candidatos ser\u00e1 elaborada internamente, no \u00e2mbito corporativo da Pol\u00edcia Militar.<\/p>\n<p>A divulga\u00e7\u00e3o da primeira chamada, para os selecionados, est\u00e1 prevista para 20 de agosto. J\u00e1 as matr\u00edculas acontecer\u00e3o entre os dias 23 e 28 do mesmo m\u00eas.<\/p>\n<p><strong>Curso<\/strong>\u00a0\u2013 As aulas da especializa\u00e7\u00e3o em Estrat\u00e9gias para a Conserva\u00e7\u00e3o da Natureza ser\u00e3o predominantemente a dist\u00e2ncia, com 25% das atividades previstas sendo realizadas de maneira presencial. O curso ocorrer\u00e1 em regime modular, com dura\u00e7\u00e3o de 18 meses. Entre os temas a serem abordados nos durante o cumprimento dos m\u00f3dulos estar\u00e3o:<\/p>\n<ul>\n<li>ecologia b\u00e1sica;<\/li>\n<li>biologia da conserva\u00e7\u00e3o;<\/li>\n<li>fundamentos e pr\u00e1ticas em educa\u00e7\u00e3o ambiental;<\/li>\n<li>gest\u00e3o e manejo de \u00e1reas protegidas;<\/li>\n<li>hist\u00f3rico das pol\u00edticas ambientais no Brasil;<\/li>\n<li>legisla\u00e7\u00e3o ambiental aplicada ao policiamento ambiental;<\/li>\n<li>planejamento, manejo e gest\u00e3o de bacias hidrogr\u00e1ficas;<\/li>\n<li>alternativas para a gest\u00e3o de recursos h\u00eddricos;<\/li>\n<li>sistemas de informa\u00e7\u00f5es geogr\u00e1ficas;<\/li>\n<li>geotecnologias aplicadas ao meio ambiente.<\/li>\n<\/ul>\n<p>Est\u00e3o previsto ainda conte\u00fados voltados a metodologia de ensino a dist\u00e2ncia, metodologia cient\u00edfica e t\u00f3picos especiais \u2013 em formato h\u00edbrido, composto por simp\u00f3sio,\u00a0<em>workshop<\/em>, mesa-redonda e curso de campo, com a participa\u00e7\u00e3o de profissionais convidados \u2013 al\u00e9m da realiza\u00e7\u00e3o de trabalho de conclus\u00e3o de curso (TCC).<\/p>\n<p>A carga hor\u00e1ria total do curso, entre atividades a dist\u00e2ncia, presenciais e produ\u00e7\u00e3o do TCC, \u00e9 de 460h.\u00a0Mais informa\u00e7\u00f5es est\u00e3o dispon\u00edveis na\u00a0<a href=\"http:\/\/www.ifms.edu.br:9000\/lists\/lt.php?tid=KxkFCwFeAQRVUktTAwRWTlBSBgBOAQheBxsKVwMAUAhbBwABBFofVVsAAgYFVlxOUl0DBE4NCQoEGwBSUwdPUgBQUFBXD1YFVFRVH1ICAwYCUlcDTghaXAYbDFZQBk8JVlZUH1AKVgBWAgNWVAIABw\" target=\"_blank\" rel=\"noopener noreferrer\">p\u00e1gina da especializa\u00e7\u00e3o<\/a>.<\/p>\n","protected":false},"excerpt":{"rendered":"<p>Seguem abertas as inscri\u00e7\u00f5es para o curso de p\u00f3s-gradua\u00e7\u00e3o\u00a0lato sensu\u00a0em Estrat\u00e9gias para a Conserva\u00e7\u00e3o da&#8230;<\/p>\n","protected":false},"author":9,"featured_media":0,"comment_status":"closed","ping_status":"closed","sticky":false,"template":"","format":"standard","meta":{"footnotes":""},"categories":[10],"tags":[],"class_list":["post-11716753","post","type-post","status-publish","format-standard","hentry","category-educacao"],"_links":{"self":[{"href":"https:\/\/www.corumbaonline.com.br\/news\/wp-json\/wp\/v2\/posts\/11716753","targetHints":{"allow":["GET"]}}],"collection":[{"href":"https:\/\/www.corumbaonline.com.br\/news\/wp-json\/wp\/v2\/posts"}],"about":[{"href":"https:\/\/www.corumbaonline.com.br\/news\/wp-json\/wp\/v2\/types\/post"}],"author":[{"embeddable":true,"href":"https:\/\/www.corumbaonline.com.br\/news\/wp-json\/wp\/v2\/users\/9"}],"replies":[{"embeddable":true,"href":"https:\/\/www.corumbaonline.com.br\/news\/wp-json\/wp\/v2\/comments?post=11716753"}],"version-history":[{"count":1,"href":"https:\/\/www.corumbaonline.com.br\/news\/wp-json\/wp\/v2\/posts\/11716753\/revisions"}],"predecessor-version":[{"id":11716754,"href":"https:\/\/www.corumbaonline.com.br\/news\/wp-json\/wp\/v2\/posts\/11716753\/revisions\/11716754"}],"wp:attachment":[{"href":"https:\/\/www.corumbaonline.com.br\/news\/wp-json\/wp\/v2\/media?parent=11716753"}],"wp:term":[{"taxonomy":"category","embeddable":true,"href":"https:\/\/www.corumbaonline.com.br\/news\/wp-json\/wp\/v2\/categories?post=11716753"},{"taxonomy":"post_tag","embeddable":true,"href":"https:\/\/www.corumbaonline.com.br\/news\/wp-json\/wp\/v2\/tags?post=11716753"}],"curies":[{"name":"wp","href":"https:\/\/api.w.org\/{rel}","templated":true}]}}