{"id":11716760,"date":"2021-07-22T09:10:00","date_gmt":"2021-07-22T13:10:00","guid":{"rendered":"http:\/\/www.corumbaonline.com.br\/news\/?p=11716760"},"modified":"2021-07-22T10:57:50","modified_gmt":"2021-07-22T14:57:50","slug":"em-uma-semana-38-municipios-de-ms-nao-tiveram-mortes-por-covid-19","status":"publish","type":"post","link":"https:\/\/www.corumbaonline.com.br\/news\/em-uma-semana-38-municipios-de-ms-nao-tiveram-mortes-por-covid-19\/","title":{"rendered":"Em uma semana, 38 munic\u00edpios de MS n\u00e3o tiveram mortes por covid-19"},"content":{"rendered":"<p data-uw-styling-context=\"true\">Com a amplia\u00e7\u00e3o da vacina\u00e7\u00e3o e as medidas de restri\u00e7\u00e3o, em uma semana 38 munic\u00edpios de Mato Grosso do Sul n\u00e3o tiveram registros de mortes por causa da covid-19. Os dados refletem o cen\u00e1rio de queda dos casos, interna\u00e7\u00f5es e redu\u00e7\u00e3o da taxa de cont\u00e1gio da doen\u00e7a no Estado.<\/p>\n<p data-uw-styling-context=\"true\">Este levantamento \u00e9 de 14 a 21 de julho. Entram nesta lista os munic\u00edpios de Alcin\u00f3polis, Anauril\u00e2ndia, Bandeirantes, Brasil\u00e2ndia, Caarap\u00f3, Caracol, Corguinho, Camapu\u00e3, Coronel Sapucaia, Deod\u00e1polis, Dois Irm\u00e3os do Buriti, Douradina, F\u00e1tima do Sul, Figueir\u00e3o, Iguatemi e Itapor\u00e3, Japor\u00e3, Jate\u00ed e Jaraguari.<\/p>\n<p data-uw-styling-context=\"true\">Al\u00e9m das cidades de Juti, Laguna Carap\u00e3, Nioaque, Novo Horizonte do Sul, Nova Alvorada do Sul, Para\u00edso das \u00c1guas, Porto Murtinho, Rio Brilhante, Rochedo, Rio Negro, Santa Rita do Pardo, Sete Quedas, Sidrol\u00e2ndia, Selv\u00edria, Sonora, S\u00e3o Gabriel do Oeste, Tacuru, Taquarussu e Vicentina.<img loading=\"lazy\" decoding=\"async\" class=\"size-medium wp-image-361097 alignright\" src=\"http:\/\/www.ms.gov.br\/wp-content\/uploads\/sites\/150\/2021\/07\/mortes-julho-2021-300x186.jpg\" sizes=\"auto, (max-width: 300px) 100vw, 300px\" srcset=\"http:\/\/www.ms.gov.br\/wp-content\/uploads\/sites\/150\/2021\/07\/mortes-julho-2021-300x186.jpg 300w, http:\/\/www.ms.gov.br\/wp-content\/uploads\/sites\/150\/2021\/07\/mortes-julho-2021-350x217.jpg 350w, http:\/\/www.ms.gov.br\/wp-content\/uploads\/sites\/150\/2021\/07\/mortes-julho-2021.jpg 714w\" alt=\"\" width=\"300\" height=\"186\" \/><\/p>\n<p data-uw-styling-context=\"true\">Os outros 41 munic\u00edpios do Estado tiveram ao menos um \u00f3bito devido a doen\u00e7a neste mesmo per\u00edodo. O levantamento \u00e9 referente aos boletins divulgados pela Secretaria Estadual de Sa\u00fade (SES) nestes \u00faltimos sete dias.<\/p>\n<p data-uw-styling-context=\"true\">Este quadro positivo reflete na queda de mais de 50% das mortes e casos de covid no Estado em compara\u00e7\u00e3o ao mesmo per\u00edodo do m\u00eas anterior. A taxa de cont\u00e1gio do v\u00edrus que ultrapassou 1,0 em junho, agora est\u00e1 em 0,84.<\/p>\n<p data-uw-styling-context=\"true\">\u201cEstamos conseguindo conter a expans\u00e3o da doen\u00e7a, mas precisamos ficar atentos porque v\u00e1rias partes do mundo tamb\u00e9m tiveram esta queda, no entanto j\u00e1 houve um aumento de casos significativos nas \u00faltimas semanas\u201d, ponderou o secret\u00e1rio estadual de Sa\u00fade, Geraldo Resende.<\/p>\n<p><strong data-uw-styling-context=\"true\">Medidas<\/strong><\/p>\n<figure id=\"attachment_360691\" class=\"wp-caption alignright\">\n<p><figure id=\"attachment_360691\" aria-describedby=\"caption-attachment-360691\" style=\"width: 300px\" class=\"wp-caption alignright\"><img loading=\"lazy\" decoding=\"async\" class=\"wp-image-360691 size-medium\" src=\"http:\/\/www.ms.gov.br\/wp-content\/uploads\/sites\/150\/2021\/07\/Foto-Saul-Schramm07-300x166.jpg\" sizes=\"auto, (max-width: 300px) 100vw, 300px\" srcset=\"http:\/\/www.ms.gov.br\/wp-content\/uploads\/sites\/150\/2021\/07\/Foto-Saul-Schramm07-300x166.jpg 300w, http:\/\/www.ms.gov.br\/wp-content\/uploads\/sites\/150\/2021\/07\/Foto-Saul-Schramm07.jpg 768w, http:\/\/www.ms.gov.br\/wp-content\/uploads\/sites\/150\/2021\/07\/Foto-Saul-Schramm07-350x194.jpg 350w\" alt=\"\" width=\"300\" height=\"166\" \/><figcaption id=\"caption-attachment-360691\" class=\"wp-caption-text\">Vacina\u00e7\u00e3o contra covid em MS (Foto: Saul Schramm)<\/figcaption><\/figure><\/figure>\n<p data-uw-styling-context=\"true\">Para os infectologistas esta queda no n\u00famero de casos e mortes em Mato Grosso do Sul se deve as medidas de restri\u00e7\u00e3o feitas em junho e o aumento da vacina\u00e7\u00e3o no Estado.<\/p>\n<p data-uw-styling-context=\"true\">\u201cA imuniza\u00e7\u00e3o tem papel fundamental neste cen\u00e1rio, pois al\u00e9m de reduzir os casos graves, interna\u00e7\u00f5es e \u00f3bitos, reduz a circula\u00e7\u00e3o viral&#8221;, descreveu a m\u00e9dica infectologista Andyane\u00a0Freitas\u00a0Tetila.<\/p>\n<p data-uw-styling-context=\"true\">Sobre a vacina\u00e7\u00e3o, Mato Grosso do Sul \u00e9 destaque nacional na aplica\u00e7\u00e3o da primeira e segunda dose, estando entre os primeiros colocados no ranking nacional desde quando come\u00e7ou a imuniza\u00e7\u00e3o no Brasil. Um dos atributos \u00e9 a distribui\u00e7\u00e3o das doses aos 79 munic\u00edpios em menos de 12 horas.<\/p>\n<p data-uw-styling-context=\"true\">O governador Reinaldo Azambuja tamb\u00e9m anunciou que a previs\u00e3o \u00e9 a vacina\u00e7\u00e3o de toda popula\u00e7\u00e3o acima de 18 anos no Estado at\u00e9 o final de agosto. Junto com isto seguem as recomenda\u00e7\u00f5es aos munic\u00edpios por meio do programa \u201cProsseguir\u201d.<\/p>\n","protected":false},"excerpt":{"rendered":"<p>Com a amplia\u00e7\u00e3o da vacina\u00e7\u00e3o e as medidas de restri\u00e7\u00e3o, em uma semana 38 munic\u00edpios&#8230;<\/p>\n","protected":false},"author":13,"featured_media":11716761,"comment_status":"closed","ping_status":"closed","sticky":false,"template":"","format":"standard","meta":{"footnotes":""},"categories":[116,8,21],"tags":[],"class_list":["post-11716760","post","type-post","status-publish","format-standard","has-post-thumbnail","hentry","category-coronavirus","category-destaque","category-saude"],"_links":{"self":[{"href":"https:\/\/www.corumbaonline.com.br\/news\/wp-json\/wp\/v2\/posts\/11716760","targetHints":{"allow":["GET"]}}],"collection":[{"href":"https:\/\/www.corumbaonline.com.br\/news\/wp-json\/wp\/v2\/posts"}],"about":[{"href":"https:\/\/www.corumbaonline.com.br\/news\/wp-json\/wp\/v2\/types\/post"}],"author":[{"embeddable":true,"href":"https:\/\/www.corumbaonline.com.br\/news\/wp-json\/wp\/v2\/users\/13"}],"replies":[{"embeddable":true,"href":"https:\/\/www.corumbaonline.com.br\/news\/wp-json\/wp\/v2\/comments?post=11716760"}],"version-history":[{"count":1,"href":"https:\/\/www.corumbaonline.com.br\/news\/wp-json\/wp\/v2\/posts\/11716760\/revisions"}],"predecessor-version":[{"id":11716762,"href":"https:\/\/www.corumbaonline.com.br\/news\/wp-json\/wp\/v2\/posts\/11716760\/revisions\/11716762"}],"wp:featuredmedia":[{"embeddable":true,"href":"https:\/\/www.corumbaonline.com.br\/news\/wp-json\/wp\/v2\/media\/11716761"}],"wp:attachment":[{"href":"https:\/\/www.corumbaonline.com.br\/news\/wp-json\/wp\/v2\/media?parent=11716760"}],"wp:term":[{"taxonomy":"category","embeddable":true,"href":"https:\/\/www.corumbaonline.com.br\/news\/wp-json\/wp\/v2\/categories?post=11716760"},{"taxonomy":"post_tag","embeddable":true,"href":"https:\/\/www.corumbaonline.com.br\/news\/wp-json\/wp\/v2\/tags?post=11716760"}],"curies":[{"name":"wp","href":"https:\/\/api.w.org\/{rel}","templated":true}]}}