{"id":11716779,"date":"2021-07-22T11:25:00","date_gmt":"2021-07-22T15:25:00","guid":{"rendered":"http:\/\/www.corumbaonline.com.br\/news\/?p=11716779"},"modified":"2021-07-22T16:09:05","modified_gmt":"2021-07-22T20:09:05","slug":"corumba-lanca-carteira-digital-de-vacinacao-contra-a-covid-19","status":"publish","type":"post","link":"https:\/\/www.corumbaonline.com.br\/news\/corumba-lanca-carteira-digital-de-vacinacao-contra-a-covid-19\/","title":{"rendered":"Corumb\u00e1 lan\u00e7a carteira digital de vacina\u00e7\u00e3o contra a Covid-19"},"content":{"rendered":"<div dir=\"ltr\">A Prefeitura de Corumb\u00e1 por interm\u00e9dio da Secretaria Municipal de Sa\u00fade, desenvolveu o documento digital de vacina\u00e7\u00e3o, que \u00e9 disponibilizado aos usu\u00e1rios que se vacinaram contra a Covid-19.<\/div>\n<div dir=\"ltr\"><\/div>\n<div dir=\"ltr\"><\/div>\n<div dir=\"ltr\">O Prefeito de Corumb\u00e1, Marcelo Iunes explica que a carteirinha foi criada para dar ainda mais transpar\u00eancia ao processo de vacina\u00e7\u00e3o, \u201cap\u00f3s a pessoa receber a primeira dose, poder\u00e1 conferir a sua carteira digital no mesmo sistema em que ela se cadastrou, al\u00e9m de que ter\u00e1 mais informa\u00e7\u00f5es sobre qual vacina foi aplicada\u201d.<\/div>\n<div dir=\"ltr\"><\/div>\n<div dir=\"ltr\"><\/div>\n<div dir=\"ltr\">O Secret\u00e1rio de Sa\u00fade, Rog\u00e9rio Leite conta que a ideia \u00e9 dar seguran\u00e7a\u00a0 toda popula\u00e7\u00e3o , seja o cliente ou empres\u00e1rio,\u00a0 em estar seguro ao utilizar os mais diversos servi\u00e7os na cidade, \u201ccom a vacina\u00e7\u00e3o em massa, diversos locais na cidade est\u00e3o permitindo a entrada somente mediante a apresenta\u00e7\u00e3o do cart\u00e3o de vacina. Al\u00e9m disso, muitas vezes a pessoa perde o comprovante de vacina\u00e7\u00e3o, o comprovante digital poder\u00e1 ser salvo no celular ou ser impresso logo ap\u00f3s a pessoa receber a primeira dose\u201d.<\/div>\n<div dir=\"ltr\"><\/div>\n<div dir=\"ltr\"><\/div>\n<div dir=\"ltr\">Para ter acesso, o usu\u00e1rio deve acessar o site\u00a0<a role=\"link\" href=\"http:\/\/vacina.corumba.ms.gov.br\/coronavirus\" target=\"_blank\" rel=\"noopener\">http:\/\/vacina.corumba.ms.gov.br\/coronavirus\u00a0<\/a>(na mesma p\u00e1gina do cadastro da vacina\u00e7\u00e3o), fazer o login com o CPF e a senha do cadastro da vacina\u00e7\u00e3o, ou com CPF e data de nascimento no link \u2018Carteirinha Digital\u2019.<\/div>\n<div dir=\"ltr\"><\/div>\n<div dir=\"ltr\"><\/div>\n<div dir=\"ltr\">Ao emitir a carteirinha confira os dados pessoais e da vacina\u00e7\u00e3o. Caso constate alguma incorre\u00e7\u00e3o nos dados, procure o NIS (N\u00facleo de Informa\u00e7\u00f5es em Sa\u00fade) na Rua 13 de Junho n\u00ba 1620, Centro, ou ligue no telefone (67) 3907 \u2013 5243, ou alternativamente procure o N\u00facleo de Imuniza\u00e7\u00e3o no Centro de Sa\u00fade da Ladeira, ou pelo Telefone (67) 3907-5425, importante levar a carteira de vacina\u00e7\u00e3o (f\u00edsica) e um documento com Foto.<\/div>\n","protected":false},"excerpt":{"rendered":"<p>A Prefeitura de Corumb\u00e1 por interm\u00e9dio da Secretaria Municipal de Sa\u00fade, desenvolveu o documento digital&#8230;<\/p>\n","protected":false},"author":70,"featured_media":11716780,"comment_status":"closed","ping_status":"closed","sticky":false,"template":"","format":"standard","meta":{"footnotes":""},"categories":[116,21],"tags":[],"class_list":["post-11716779","post","type-post","status-publish","format-standard","has-post-thumbnail","hentry","category-coronavirus","category-saude"],"_links":{"self":[{"href":"https:\/\/www.corumbaonline.com.br\/news\/wp-json\/wp\/v2\/posts\/11716779","targetHints":{"allow":["GET"]}}],"collection":[{"href":"https:\/\/www.corumbaonline.com.br\/news\/wp-json\/wp\/v2\/posts"}],"about":[{"href":"https:\/\/www.corumbaonline.com.br\/news\/wp-json\/wp\/v2\/types\/post"}],"author":[{"embeddable":true,"href":"https:\/\/www.corumbaonline.com.br\/news\/wp-json\/wp\/v2\/users\/70"}],"replies":[{"embeddable":true,"href":"https:\/\/www.corumbaonline.com.br\/news\/wp-json\/wp\/v2\/comments?post=11716779"}],"version-history":[{"count":1,"href":"https:\/\/www.corumbaonline.com.br\/news\/wp-json\/wp\/v2\/posts\/11716779\/revisions"}],"predecessor-version":[{"id":11716781,"href":"https:\/\/www.corumbaonline.com.br\/news\/wp-json\/wp\/v2\/posts\/11716779\/revisions\/11716781"}],"wp:featuredmedia":[{"embeddable":true,"href":"https:\/\/www.corumbaonline.com.br\/news\/wp-json\/wp\/v2\/media\/11716780"}],"wp:attachment":[{"href":"https:\/\/www.corumbaonline.com.br\/news\/wp-json\/wp\/v2\/media?parent=11716779"}],"wp:term":[{"taxonomy":"category","embeddable":true,"href":"https:\/\/www.corumbaonline.com.br\/news\/wp-json\/wp\/v2\/categories?post=11716779"},{"taxonomy":"post_tag","embeddable":true,"href":"https:\/\/www.corumbaonline.com.br\/news\/wp-json\/wp\/v2\/tags?post=11716779"}],"curies":[{"name":"wp","href":"https:\/\/api.w.org\/{rel}","templated":true}]}}