{"id":11716782,"date":"2021-07-22T11:42:00","date_gmt":"2021-07-22T15:42:00","guid":{"rendered":"http:\/\/www.corumbaonline.com.br\/news\/?p=11716782"},"modified":"2021-07-22T16:10:39","modified_gmt":"2021-07-22T20:10:39","slug":"governo-lanca-campanha-meu-estado-meu-destino-para-promover-o-turismo-regional","status":"publish","type":"post","link":"https:\/\/www.corumbaonline.com.br\/news\/governo-lanca-campanha-meu-estado-meu-destino-para-promover-o-turismo-regional\/","title":{"rendered":"Governo lan\u00e7a campanha \u201cMeu Estado, Meu Destino\u201d para promover o turismo regional"},"content":{"rendered":"<p><span data-uw-styling-context=\"true\">O Governo do Estado lan\u00e7ou nesta quinta-feira (22) campanha promocional do turismo regional \u2013 \u201cMeu Estado, Meu Destino\u201d -, para atrair e motivar os sul-mato-grossenses a conhecerem as belezas naturais que os cercam, se deslocando a destinos com dist\u00e2ncias curtas em grupos ou em fam\u00edlia e toda seguran\u00e7a sanit\u00e1ria.<\/span><\/p>\n<p><span data-uw-styling-context=\"true\">Por meio de live transmitida nas redes sociais, a Funda\u00e7\u00e3o de Turismo de Mato Grosso do Sul (Fundtur), que concebeu todo o conceito e estrat\u00e9gias da campanha, apresentou a estrutura e planejamento de marketing que j\u00e1 a partir desta semana ser\u00e3o veiculadas nos meios de comunica\u00e7\u00e3o em v\u00eddeos e spots produzidos nas principais rotas tur\u00edsticas.<\/span><\/p>\n<p><span data-uw-styling-context=\"true\">A campanha de fomento, pensando na retomada de um dos segmentos mais impactados pela pandemia do coronav\u00edrus, foca o p\u00fablico segmentado do Estado alinhada na nova tend\u00eancia das pessoas em buscar a conviv\u00eancia com a natureza, conforme pesquisas, viajando para destinos pr\u00f3ximos e preferencialmente de carro e em seu territ\u00f3rio.<\/span><\/p>\n<p><span data-uw-styling-context=\"true\">\u201cMS tem tudo o que voc\u00ea quer, e muito mais que voc\u00ea imagina\u201d, \u00e9 o mote dos v\u00eddeos promocionais, com imagens de diferentes destinos e seus atrativos, como a biodiversidade do Pantanal e as \u00e1guas cristalinas, cachoeiras, c\u00e2nions e as grutas das serras de Bodoquena e de Maracaju, al\u00e9m da gastronomia. que tem no sob\u00e1 uma das del\u00edcias de Campo Grande.<\/span><\/p>\n<p><b data-uw-styling-context=\"true\">Se orgulhar do Estado<\/b><\/p>\n<p><span data-uw-styling-context=\"true\">O lan\u00e7amento contou com a presen\u00e7a do secret\u00e1rio estadual de Infraestrutura, Eduardo Riedel, que parabenizou a iniciativa da Fundtur em pensar uma campanha em um momento de acelera\u00e7\u00e3o da economia de Mato Grosso do Sul, motivada pela vacina\u00e7\u00e3o contra a covid-19. Ele disse que um dos legados da pandemia ser\u00e1 a valoriza\u00e7\u00e3o do seu espa\u00e7o e do seu lugar.<\/span><\/p>\n<p><span data-uw-styling-context=\"true\">\u201cIsso \u00e9 fazer pol\u00edtica p\u00fablica, promovendo e estimulando um setor impactado pela pandemia com um pacote de incentivos ao microempres\u00e1rio e ao trabalhador e, agora. com essa campanha, que \u00e9 surpreendente e capta o sentimento de pertencimento, valorizando o Estado e motivando o sul-mato-grossense a conhecer nossas belezas, sair com a fam\u00edlia\u201d, destacou.<\/span><\/p>\n<figure id=\"attachment_361206\" class=\"wp-caption alignleft\"><a href=\"http:\/\/www.ms.gov.br\/wp-content\/uploads\/sites\/150\/2021\/07\/live02.jpg\"><img loading=\"lazy\" decoding=\"async\" class=\"wp-image-361206 size-medium\" src=\"http:\/\/www.ms.gov.br\/wp-content\/uploads\/sites\/150\/2021\/07\/live02-300x166.jpg\" sizes=\"auto, (max-width: 300px) 100vw, 300px\" srcset=\"http:\/\/www.ms.gov.br\/wp-content\/uploads\/sites\/150\/2021\/07\/live02-300x166.jpg 300w, http:\/\/www.ms.gov.br\/wp-content\/uploads\/sites\/150\/2021\/07\/live02.jpg 768w, http:\/\/www.ms.gov.br\/wp-content\/uploads\/sites\/150\/2021\/07\/live02-350x194.jpg 350w\" alt=\"\" width=\"300\" height=\"166\" \/><\/a><figcaption class=\"wp-caption-text\" data-uw-styling-context=\"true\">Secret\u00e1rio Eduardo Riedel\u00a0<\/figcaption><\/figure>\n<p><span data-uw-styling-context=\"true\">Riedel disse que Mato Grosso do Sul saiu na frente ao criar o Programa Incentivo+Turismo e priorizar o incremento ao turismo regional, colocando o segmento no cerne das decis\u00f5es tomadas pelo governo estadual para fortalecer a economia, que deve, na sua avalia\u00e7\u00e3o, alavancar a partir do segundo semestre \u201ccom a vacina no bra\u00e7o das pessoas\u201d.<\/span><\/p>\n<p><span data-uw-styling-context=\"true\">\u201cS\u00e3o novos conceitos, novos aprendizados para minimizar os efeitos da pandemia na sociedade, e o turismo faz parte dessa v\u00e1lvula de escape para retomarmos uma vida normal, com toda seguran\u00e7a\u201d, acrescentou. \u201cO que os v\u00eddeos da campanha mostram nos deixa muito orgulhosos por viver em Mato Grosso do Sul, nos motivando a conhec\u00ea-lo melhor.\u201d<\/span><\/p>\n<p><b data-uw-styling-context=\"true\">Mexer com o emocional<\/b><\/p>\n<figure id=\"attachment_361211\" class=\"wp-caption alignright\"><a href=\"http:\/\/www.ms.gov.br\/wp-content\/uploads\/sites\/150\/2021\/07\/live01.jpg\"><img loading=\"lazy\" decoding=\"async\" class=\"wp-image-361211 size-medium\" src=\"http:\/\/www.ms.gov.br\/wp-content\/uploads\/sites\/150\/2021\/07\/live01-300x166.jpg\" sizes=\"auto, (max-width: 300px) 100vw, 300px\" srcset=\"http:\/\/www.ms.gov.br\/wp-content\/uploads\/sites\/150\/2021\/07\/live01-300x166.jpg 300w, http:\/\/www.ms.gov.br\/wp-content\/uploads\/sites\/150\/2021\/07\/live01.jpg 768w, http:\/\/www.ms.gov.br\/wp-content\/uploads\/sites\/150\/2021\/07\/live01-350x194.jpg 350w\" alt=\"\" width=\"300\" height=\"166\" \/><\/a><figcaption class=\"wp-caption-text\" data-uw-styling-context=\"true\">Bruno Wendling, diretor-presidente da Fundtur<\/figcaption><\/figure>\n<p><span data-uw-styling-context=\"true\">O diretor-presidente da Fundtur, Bruno Wendling, ao apresentar a nova campanha promocional, frisou que a funda\u00e7\u00e3o vem trabalhando na sua concep\u00e7\u00e3o desde o in\u00edcio deste ano e aposta que o momento oportuno de lan\u00e7\u00e1-la \u00e9 agora, quando a vacina\u00e7\u00e3o avan\u00e7a e os indicadores positivos d\u00e3o sinais de normaliza\u00e7\u00e3o, com as pessoas se sentindo mais seguras para viajar.<\/span><\/p>\n<p><span data-uw-styling-context=\"true\">\u201cReformulamos o nosso plano para essa retomada, tivemos o lan\u00e7amento do programa de governo de apoio e incentivo ao segmento, e nos sentimos muito seguros em apresentar a campanha com foco no p\u00fablico de Mato Grosso do Sul\u201d, pontuou. \u201cNos preparamos para isso, fomos o segundo estado a receber o certificado Safe Travels (viagens seguras) e o selo respons\u00e1vel.\u201d<\/span><\/p>\n<p><span data-uw-styling-context=\"true\">Wendling lembrou que a visita\u00e7\u00e3o do sul-mato-grossense aos destinos regionais ainda \u00e9 baixa, apesar das belezas inigual\u00e1veis e singulares do Estado, e explicou que as pe\u00e7as promocionais tem o intuito de motivar esse p\u00fablico, mexendo com o emocional e o sentimento de quem \u00e9 do \u201cSul\u201d. O objetivo \u00e9 aumentar a taxa de ocupa\u00e7\u00e3o em roteiros, cuja dist\u00e2ncias s\u00e3o inferiores a 300 quil\u00f4metros.<\/span><\/p>\n<p><span data-uw-styling-context=\"true\">A campanha que come\u00e7a a ser veiculada na m\u00eddia tamb\u00e9m apresenta novos destinos, como Dourados, Rio Verde e Alcin\u00f3polis. Foram produzidos cinco v\u00eddeos, um de longa dura\u00e7\u00e3o e os demais de 30 segundos, focando especificamente o sul-mato-grossense e apresentando destinos combinados. Esse material tamb\u00e9m ser\u00e1 apresentado em feiras e disponibilizado na internet.<\/span><\/p>\n<p data-uw-styling-context=\"true\">Clique e assista o v\u00eddeo da campanha &#8211;\u00a0<strong><a href=\"https:\/\/youtu.be\/WURUYrxkLDQ\" target=\"_blank\" rel=\"noopener\" data-uw-styling-context=\"true\">\u201cMeu Estado, Meu Destino&#8221;<\/a><\/strong><\/p>\n<p><a href=\"https:\/\/youtu.be\/WURUYrxkLDQ\"><img loading=\"lazy\" decoding=\"async\" class=\"alignnone wp-image-361210 size-large\" src=\"http:\/\/www.ms.gov.br\/wp-content\/uploads\/sites\/150\/2021\/07\/video-1024x524.png\" sizes=\"auto, (max-width: 1024px) 100vw, 1024px\" srcset=\"http:\/\/www.ms.gov.br\/wp-content\/uploads\/sites\/150\/2021\/07\/video-1024x524.png 1024w, http:\/\/www.ms.gov.br\/wp-content\/uploads\/sites\/150\/2021\/07\/video-300x154.png 300w, http:\/\/www.ms.gov.br\/wp-content\/uploads\/sites\/150\/2021\/07\/video-768x393.png 768w, http:\/\/www.ms.gov.br\/wp-content\/uploads\/sites\/150\/2021\/07\/video-350x179.png 350w, http:\/\/www.ms.gov.br\/wp-content\/uploads\/sites\/150\/2021\/07\/video.png 1271w\" alt=\"\" width=\"1024\" height=\"524\" \/><\/a><\/p>\n<p><em data-uw-styling-context=\"true\">Fotos:\u00a0Guilherme Pimentel, Seinfra<\/em><\/p>\n","protected":false},"excerpt":{"rendered":"<p>O Governo do Estado lan\u00e7ou nesta quinta-feira (22) campanha promocional do turismo regional \u2013 \u201cMeu&#8230;<\/p>\n","protected":false},"author":13,"featured_media":11716783,"comment_status":"closed","ping_status":"closed","sticky":false,"template":"","format":"standard","meta":{"footnotes":""},"categories":[23],"tags":[],"class_list":["post-11716782","post","type-post","status-publish","format-standard","has-post-thumbnail","hentry","category-turismo"],"_links":{"self":[{"href":"https:\/\/www.corumbaonline.com.br\/news\/wp-json\/wp\/v2\/posts\/11716782","targetHints":{"allow":["GET"]}}],"collection":[{"href":"https:\/\/www.corumbaonline.com.br\/news\/wp-json\/wp\/v2\/posts"}],"about":[{"href":"https:\/\/www.corumbaonline.com.br\/news\/wp-json\/wp\/v2\/types\/post"}],"author":[{"embeddable":true,"href":"https:\/\/www.corumbaonline.com.br\/news\/wp-json\/wp\/v2\/users\/13"}],"replies":[{"embeddable":true,"href":"https:\/\/www.corumbaonline.com.br\/news\/wp-json\/wp\/v2\/comments?post=11716782"}],"version-history":[{"count":1,"href":"https:\/\/www.corumbaonline.com.br\/news\/wp-json\/wp\/v2\/posts\/11716782\/revisions"}],"predecessor-version":[{"id":11716784,"href":"https:\/\/www.corumbaonline.com.br\/news\/wp-json\/wp\/v2\/posts\/11716782\/revisions\/11716784"}],"wp:featuredmedia":[{"embeddable":true,"href":"https:\/\/www.corumbaonline.com.br\/news\/wp-json\/wp\/v2\/media\/11716783"}],"wp:attachment":[{"href":"https:\/\/www.corumbaonline.com.br\/news\/wp-json\/wp\/v2\/media?parent=11716782"}],"wp:term":[{"taxonomy":"category","embeddable":true,"href":"https:\/\/www.corumbaonline.com.br\/news\/wp-json\/wp\/v2\/categories?post=11716782"},{"taxonomy":"post_tag","embeddable":true,"href":"https:\/\/www.corumbaonline.com.br\/news\/wp-json\/wp\/v2\/tags?post=11716782"}],"curies":[{"name":"wp","href":"https:\/\/api.w.org\/{rel}","templated":true}]}}