{"id":11716791,"date":"2021-07-22T16:17:58","date_gmt":"2021-07-22T20:17:58","guid":{"rendered":"http:\/\/www.corumbaonline.com.br\/news\/?p=11716791"},"modified":"2021-07-22T16:18:00","modified_gmt":"2021-07-22T20:18:00","slug":"prefeito-prorroga-por-mais-14-dias-medidas-para-diminuir-contaminacao-pela-covid-19","status":"publish","type":"post","link":"https:\/\/www.corumbaonline.com.br\/news\/prefeito-prorroga-por-mais-14-dias-medidas-para-diminuir-contaminacao-pela-covid-19\/","title":{"rendered":"Prefeito prorroga por mais 14 dias medidas para diminuir contamina\u00e7\u00e3o pela Covid-19"},"content":{"rendered":"<p>O prefeito Marcelo Iunes prorrogou por mais 14 dias as medidas impostas pelo Decreto N\u00ba 2.614, que estabelece algumas restri\u00e7\u00f5es tempor\u00e1rias em raz\u00e3o do COVID-19 em Corumb\u00e1. Desta forma, fica permitido o funcionamento do com\u00e9rcio geral de bens e servi\u00e7os at\u00e9 \u00e0s 19 horas e estabelecido o Toque de Recolher no per\u00edodo das 22 \u00e0s 5 horas no per\u00edmetro urbano do munic\u00edpio. De forma excepcional, o funcionamento do com\u00e9rcio e servi\u00e7os, nos segmentos elencados abaixo ser\u00e3o regrados da seguinte forma:<\/p>\n<p>I- Supermercados, hipermercados, a\u00e7ougues, padarias, com\u00e9rcio de hortifruti e cong\u00eaneres, todos os dias at\u00e9 \u00e0s 21h;<\/p>\n<p>II- Distribuidoras de \u00e1gua mineral e g\u00e1s, todos os dias at\u00e9 \u00e0s 21h;<\/p>\n<p>III- Hospitais e estabelecimentos de servi\u00e7os de sa\u00fade de pronto atendimento e alto risco e seus acess\u00f3rios poder\u00e3o funcionar ininterruptamente;<\/p>\n<p>IV \u2013 Farm\u00e1cias, diariamente at\u00e9 \u00e0s 22h, excetuando deste dispositivo os estabelecimentos que estiverem em regime de plant\u00e3o, estes podendo funcionar durante o per\u00edodo do toque de recolher;<\/p>\n<p>V \u2013 Servi\u00e7os de transporte complementar de passageiros, inclusive por aplicativos, poder\u00e3o realizar corridas e viagens normalmente at\u00e9 \u00e0s 22h, ap\u00f3s esse hor\u00e1rio \u00e9 permitido o transporte somente em casos de urg\u00eancia ou emerg\u00eancia;<\/p>\n<p>VI \u2013 Postos de combust\u00edvel, at\u00e9 \u00e0s 22h, exclusivamente para abastecimento, podendo funcionar dois estabelecimentos em regime de plant\u00e3o durante o per\u00edodo do toque de recolher;<\/p>\n<p>VII \u2013 Servi\u00e7os de entrega de comida pronta (delivery) at\u00e9 \u00e0s 23h, devendo os estabelecimentos manterem suas portas fechadas;<\/p>\n<p>VIII \u2013 Servi\u00e7os funer\u00e1rios, normalmente at\u00e9 \u00e0s 22h, posteriormente, somente em regime de plant\u00e3o;<\/p>\n<p>IX \u2013 Servi\u00e7os m\u00e9dico-veterin\u00e1rios de urg\u00eancia e emerg\u00eancia, normalmente at\u00e9 \u00e0s 22h, posteriormente, somente em regime de plant\u00e3o;<\/p>\n<p>X \u2013 Borracharias para o atendimento de emerg\u00eancias ligadas \u00e0s atividades previstas no presente decreto poder\u00e3o funcionar at\u00e9 \u00e0s 22h, podendo operar em regime de plant\u00e3o durante o per\u00edodo do toque de recolher.<\/p>\n<p>XI \u2013 restaurantes, lanchonetes e bares que forne\u00e7am refei\u00e7\u00f5es: todos os dias, at\u00e9 \u00e0s 22h;<\/p>\n<p>XII \u2013 conveni\u00eancias e cong\u00eaneres: todos os dias, das 7 \u00e0s 21h, autorizada a venda apenas via gradil, proibido o consumo no local, cal\u00e7ada ou imedia\u00e7\u00f5es, devendo ser recusada a venda caso seja observada esta pr\u00e1tica, sendo de responsabilidade do estabelecimento evitar a ocorr\u00eancia de aglomera\u00e7\u00e3o, pass\u00edvel de multa e\/ou interdi\u00e7\u00e3o da atividade em caso de descumprimento.<\/p>\n<p>Est\u00e1 permitida a pr\u00e1tica esportiva coletiva amadora em qualquer recinto, com capacidade m\u00e1xima limitada a 50% (cinquenta por cento) do total permitido. Tamb\u00e9m ficam permitidas aulas presenciais em estabelecimentos de ensino regular privados, inclusive, creches e cursos preparat\u00f3rios em geral.<\/p>\n<p>Por outro lado, fica vedado o funcionamento de servi\u00e7os n\u00e3o essenciais de alto risco, assim especificados: Clubes sociais; Sinuca e similares. J\u00e1 os sal\u00f5es de beleza, barbearias, cabeleireiros e afins ter\u00e3o o seu funcionamento at\u00e9 \u00e0s 19 horas, podendo funcionar somente com hor\u00e1rio marcado e garantindo total observ\u00e2ncia \u00e0s medidas de biosseguran\u00e7a efetivadas.<\/p>\n<p>Tamb\u00e9m est\u00e1 permitida a realiza\u00e7\u00e3o de eventos privados em sal\u00f5es de festa, como batizados, casamentos, anivers\u00e1rios e similares, sem a cobran\u00e7a de ingressos, com ocupa\u00e7\u00e3o m\u00e1xima de 50% da capacidade total, limitado ao total de 150 pessoas, respeitadas as medidas de biosseguran\u00e7a em vigor. O funcionamento das feiras livres, de acordo com o protocolo de biosseguran\u00e7a aplic\u00e1vel \u00e0 atividade, est\u00e1 autorizado.<\/p>\n<p>Os \u00f3rg\u00e3os do Poder P\u00fablico Municipal retomar\u00e3o com seu funcionamento normal, das 7h30min \u00e0s 13h30min, inclusive prestando regular atendimento ao p\u00fablico externo. Fica permitida a realiza\u00e7\u00e3o de celebra\u00e7\u00f5es religiosas remotas ou presenciais, com 30% da capacidade do local, sendo limitadas ao m\u00e1ximo de tr\u00eas reuni\u00f5es por dia e com capacidade limitada a 100 (cem) pessoas, independente do tamanho da institui\u00e7\u00e3o religiosa, mantidas as medidas de biosseguran\u00e7a aplic\u00e1veis ao caso.<\/p>\n","protected":false},"excerpt":{"rendered":"<p>O prefeito Marcelo Iunes prorrogou por mais 14 dias as medidas impostas pelo Decreto N\u00ba&#8230;<\/p>\n","protected":false},"author":70,"featured_media":11716792,"comment_status":"closed","ping_status":"closed","sticky":false,"template":"","format":"standard","meta":{"footnotes":""},"categories":[116,8,21],"tags":[],"class_list":["post-11716791","post","type-post","status-publish","format-standard","has-post-thumbnail","hentry","category-coronavirus","category-destaque","category-saude"],"_links":{"self":[{"href":"https:\/\/www.corumbaonline.com.br\/news\/wp-json\/wp\/v2\/posts\/11716791","targetHints":{"allow":["GET"]}}],"collection":[{"href":"https:\/\/www.corumbaonline.com.br\/news\/wp-json\/wp\/v2\/posts"}],"about":[{"href":"https:\/\/www.corumbaonline.com.br\/news\/wp-json\/wp\/v2\/types\/post"}],"author":[{"embeddable":true,"href":"https:\/\/www.corumbaonline.com.br\/news\/wp-json\/wp\/v2\/users\/70"}],"replies":[{"embeddable":true,"href":"https:\/\/www.corumbaonline.com.br\/news\/wp-json\/wp\/v2\/comments?post=11716791"}],"version-history":[{"count":1,"href":"https:\/\/www.corumbaonline.com.br\/news\/wp-json\/wp\/v2\/posts\/11716791\/revisions"}],"predecessor-version":[{"id":11716793,"href":"https:\/\/www.corumbaonline.com.br\/news\/wp-json\/wp\/v2\/posts\/11716791\/revisions\/11716793"}],"wp:featuredmedia":[{"embeddable":true,"href":"https:\/\/www.corumbaonline.com.br\/news\/wp-json\/wp\/v2\/media\/11716792"}],"wp:attachment":[{"href":"https:\/\/www.corumbaonline.com.br\/news\/wp-json\/wp\/v2\/media?parent=11716791"}],"wp:term":[{"taxonomy":"category","embeddable":true,"href":"https:\/\/www.corumbaonline.com.br\/news\/wp-json\/wp\/v2\/categories?post=11716791"},{"taxonomy":"post_tag","embeddable":true,"href":"https:\/\/www.corumbaonline.com.br\/news\/wp-json\/wp\/v2\/tags?post=11716791"}],"curies":[{"name":"wp","href":"https:\/\/api.w.org\/{rel}","templated":true}]}}