{"id":11716805,"date":"2021-07-23T09:58:00","date_gmt":"2021-07-23T13:58:00","guid":{"rendered":"http:\/\/www.corumbaonline.com.br\/news\/?p=11716805"},"modified":"2021-07-23T11:03:30","modified_gmt":"2021-07-23T15:03:30","slug":"taxa-de-contagio-da-covid-se-mantem-abaixo-de-090-ha-uma-semana-em-ms","status":"publish","type":"post","link":"https:\/\/www.corumbaonline.com.br\/news\/taxa-de-contagio-da-covid-se-mantem-abaixo-de-090-ha-uma-semana-em-ms\/","title":{"rendered":"Taxa de cont\u00e1gio da covid se mant\u00e9m abaixo de 0,90 h\u00e1 uma semana em MS"},"content":{"rendered":"<p data-uw-styling-context=\"true\">Um dos fatores que mostram a expans\u00e3o ou controle da pandemia do coronav\u00edrus, a taxa de cont\u00e1gio da doen\u00e7a segue abaixo de 0,90 h\u00e1 uma semana em Mato Grosso do Sul. Este dado \u00e9 descrito pelos especialistas como positivo, mas eles alertam que ainda n\u00e3o \u00e9 momento de \u201crelaxar\u201d nas medidas de restri\u00e7\u00e3o contra o v\u00edrus.<\/p>\n<p data-uw-styling-context=\"true\">Os especialistas destacam que quando a taxa de cont\u00e1gio est\u00e1 acima de 1,00 mostra que a pandemia est\u00e1 \u201csem controle\u201d na cidade, Estado ou Pa\u00eds. Quando fica abaixo de 1 sinaliza que existe uma tend\u00eancia de estabiliza\u00e7\u00e3o na transmiss\u00e3o do v\u00edrus. Mato Grosso do Sul tem o \u00edndice atual de 0,85, ou seja, significa que de 100 pessoas contaminadas, elas transmitem a doen\u00e7a para outras 85.<\/p>\n<p data-uw-styling-context=\"true\">O boletim divulgado pela Secretaria Estadual de Sa\u00fade (SES) mostra que a taxa de cont\u00e1gio come\u00e7ou a sua queda em julho, com 0,96 no dia 09, caindo para 0, 92 no dia 14 de julho e a partir do dia 15 chegou a 0,85. O \u00edndice desceu para 0,82 em 18 de julho e na quinta-feira (22) voltou para 0,85.<\/p>\n<p data-uw-styling-context=\"true\">\u201cSe trata de um dado positivo, porque mostra que est\u00e1 diminuindo a transmiss\u00e3o e circula\u00e7\u00e3o do v\u00edrus no Estado, o que reduz os casos sintom\u00e1ticos, interna\u00e7\u00f5es e mortes em fun\u00e7\u00e3o da doen\u00e7a\u201d, descreveu a m\u00e9dica infectologista Andyane\u00a0Freitas\u00a0Tetila.<\/p>\n<p><img loading=\"lazy\" decoding=\"async\" class=\"alignnone wp-image-361276 \" src=\"http:\/\/www.ms.gov.br\/wp-content\/uploads\/sites\/150\/2021\/07\/taxa-2207.jpg\" sizes=\"auto, (max-width: 660px) 100vw, 660px\" srcset=\"http:\/\/www.ms.gov.br\/wp-content\/uploads\/sites\/150\/2021\/07\/taxa-2207.jpg 660w, http:\/\/www.ms.gov.br\/wp-content\/uploads\/sites\/150\/2021\/07\/taxa-2207-300x235.jpg 300w, http:\/\/www.ms.gov.br\/wp-content\/uploads\/sites\/150\/2021\/07\/taxa-2207-306x240.jpg 306w\" alt=\"\" width=\"660\" height=\"518\" \/><\/p>\n<p data-uw-styling-context=\"true\">Andyane alerta que apesar do cen\u00e1rio positivo \u00e9 preciso manter as preven\u00e7\u00f5es contra o v\u00edrus. \u201cQuando est\u00e1 acima de 1,00 mostra que a pandemia est\u00e1 sem controle, no entanto o atual \u00edndice ainda n\u00e3o \u00e9 o ideal, portanto n\u00e3o \u00e9 o momento de relaxar em rela\u00e7\u00e3o \u00e0s medidas de restri\u00e7\u00e3o\u201d.<\/p>\n<p data-uw-styling-context=\"true\">A m\u00e9dica infectologista, Mariana Croda, tamb\u00e9m concorda que o atual \u00edndice \u00e9 um ponto positivo, mas que este aponta uma \u201ctend\u00eancia de queda\u201d dos casos da Covid-19, n\u00e3o uma estabilidade. Para J\u00falio Croda este cen\u00e1rio reflete o \u201cefeito da vacina\u00e7\u00e3o\u201d no Estado.<\/p>\n<p data-uw-styling-context=\"true\">A vacina\u00e7\u00e3o em Mato Grosso do Sul segue como destaque nacional, estando nas primeiras coloca\u00e7\u00f5es no ranking nacional. Um dos fatores \u00e9 a distribui\u00e7\u00e3o das doses que \u00e9 feita em menos de 12 horas para os 79 munic\u00edpios assim que elas s\u00e3o entregues pelo Minist\u00e9rio da Sa\u00fade. A cada 10 pessoas no Estado, tr\u00eas j\u00e1 foram completamente imunizadas. J\u00e1 na primeira ou dose \u00fanica 55% da popula\u00e7\u00e3o j\u00e1 foi contemplada.<\/p>\n<p data-uw-styling-context=\"true\">O governador Reinaldo Azambuja j\u00e1 anunciou que a previs\u00e3o \u00e9\u00a0 de que a popula\u00e7\u00e3o do Estado acima de 18 anos possa ser vacinada at\u00e9 o final de agosto. Al\u00e9m dos investimentos e parcerias na \u00e1rea de sa\u00fade,\u00a0 os munic\u00edpios tamb\u00e9m seguem recomenda\u00e7\u00f5es por meio do programa \u201cProsseguir\u201d.<\/p>\n","protected":false},"excerpt":{"rendered":"<p>Um dos fatores que mostram a expans\u00e3o ou controle da pandemia do coronav\u00edrus, a taxa&#8230;<\/p>\n","protected":false},"author":13,"featured_media":11716806,"comment_status":"closed","ping_status":"closed","sticky":false,"template":"","format":"standard","meta":{"footnotes":""},"categories":[116,21],"tags":[],"class_list":["post-11716805","post","type-post","status-publish","format-standard","has-post-thumbnail","hentry","category-coronavirus","category-saude"],"_links":{"self":[{"href":"https:\/\/www.corumbaonline.com.br\/news\/wp-json\/wp\/v2\/posts\/11716805","targetHints":{"allow":["GET"]}}],"collection":[{"href":"https:\/\/www.corumbaonline.com.br\/news\/wp-json\/wp\/v2\/posts"}],"about":[{"href":"https:\/\/www.corumbaonline.com.br\/news\/wp-json\/wp\/v2\/types\/post"}],"author":[{"embeddable":true,"href":"https:\/\/www.corumbaonline.com.br\/news\/wp-json\/wp\/v2\/users\/13"}],"replies":[{"embeddable":true,"href":"https:\/\/www.corumbaonline.com.br\/news\/wp-json\/wp\/v2\/comments?post=11716805"}],"version-history":[{"count":1,"href":"https:\/\/www.corumbaonline.com.br\/news\/wp-json\/wp\/v2\/posts\/11716805\/revisions"}],"predecessor-version":[{"id":11716807,"href":"https:\/\/www.corumbaonline.com.br\/news\/wp-json\/wp\/v2\/posts\/11716805\/revisions\/11716807"}],"wp:featuredmedia":[{"embeddable":true,"href":"https:\/\/www.corumbaonline.com.br\/news\/wp-json\/wp\/v2\/media\/11716806"}],"wp:attachment":[{"href":"https:\/\/www.corumbaonline.com.br\/news\/wp-json\/wp\/v2\/media?parent=11716805"}],"wp:term":[{"taxonomy":"category","embeddable":true,"href":"https:\/\/www.corumbaonline.com.br\/news\/wp-json\/wp\/v2\/categories?post=11716805"},{"taxonomy":"post_tag","embeddable":true,"href":"https:\/\/www.corumbaonline.com.br\/news\/wp-json\/wp\/v2\/tags?post=11716805"}],"curies":[{"name":"wp","href":"https:\/\/api.w.org\/{rel}","templated":true}]}}