{"id":11716839,"date":"2021-07-26T08:52:00","date_gmt":"2021-07-26T12:52:00","guid":{"rendered":"http:\/\/www.corumbaonline.com.br\/news\/?p=11716839"},"modified":"2021-07-26T10:47:46","modified_gmt":"2021-07-26T14:47:46","slug":"selecao-para-495-na-uems-vagas-de-portador-de-diploma-ii-termina-nesta-terca-feira","status":"publish","type":"post","link":"https:\/\/www.corumbaonline.com.br\/news\/selecao-para-495-na-uems-vagas-de-portador-de-diploma-ii-termina-nesta-terca-feira\/","title":{"rendered":"Sele\u00e7\u00e3o para 495 na UEMS vagas de Portador de Diploma II termina nesta ter\u00e7a-feira"},"content":{"rendered":"<p data-uw-styling-context=\"true\">Est\u00e3o sendo ofertadas 495 vagas em 12 Unidades f\u00edsicas da UEMS em diversos cursos de gradua\u00e7\u00e3o presencial com forma\u00e7\u00e3o em licenciatura, bacharelado ou tecnol\u00f3gico. O\u00a0<a href=\"http:\/\/www.uems.br\/assets\/uploads\/registro_academico\/editais\/1_2021-07-20_15-54-10.pdf\" data-uw-styling-context=\"true\">edital N\u00ba 068\/2020\/DRA\/UEMS<\/a>\u00a0de 20 de julho de 2021 traz todas as informa\u00e7\u00f5es e os requisitos necess\u00e1rios para os candidatos interessados se inscreverem.<\/p>\n<p><strong data-uw-styling-context=\"true\">As inscri\u00e7\u00f5es s\u00e3o remotas via e-mail e v\u00e3o at\u00e9 \u00e0s 23h59 do dia 27 de julho de 2021.<\/strong><\/p>\n<p data-uw-styling-context=\"true\">O ingresso de portador de diploma de curso superior consiste na entrada de diplomados em curso superior, ou seja, pessoas que j\u00e1 possuem uma forma\u00e7\u00e3o e querem cursar um novo curso e obter novo diploma de gradua\u00e7\u00e3o.<\/p>\n<p data-uw-styling-context=\"true\">As vagas para o ingresso de portadores de diploma de curso superior s\u00e3o exclusivamente para o ano letivo de 2021. Confira as vagas:<\/p>\n<p><img loading=\"lazy\" decoding=\"async\" src=\"http:\/\/www.uems.br\/assets\/uploads\/noticias\/09a254bdaf3f70ee5671411ecf569ff2\/1_09a254bdaf3f70ee5671411ecf569ff2_2021-07-20_21-23-35.jpg\" alt=\"\" width=\"740\" height=\"929\" \/><\/p>\n<p><strong data-uw-styling-context=\"true\">Os pedidos de inscri\u00e7\u00e3o dever\u00e3o ser encaminhados para as Secretarias Acad\u00eamicas dos respectivos cursos, via e-mail (Anexo II do edital) no per\u00edodo de 20 a 27\/07, com a seguinte documenta\u00e7\u00e3o:<\/strong><\/p>\n<ul>\n<li data-uw-styling-context=\"true\">Requerimento para Ingresso como Portador de Diploma, devidamente preenchido, Anexo III.<\/li>\n<li data-uw-styling-context=\"true\">C\u00f3pia do Diploma de curso superior de gradua\u00e7\u00e3o, devidamente registrado.<\/li>\n<li data-uw-styling-context=\"true\">C\u00f3pia do Hist\u00f3rico escolar do curso de gradua\u00e7\u00e3o, contendo: carga hor\u00e1ria e notas das disciplinas cursadas com aprova\u00e7\u00e3o; Ato de Reconhecimento do curso e ENADE.<\/li>\n<li data-uw-styling-context=\"true\">C\u00f3pia da Tabela de convers\u00e3o do sistema de avalia\u00e7\u00e3o de conceitos em notas, quando for o caso, se n\u00e3o constar no hist\u00f3rico escolar.<\/li>\n<li data-uw-styling-context=\"true\">C\u00f3pia dos Programas das disciplinas cursadas com aprova\u00e7\u00e3o, emitido pela Institui\u00e7\u00e3o de origem, caso for requerer aproveitamento de estudos.<\/li>\n<\/ul>\n<p data-uw-styling-context=\"true\">Se mesmo ap\u00f3s a leitura do edital o candidato ainda tiver d\u00favidas sobre o processo se inscri\u00e7\u00e3o e o funcionamento da sele\u00e7\u00e3o de portador de diploma entre em contato com a Coordenadoria do Curso de Gradua\u00e7\u00e3o, no endere\u00e7o de e-mail constante do Anexo II, ou com Setor de Gradua\u00e7\u00e3o (<a href=\"mailto:graduacao.dra@uems.br\" data-uw-styling-context=\"true\">graduacao.dra@uems.br<\/a>\u00a0) ou ainda com a Diretoria de Registro Acad\u00eamico (<a href=\"mailto:dra@uems.br\" data-uw-styling-context=\"true\">dra@uems.br<\/a>\u00a0).<\/p>\n<p data-uw-styling-context=\"true\">Anexos:<\/p>\n<ul>\n<li><a href=\"http:\/\/www.uems.br\/assets\/uploads\/noticias\/09a254bdaf3f70ee5671411ecf569ff2\/1_09a254bdaf3f70ee5671411ecf569ff2_2021-07-20_16-32-01.jpg\" target=\"_blank\" rel=\"noopener\" data-uw-styling-context=\"true\">Vagas Portador de Diploma II<\/a><\/li>\n<li><a href=\"http:\/\/www.uems.br\/assets\/uploads\/noticias\/09a254bdaf3f70ee5671411ecf569ff2\/2_09a254bdaf3f70ee5671411ecf569ff2_2021-07-20_16-32-01.pdf\" target=\"_blank\" rel=\"noopener\" data-uw-styling-context=\"true\">EDITAL N\u00ba 068\/2020\/DRA\/UEMS &#8211; PORTADOR DE DIPLOMA II<\/a><\/li>\n<\/ul>\n","protected":false},"excerpt":{"rendered":"<p>Est\u00e3o sendo ofertadas 495 vagas em 12 Unidades f\u00edsicas da UEMS em diversos cursos de&#8230;<\/p>\n","protected":false},"author":13,"featured_media":0,"comment_status":"closed","ping_status":"closed","sticky":false,"template":"","format":"standard","meta":{"footnotes":""},"categories":[10],"tags":[],"class_list":["post-11716839","post","type-post","status-publish","format-standard","hentry","category-educacao"],"_links":{"self":[{"href":"https:\/\/www.corumbaonline.com.br\/news\/wp-json\/wp\/v2\/posts\/11716839","targetHints":{"allow":["GET"]}}],"collection":[{"href":"https:\/\/www.corumbaonline.com.br\/news\/wp-json\/wp\/v2\/posts"}],"about":[{"href":"https:\/\/www.corumbaonline.com.br\/news\/wp-json\/wp\/v2\/types\/post"}],"author":[{"embeddable":true,"href":"https:\/\/www.corumbaonline.com.br\/news\/wp-json\/wp\/v2\/users\/13"}],"replies":[{"embeddable":true,"href":"https:\/\/www.corumbaonline.com.br\/news\/wp-json\/wp\/v2\/comments?post=11716839"}],"version-history":[{"count":1,"href":"https:\/\/www.corumbaonline.com.br\/news\/wp-json\/wp\/v2\/posts\/11716839\/revisions"}],"predecessor-version":[{"id":11716840,"href":"https:\/\/www.corumbaonline.com.br\/news\/wp-json\/wp\/v2\/posts\/11716839\/revisions\/11716840"}],"wp:attachment":[{"href":"https:\/\/www.corumbaonline.com.br\/news\/wp-json\/wp\/v2\/media?parent=11716839"}],"wp:term":[{"taxonomy":"category","embeddable":true,"href":"https:\/\/www.corumbaonline.com.br\/news\/wp-json\/wp\/v2\/categories?post=11716839"},{"taxonomy":"post_tag","embeddable":true,"href":"https:\/\/www.corumbaonline.com.br\/news\/wp-json\/wp\/v2\/tags?post=11716839"}],"curies":[{"name":"wp","href":"https:\/\/api.w.org\/{rel}","templated":true}]}}