{"id":11716850,"date":"2021-07-26T09:50:00","date_gmt":"2021-07-26T13:50:00","guid":{"rendered":"http:\/\/www.corumbaonline.com.br\/news\/?p=11716850"},"modified":"2021-07-26T12:27:05","modified_gmt":"2021-07-26T16:27:05","slug":"sesc-cultura-vai-falar-da-saude-bucal-na-terceira-idade-em-encontro-virtual","status":"publish","type":"post","link":"https:\/\/www.corumbaonline.com.br\/news\/sesc-cultura-vai-falar-da-saude-bucal-na-terceira-idade-em-encontro-virtual\/","title":{"rendered":"Sesc Cultura vai falar da Sa\u00fade Bucal na terceira idade em encontro virtual"},"content":{"rendered":"<p>O Caf\u00e9 com Keyla do dia 27 de julho ter\u00e1 como tema a Sa\u00fade Bucal na melhor idade com a assessora de t\u00e9cnica de Sa\u00fade do Sesc, Caroline Mazzini. O bate-papo come\u00e7a \u00e0s 09 horas no\u00a0<a href=\"https:\/\/www.facebook.com\/sescculturams\" target=\"_blank\" rel=\"noopener noreferrer\">Facebook do Sesc Cultura<\/a>.<u><\/u><u><\/u><\/p>\n<p class=\"x_gmail-m_3375189346894103184xmsonormal\">O in\u00edcio da terceira idade \u00e9 um per\u00edodo que vem acompanhado de diversas mudan\u00e7as no organismo. Dentre as mais comuns, est\u00e3o a diminui\u00e7\u00e3o da massa muscular e \u00f3ssea. O bate-papo online vai destacar como os cuidados com a sa\u00fade bucal s\u00e3o importantes e o quanto devem receber aten\u00e7\u00e3o di\u00e1ria em nossa rotina.<u><\/u><u><\/u><\/p>\n<p>O\u00a0Caf\u00e9\u00a0com\u00a0Keyla\u00a0integra as a\u00e7\u00f5es voltadas ao grupo de conviv\u00eancia do Sesc. \u00c9 realizado todas as ter\u00e7as-feiras com a\u00e7\u00f5es virtuais para aproximar e levar informa\u00e7\u00f5es ao p\u00fablico da terceira idade.<u><\/u><u><\/u><\/p>\n<p>A a\u00e7\u00e3o social do Sesc MS j\u00e1 existe desde 1982. A\u00e7\u00f5es que integram e inserem a pr\u00e1tica de atividades art\u00edsticas e f\u00edsicas na rotina dos idosos.<\/p>\n","protected":false},"excerpt":{"rendered":"<p>O Caf\u00e9 com Keyla do dia 27 de julho ter\u00e1 como tema a Sa\u00fade Bucal&#8230;<\/p>\n","protected":false},"author":6,"featured_media":0,"comment_status":"closed","ping_status":"closed","sticky":false,"template":"","format":"standard","meta":{"footnotes":""},"categories":[7],"tags":[],"class_list":["post-11716850","post","type-post","status-publish","format-standard","hentry","category-cultura"],"_links":{"self":[{"href":"https:\/\/www.corumbaonline.com.br\/news\/wp-json\/wp\/v2\/posts\/11716850","targetHints":{"allow":["GET"]}}],"collection":[{"href":"https:\/\/www.corumbaonline.com.br\/news\/wp-json\/wp\/v2\/posts"}],"about":[{"href":"https:\/\/www.corumbaonline.com.br\/news\/wp-json\/wp\/v2\/types\/post"}],"author":[{"embeddable":true,"href":"https:\/\/www.corumbaonline.com.br\/news\/wp-json\/wp\/v2\/users\/6"}],"replies":[{"embeddable":true,"href":"https:\/\/www.corumbaonline.com.br\/news\/wp-json\/wp\/v2\/comments?post=11716850"}],"version-history":[{"count":1,"href":"https:\/\/www.corumbaonline.com.br\/news\/wp-json\/wp\/v2\/posts\/11716850\/revisions"}],"predecessor-version":[{"id":11716851,"href":"https:\/\/www.corumbaonline.com.br\/news\/wp-json\/wp\/v2\/posts\/11716850\/revisions\/11716851"}],"wp:attachment":[{"href":"https:\/\/www.corumbaonline.com.br\/news\/wp-json\/wp\/v2\/media?parent=11716850"}],"wp:term":[{"taxonomy":"category","embeddable":true,"href":"https:\/\/www.corumbaonline.com.br\/news\/wp-json\/wp\/v2\/categories?post=11716850"},{"taxonomy":"post_tag","embeddable":true,"href":"https:\/\/www.corumbaonline.com.br\/news\/wp-json\/wp\/v2\/tags?post=11716850"}],"curies":[{"name":"wp","href":"https:\/\/api.w.org\/{rel}","templated":true}]}}