{"id":11716859,"date":"2021-07-26T10:47:00","date_gmt":"2021-07-26T14:47:00","guid":{"rendered":"http:\/\/www.corumbaonline.com.br\/news\/?p=11716859"},"modified":"2021-07-26T12:50:53","modified_gmt":"2021-07-26T16:50:53","slug":"inscricoes-para-o-fies-do-segundo-semestre-tem-inicio-amanha","status":"publish","type":"post","link":"https:\/\/www.corumbaonline.com.br\/news\/inscricoes-para-o-fies-do-segundo-semestre-tem-inicio-amanha\/","title":{"rendered":"Inscri\u00e7\u00f5es para o Fies do segundo semestre t\u00eam in\u00edcio amanh\u00e3"},"content":{"rendered":"<p>Come\u00e7am nesta ter\u00e7a-feira (27) as inscri\u00e7\u00f5es para o Fundo de Financiamento Estudantil (Fies) do segundo semestre de 2021. Os candidatos interessados poder\u00e3o efetuar a inscri\u00e7\u00e3o no\u00a0<a href=\"http:\/\/portalfies.mec.gov.br\/\" target=\"_blank\" rel=\"noopener\">portal do Fies<\/a>\u00a0entre at\u00e9 o dia 30 de julho.<img decoding=\"async\" src=\"https:\/\/agenciabrasil.ebc.com.br\/ebc.png?id=1416371&amp;o=node\" \/><img decoding=\"async\" src=\"https:\/\/agenciabrasil.ebc.com.br\/ebc.gif?id=1416371&amp;o=node\" \/><\/p>\n<p>Os estudantes que realizaram o Exame Nacional do Ensino M\u00e9dio (Enem) a partir da edi\u00e7\u00e3o de 2010 poder\u00e3o pleitear uma bolsa no programa de financiamento deste ano. Al\u00e9m disso, os estudantes dever\u00e3o ter m\u00e9dia m\u00ednima de 450 pontos e nota superior a zero na reda\u00e7\u00e3o.<\/p>\n<h2>Cronograma<\/h2>\n<table class=\"dcf-table dcf-table-responsive dcf-table-bordered dcf-table-striped dcf-w-100%\">\n<tbody>\n<tr>\n<td><strong>Inscri\u00e7\u00f5es<\/strong><\/td>\n<td>27 a 30 de julho<\/td>\n<\/tr>\n<tr>\n<td><strong>Resultado dos pr\u00e9-selecionados em chamada \u00fanica<\/strong><\/td>\n<td>3 de agosto<\/td>\n<\/tr>\n<tr>\n<td><strong>Prazo para complementa\u00e7\u00e3o da inscri\u00e7\u00e3o dos pr\u00e9-selecionados na chamada \u00fanica<\/strong><\/td>\n<td>4 a 6 de agosto<\/td>\n<\/tr>\n<tr>\n<td><strong>Lista de espera<\/strong><\/td>\n<td>4 a 31 de agosto<\/td>\n<\/tr>\n<\/tbody>\n<\/table>\n<h2>Hist\u00f3rico<\/h2>\n<p>O Fies \u00e9 um programa do Minist\u00e9rio da Educa\u00e7\u00e3o (MEC) que tem por objetivo conceder financiamento a estudantes em cursos superiores particulares, com avalia\u00e7\u00e3o positiva nos processos conduzidos pelo MEC e ofertados por institui\u00e7\u00f5es de educa\u00e7\u00e3o superior privadas aderentes ao programa.<\/p>\n<p>O novo Fies \u00e9 um modelo de financiamento estudantil que divide o programa em diferentes modalidades, possibilitando juros zero a quem mais precisa e uma escala de financiamentos que varia conforme a renda familiar do candidato.<\/p>\n","protected":false},"excerpt":{"rendered":"<p>Come\u00e7am nesta ter\u00e7a-feira (27) as inscri\u00e7\u00f5es para o Fundo de Financiamento Estudantil (Fies) do segundo&#8230;<\/p>\n","protected":false},"author":4,"featured_media":0,"comment_status":"closed","ping_status":"closed","sticky":false,"template":"","format":"standard","meta":{"footnotes":""},"categories":[10],"tags":[],"class_list":["post-11716859","post","type-post","status-publish","format-standard","hentry","category-educacao"],"_links":{"self":[{"href":"https:\/\/www.corumbaonline.com.br\/news\/wp-json\/wp\/v2\/posts\/11716859","targetHints":{"allow":["GET"]}}],"collection":[{"href":"https:\/\/www.corumbaonline.com.br\/news\/wp-json\/wp\/v2\/posts"}],"about":[{"href":"https:\/\/www.corumbaonline.com.br\/news\/wp-json\/wp\/v2\/types\/post"}],"author":[{"embeddable":true,"href":"https:\/\/www.corumbaonline.com.br\/news\/wp-json\/wp\/v2\/users\/4"}],"replies":[{"embeddable":true,"href":"https:\/\/www.corumbaonline.com.br\/news\/wp-json\/wp\/v2\/comments?post=11716859"}],"version-history":[{"count":1,"href":"https:\/\/www.corumbaonline.com.br\/news\/wp-json\/wp\/v2\/posts\/11716859\/revisions"}],"predecessor-version":[{"id":11716860,"href":"https:\/\/www.corumbaonline.com.br\/news\/wp-json\/wp\/v2\/posts\/11716859\/revisions\/11716860"}],"wp:attachment":[{"href":"https:\/\/www.corumbaonline.com.br\/news\/wp-json\/wp\/v2\/media?parent=11716859"}],"wp:term":[{"taxonomy":"category","embeddable":true,"href":"https:\/\/www.corumbaonline.com.br\/news\/wp-json\/wp\/v2\/categories?post=11716859"},{"taxonomy":"post_tag","embeddable":true,"href":"https:\/\/www.corumbaonline.com.br\/news\/wp-json\/wp\/v2\/tags?post=11716859"}],"curies":[{"name":"wp","href":"https:\/\/api.w.org\/{rel}","templated":true}]}}