{"id":11716875,"date":"2021-07-27T08:00:00","date_gmt":"2021-07-27T12:00:00","guid":{"rendered":"http:\/\/www.corumbaonline.com.br\/news\/?p=11716875"},"modified":"2021-07-27T10:11:51","modified_gmt":"2021-07-27T14:11:51","slug":"frente-fria-muda-o-tempo-a-partir-desta-terca-feira-em-ms","status":"publish","type":"post","link":"https:\/\/www.corumbaonline.com.br\/news\/frente-fria-muda-o-tempo-a-partir-desta-terca-feira-em-ms\/","title":{"rendered":"Frente fria muda o tempo a partir desta ter\u00e7a-feira em MS"},"content":{"rendered":"<p><span data-uw-styling-context=\"true\">Nos \u00faltimos dias tem circulado a not\u00edcia de uma nova onda de frio que promete ser a mais intensa de 2021 com temperaturas negativas, geadas e at\u00e9 neve para as \u00e1reas de maior atitude no Sul do Brasil.\u00a0<\/span><\/p>\n<p><span data-uw-styling-context=\"true\">Em Mato Grosso do Sul as mudan\u00e7as come\u00e7am a partir desta ter\u00e7a-feira (27) com a frente fria que traz chuva fraca com chance de trovoadas isoladas na regi\u00e3o sul do Estado, segundo o Centro de Monitoramento do Tempo e do Clima (Cemtec).\u00a0<\/span><\/p>\n<p><span data-uw-styling-context=\"true\">Essa frente fria antecede o avan\u00e7o de uma massa de ar frio de origem polar que ir\u00e1 derrubar as temperaturas e fazer gear no Estado nos pr\u00f3ximos dias, configurando a terceira onda de frio do ano.\u00a0<\/span><\/p>\n<p><span data-uw-styling-context=\"true\">A ter\u00e7a-feira come\u00e7a com temperaturas agrad\u00e1veis em Mato Grosso do Sul, mas at\u00e9 o final da manh\u00e3 o cen\u00e1rio come\u00e7a a mudar a partir da regi\u00e3o sudoeste com o decl\u00ednio nas temperaturas. Mais para o final do dia o ar frio avan\u00e7a para as demais \u00e1reas do Estado.\u00a0<\/span><\/p>\n<p><span data-uw-styling-context=\"true\">Em Ponta Por\u00e3, por exemplo, o dia come\u00e7a com 18\u00b0C, mas antes mesmo das 14h pode cair para 14\u00b0C. J\u00e1 Dourados vai de 22\u00b0C para 18\u00b0C no mesmo per\u00edodo.\u00a0<\/span><\/p>\n<p><span data-uw-styling-context=\"true\">Em Corumb\u00e1, o sol aparece entre nuvens e as temperaturas variam entre 16\u00b0C a 30\u00b0C. Ventos fortes assolam a regi\u00e3o desde a madrugada e a umidade relativa do ar est\u00e1 em 64% e pode registrar m\u00ednima de 31% no decorrer do<\/span><\/p>\n<p><span data-uw-styling-context=\"true\">per\u00edodo.<\/span><\/p>\n<p><img loading=\"lazy\" decoding=\"async\" class=\"wp-image-361570 size-full aligncenter\" src=\"http:\/\/www.ms.gov.br\/wp-content\/uploads\/sites\/150\/2021\/07\/mapa-tempo-ter%C3%A7a-27-julho.png\" sizes=\"auto, (max-width: 560px) 100vw, 560px\" srcset=\"http:\/\/www.ms.gov.br\/wp-content\/uploads\/sites\/150\/2021\/07\/mapa-tempo-ter\u00e7a-27-julho.png 560w, http:\/\/www.ms.gov.br\/wp-content\/uploads\/sites\/150\/2021\/07\/mapa-tempo-ter\u00e7a-27-julho-300x226.png 300w, http:\/\/www.ms.gov.br\/wp-content\/uploads\/sites\/150\/2021\/07\/mapa-tempo-ter\u00e7a-27-julho-319x240.png 319w\" alt=\"\" width=\"560\" height=\"421\" \/><\/p>\n<p><span data-uw-styling-context=\"true\">Segundo a coordenadora do Centro de Monitoramento do Tempo e do Clima (Cemtec), Valesca Fernandes, os dias mais frios em Mato Grosso do Sul ser\u00e3o entre quarta (28) e sexta-feira (30), e a regi\u00e3o sul dever\u00e1 ser a mais gelada.\u00a0<\/span><\/p>\n<p><span data-uw-styling-context=\"true\">\u201cExiste a probabilidade para geadas principalmente na regi\u00e3o sudoeste, sul da regi\u00e3o pantaneira e sul da regi\u00e3o leste. As m\u00ednimas podem chegar entre 2\u00b0C e 5\u00b0C na regi\u00e3o sudoeste, 6\u00b0C e 10\u00b0C no sul da regi\u00e3o pantaneira, 5\u00b0C e 11 na regi\u00e3o leste, e na capital 6\u00b0C e 12\u00b0C\u201d, enfatiza.<\/span><\/p>\n<p data-uw-styling-context=\"true\">Conforme progn\u00f3stico do Instituto Nacional de Meteorologia (Inmet) h\u00e1 chance de temperaturas negativas para regi\u00e3o de Rio Brilhante.<\/p>\n<p data-uw-styling-context=\"true\">O instituto tamb\u00e9m emitiu aviso de decl\u00ednio acentuado de temperaturas a partir das 14h desta ter\u00e7a-feira. O decl\u00ednio maior que 5\u00b0C oferece riscos a sa\u00fade.<\/p>\n","protected":false},"excerpt":{"rendered":"<p>Nos \u00faltimos dias tem circulado a not\u00edcia de uma nova onda de frio que promete&#8230;<\/p>\n","protected":false},"author":6,"featured_media":0,"comment_status":"closed","ping_status":"closed","sticky":false,"template":"","format":"standard","meta":{"footnotes":""},"categories":[17],"tags":[],"class_list":["post-11716875","post","type-post","status-publish","format-standard","hentry","category-meio-ambiente"],"_links":{"self":[{"href":"https:\/\/www.corumbaonline.com.br\/news\/wp-json\/wp\/v2\/posts\/11716875","targetHints":{"allow":["GET"]}}],"collection":[{"href":"https:\/\/www.corumbaonline.com.br\/news\/wp-json\/wp\/v2\/posts"}],"about":[{"href":"https:\/\/www.corumbaonline.com.br\/news\/wp-json\/wp\/v2\/types\/post"}],"author":[{"embeddable":true,"href":"https:\/\/www.corumbaonline.com.br\/news\/wp-json\/wp\/v2\/users\/6"}],"replies":[{"embeddable":true,"href":"https:\/\/www.corumbaonline.com.br\/news\/wp-json\/wp\/v2\/comments?post=11716875"}],"version-history":[{"count":1,"href":"https:\/\/www.corumbaonline.com.br\/news\/wp-json\/wp\/v2\/posts\/11716875\/revisions"}],"predecessor-version":[{"id":11716876,"href":"https:\/\/www.corumbaonline.com.br\/news\/wp-json\/wp\/v2\/posts\/11716875\/revisions\/11716876"}],"wp:attachment":[{"href":"https:\/\/www.corumbaonline.com.br\/news\/wp-json\/wp\/v2\/media?parent=11716875"}],"wp:term":[{"taxonomy":"category","embeddable":true,"href":"https:\/\/www.corumbaonline.com.br\/news\/wp-json\/wp\/v2\/categories?post=11716875"},{"taxonomy":"post_tag","embeddable":true,"href":"https:\/\/www.corumbaonline.com.br\/news\/wp-json\/wp\/v2\/tags?post=11716875"}],"curies":[{"name":"wp","href":"https:\/\/api.w.org\/{rel}","templated":true}]}}