{"id":11716882,"date":"2021-07-27T08:30:00","date_gmt":"2021-07-27T12:30:00","guid":{"rendered":"http:\/\/www.corumbaonline.com.br\/news\/?p=11716882"},"modified":"2021-07-27T10:24:00","modified_gmt":"2021-07-27T14:24:00","slug":"queima-controlada-no-pantanal-esta-suspensa-ate-30-de-outubro","status":"publish","type":"post","link":"https:\/\/www.corumbaonline.com.br\/news\/queima-controlada-no-pantanal-esta-suspensa-ate-30-de-outubro\/","title":{"rendered":"\u2018Queima controlada\u2019 no Pantanal est\u00e1 suspensa at\u00e9 30 de outubro"},"content":{"rendered":"<p data-uw-styling-context=\"true\">Todas as autoriza\u00e7\u00f5es ambientais emitidas para a realiza\u00e7\u00e3o de \u201cqueima controlada\u201d em propriedades localizadas na \u00c1rea de Uso Restrito do Pantanal est\u00e3o suspensas pelo Imasul (Instituto de Meio Ambiente de Mato Grosso do Sul). A emiss\u00e3o de novas permiss\u00f5es desse tipo de atividade na mesma regi\u00e3o tamb\u00e9m n\u00e3o ser\u00e3o aprovadas, at\u00e9 30 de outubro de 2020.<\/p>\n<p data-uw-styling-context=\"true\">Conforme a Portaria do Imasul, a suspens\u00e3o das autoriza\u00e7\u00f5es ambientais de \u201cqueima controlada\u201d na \u00c1rea de Uso Restrito do Pantanal inclui tamb\u00e9m a sapecagem (queima r\u00e1pida) vinculada a projetos de supress\u00e3o devidamente autorizados em todas as regi\u00f5es do Estado. A suspens\u00e3o, no entanto, n\u00e3o se aplica \u00e0s pr\u00e1ticas de preven\u00e7\u00e3o e combate a inc\u00eandios realizadas ou supervisionadas pelas institui\u00e7\u00f5es p\u00fablicas respons\u00e1veis pela preven\u00e7\u00e3o e pelo combate aos inc\u00eandios florestais.<\/p>\n<p data-uw-styling-context=\"true\">A Portaria do Imasul, \u00f3rg\u00e3o vinculado \u00e0 Semagro (Secretaria de Meio Ambiente, Desenvolvimento Econ\u00f4mico, Produ\u00e7\u00e3o e Agricultura Familiar), n\u00e3o interfere nas medidas preventivas de combate aos inc\u00eandios florestais, implementadas pelo Governo do Estado. \u201cSeguimos o decreto do Governo Federal, como no ano passado. Neste ano temos o Plano Estadual de Manejo Integrado do Fogo j\u00e1 institu\u00eddo e vigente em Mato Grosso do Sul, al\u00e9m de uma s\u00e9rie de outras a\u00e7\u00f5es e investimentos para a preven\u00e7\u00e3o e combate aos inc\u00eandios florestais no Estado\u201d, comenta o superintendente de Meio Ambiente e Turismo da Semagro, Pedro Mendes Neto.<\/p>\n<p data-uw-styling-context=\"true\">De acordo com os dados do Inpe, o n\u00famero de focos de calor registrados em Mato Grosso do Sul entre os meses de janeiro at\u00e9 15 de junho de 2021 no Pantanal Sul-mato-grossense foi 87,22% menor em rela\u00e7\u00e3o ao mesmo per\u00edodo do ano passado. Em todo o Estado, essa redu\u00e7\u00e3o foi de 66,72%. O resultado, \u00e9 decorrente das a\u00e7\u00f5es implementadas pelo Governo do Estado para a preven\u00e7\u00e3o e o combate aos inc\u00eandios florestais.<\/p>\n<p data-uw-styling-context=\"true\">A suspens\u00e3o consta na Portaria Imasul n. 925 de 29 junho de 2021, publicada no Di\u00e1rio Oficial do Estado desta quarta-feira (30) e considera os efeitos do Decreto Federal n. 10.735, de 28 de junho de 2021, que determinou a suspens\u00e3o de queima controlada no territ\u00f3rio nacional por 120 dias.<\/p>\n","protected":false},"excerpt":{"rendered":"<p>Todas as autoriza\u00e7\u00f5es ambientais emitidas para a realiza\u00e7\u00e3o de \u201cqueima controlada\u201d em propriedades localizadas na&#8230;<\/p>\n","protected":false},"author":13,"featured_media":11716883,"comment_status":"closed","ping_status":"closed","sticky":false,"template":"","format":"standard","meta":{"footnotes":""},"categories":[17],"tags":[],"class_list":["post-11716882","post","type-post","status-publish","format-standard","has-post-thumbnail","hentry","category-meio-ambiente"],"_links":{"self":[{"href":"https:\/\/www.corumbaonline.com.br\/news\/wp-json\/wp\/v2\/posts\/11716882","targetHints":{"allow":["GET"]}}],"collection":[{"href":"https:\/\/www.corumbaonline.com.br\/news\/wp-json\/wp\/v2\/posts"}],"about":[{"href":"https:\/\/www.corumbaonline.com.br\/news\/wp-json\/wp\/v2\/types\/post"}],"author":[{"embeddable":true,"href":"https:\/\/www.corumbaonline.com.br\/news\/wp-json\/wp\/v2\/users\/13"}],"replies":[{"embeddable":true,"href":"https:\/\/www.corumbaonline.com.br\/news\/wp-json\/wp\/v2\/comments?post=11716882"}],"version-history":[{"count":1,"href":"https:\/\/www.corumbaonline.com.br\/news\/wp-json\/wp\/v2\/posts\/11716882\/revisions"}],"predecessor-version":[{"id":11716884,"href":"https:\/\/www.corumbaonline.com.br\/news\/wp-json\/wp\/v2\/posts\/11716882\/revisions\/11716884"}],"wp:featuredmedia":[{"embeddable":true,"href":"https:\/\/www.corumbaonline.com.br\/news\/wp-json\/wp\/v2\/media\/11716883"}],"wp:attachment":[{"href":"https:\/\/www.corumbaonline.com.br\/news\/wp-json\/wp\/v2\/media?parent=11716882"}],"wp:term":[{"taxonomy":"category","embeddable":true,"href":"https:\/\/www.corumbaonline.com.br\/news\/wp-json\/wp\/v2\/categories?post=11716882"},{"taxonomy":"post_tag","embeddable":true,"href":"https:\/\/www.corumbaonline.com.br\/news\/wp-json\/wp\/v2\/tags?post=11716882"}],"curies":[{"name":"wp","href":"https:\/\/api.w.org\/{rel}","templated":true}]}}