{"id":11716909,"date":"2021-07-28T08:38:00","date_gmt":"2021-07-28T12:38:00","guid":{"rendered":"http:\/\/www.corumbaonline.com.br\/news\/?p=11716909"},"modified":"2021-07-28T10:27:55","modified_gmt":"2021-07-28T14:27:55","slug":"ifms-oferta-175-auxilios-permanencia-a-estudantes-dos-10-campi","status":"publish","type":"post","link":"https:\/\/www.corumbaonline.com.br\/news\/ifms-oferta-175-auxilios-permanencia-a-estudantes-dos-10-campi\/","title":{"rendered":"IFMS oferta 175 aux\u00edlios perman\u00eancia a estudantes dos 10 campi"},"content":{"rendered":"<p>O Instituto Federal de Mato Grosso do Sul (IFMS) publicou nesta segunda-feira, 26, o edital para concess\u00e3o do Aux\u00edlio Perman\u00eancia a estudantes dos cursos t\u00e9cnicos integrados, incluindo os da Educa\u00e7\u00e3o de Jovens e Adultos (Proeja), subsequentes e de gradua\u00e7\u00e3o presenciais.<\/p>\n<p>Est\u00e1 prevista a\u00a0concess\u00e3o de 175 aux\u00edlios mensais, no valor de R$ 200, distribu\u00eddos entre os campi Aquidauana (20), Campo Grande (25), Corumb\u00e1 (16), Coxim (16), Dourados (20), Jardim (11), Navira\u00ed (30), Nova Andradina (11), Ponta Por\u00e3 (11) e Tr\u00eas Lagoas (15).\u00a0A vig\u00eancia do benef\u00edcio ser\u00e1 de agosto a dezembro deste ano.<\/p>\n<p>Enquanto prosseguir a suspens\u00e3o das atividades presenciais\u00a0em virtude da pandemia de Covid-19, o estudante deve estar matriculado em pelo menos tr\u00eas horas-aulas semanais nos cursos do IFMS. Em caso de retorno \u00e0s atividades presenciais, \u00e9 necess\u00e1rio estar matriculado em, no m\u00ednimo, tr\u00eas unidades curriculares presenciais.<\/p>\n<p>Al\u00e9m disso, o candidato n\u00e3o pode estar cursando apenas est\u00e1gio, Trabalho de Conclus\u00e3o de Curso (TCC) e\/ou atividade complementar, e tamb\u00e9m precisa comprovar renda familiar\u00a0<em>per capita<\/em>\u00a0n\u00e3o excedente a um sal\u00e1rio m\u00ednimo e meio.<\/p>\n<p>O aux\u00edlio, ofertado por meio do\u00a0<a title=\"Programa de Assist\u00eancia Estudantil do IFMS\" href=\"http:\/\/www.ifms.edu.br:9000\/lists\/lt.php?tid=KxkGVgdaBQYBBUsCBVhUTlAGUQZOAA4BUxtcVwEDUFVbUFEGVQgfUVNVUQdWU1BOVlVUWk4ND1sOG1oCC1FPU1JRUAYECFdUUVcDH1ICAwYCUlcDTghaXAYbDFZQBk8JVlZUH1AKVgBWAgNWVAIABw\" target=\"_blank\" rel=\"noopener noreferrer\">Programa de Assist\u00eancia Estudantil do IFMS<\/a>, busca contribuir com o custeio de necessidades acad\u00eamicas e pessoais que favore\u00e7am a\u00a0perman\u00eancia\u00a0do estudante benefici\u00e1rio na institui\u00e7\u00e3o.<\/p>\n<p>Todas as\u00a0<a title=\"informa\u00e7\u00f5es sobre o processo seletivo est\u00e3o dispon\u00edveis no edital\" href=\"http:\/\/www.ifms.edu.br:9000\/lists\/lt.php?tid=KxlTBVxZVQAHWUsAVlJdTlABAltOAAtaUBsLBFALUlNSB1NXU1kfUVNVUQdWU1BOVlVUWk4ND1sOG1oCC1FPU1JRUAYECFdUUVcDH1ICAwYCUlcDTghaXAYbDFZQBk8JVlZUH1AKVgBWAgNWVAIABw\" target=\"_blank\" rel=\"noopener noreferrer\">informa\u00e7\u00f5es sobre o processo seletivo est\u00e3o dispon\u00edveis no edital<\/a>\u00a0publicado na Central de Sele\u00e7\u00e3o.<\/p>\n<p><b>Inscri\u00e7\u00f5es<\/b>\u00a0&#8211; Dever\u00e3o ser feitas pela\u00a0<a title=\"P\u00e1gina do Candidato\" href=\"http:\/\/www.ifms.edu.br:9000\/lists\/lt.php?tid=KxkNV11cVgJQA0tTUwJdTlAHAgNOAFwIVBsMVwQFUwABU1cHA10fUVNVUQdWU1BOVlVUWk4ND1sOG1oCC1FPU1JRUAYECFdUUVcDH1ICAwYCUlcDTghaXAYbDFZQBk8JVlZUH1AKVgBWAgNWVAIABw\" target=\"_blank\" rel=\"noopener noreferrer\">P\u00e1gina do Candidato<\/a>\u00a0entre os dias 2 e 15 de agosto. Para fazer a inscri\u00e7\u00e3o, ser\u00e1 necess\u00e1rio preencher o formul\u00e1rio, al\u00e9m de responder ou atualizar o\u00a0<a title=\"Question\u00e1rio Socioecon\u00f4mico\" href=\"http:\/\/www.ifms.edu.br:9000\/lists\/lt.php?tid=KxlUCgcMVVZSA0tSVFlUTlAAV1VOAAsJAxsJAAQHAAdVUgVTUFkfUVNVUQdWU1BOVlVUWk4ND1sOG1oCC1FPU1JRUAYECFdUUVcDH1ICAwYCUlcDTghaXAYbDFZQBk8JVlZUH1AKVgBWAgNWVAIABw\" target=\"_blank\" rel=\"noopener noreferrer\">Question\u00e1rio Socioecon\u00f4mico<\/a>.<\/p>\n<p>Tamb\u00e9m ser\u00e1 preciso anexar a seguinte documenta\u00e7\u00e3o:<\/p>\n<ul>\n<li>c\u00f3pia da \u00faltima declara\u00e7\u00e3o de Imposto de Renda de Pessoa F\u00edsica (IRPF) acompanhada do recibo de entrega \u00e0 Receita Federal do Brasil, de todos os membros da fam\u00edlia maiores de 18 anos, caso declare o imposto;<\/li>\n<li>declara\u00e7\u00e3o de \u201cnada consta\u201d, caso n\u00e3o declare o IRPF, de todos os membros da fam\u00edlia maiores de 18 anos, o que pode ser obtida mediante consulta de restitui\u00e7\u00e3o no\u00a0<a title=\"endere\u00e7o eletr\u00f4nico da Receita Federal\" href=\"http:\/\/www.ifms.edu.br:9000\/lists\/lt.php?tid=KxkFA1ELVQNSVksAAgAGTlADVltOAFxcBxtbAwsLUlNVXANWUlsfUVNVUQdWU1BOVlVUWk4ND1sOG1oCC1FPU1JRUAYECFdUUVcDH1ICAwYCUlcDTghaXAYbDFZQBk8JVlZUH1AKVgBWAgNWVAIABw\" target=\"_blank\" rel=\"noopener noreferrer\">endere\u00e7o eletr\u00f4nico da Receita Federal<\/a>\u00a0e impress\u00e3o da situa\u00e7\u00e3o da declara\u00e7\u00e3o\u00a0 do IRPF 2020 na qual consta a mensagem \u201cSua declara\u00e7\u00e3o\u00a0n\u00e3o consta na base de dados da Receita Federal\u201d;<\/li>\n<li>extrato do \u00faltimo pagamento do Bolsa Fam\u00edlia, Vale Renda,\u00a0Aux\u00edlio\u00a0Emergencial ou BPC\/LOAS constando nome do benefici\u00e1rio, nome do\u00a0aux\u00edlio, data de pagamento e valor do\u00a0aux\u00edlio, caso algu\u00e9m da fam\u00edlia receba;<\/li>\n<li>declara\u00e7\u00e3o de pertencimento \u00e0 comunidade ind\u00edgena ou quilombola, caso o estudante resida nessas comunidades;<\/li>\n<li>foto do cart\u00e3o do banco ou comprovante com os dados banc\u00e1rios em seu nome, caso o estudante j\u00e1 possua conta banc\u00e1ria.<\/li>\n<\/ul>\n<p>Os contemplados no resultado final que n\u00e3o apresentaram comprovante de conta banc\u00e1ria no ato da inscri\u00e7\u00e3o ter\u00e3o o prazo de quatro dias \u00fateis para enviar os dados banc\u00e1rios aos\u00a0e-mails\u00a0dos campi, que constam no edital do processo seletivo.<\/p>\n<p><b>Sele\u00e7\u00e3o<\/b>\u00a0&#8211; Ter\u00e3o prioridade estudantes pertencentes a n\u00facleos familiares benefici\u00e1rios do Programa de Transfer\u00eancia de Renda, tais como Bolsa Fam\u00edlia, Vale Renda e Benef\u00edcio de Presta\u00e7\u00e3o Continuada (BPC) da Lei Org\u00e2nica da Assist\u00eancia Social (Loas), e aqueles que residam em comunidades quilombolas ou ind\u00edgenas.<\/p>\n<p>Caso haja empate entre os classificados, o desempate ser\u00e1 realizado de acordo com os seguintes crit\u00e9rios, em ordem de prioridade:<\/p>\n<ul>\n<li>ser benefici\u00e1rio de Programa de Transfer\u00eancia de Renda;<\/li>\n<li>possuir maior n\u00famero de integrantes do grupo familiar;<\/li>\n<li>ter crian\u00e7as com at\u00e9 6 anos incompletos no mesmo grupo familiar;<\/li>\n<li>ter a maior idade;<\/li>\n<li>n\u00e3o possuir outras modalidades de bolsas acad\u00eamicas.<\/li>\n<\/ul>\n<p>Os resultados preliminar e final ser\u00e3o divulgados, respectivamente, nos dias 31 de agosto e 3 de setembro.<\/p>\n","protected":false},"excerpt":{"rendered":"<p>O Instituto Federal de Mato Grosso do Sul (IFMS) publicou nesta segunda-feira, 26, o edital&#8230;<\/p>\n","protected":false},"author":9,"featured_media":0,"comment_status":"closed","ping_status":"closed","sticky":false,"template":"","format":"standard","meta":{"footnotes":""},"categories":[10],"tags":[],"class_list":["post-11716909","post","type-post","status-publish","format-standard","hentry","category-educacao"],"_links":{"self":[{"href":"https:\/\/www.corumbaonline.com.br\/news\/wp-json\/wp\/v2\/posts\/11716909","targetHints":{"allow":["GET"]}}],"collection":[{"href":"https:\/\/www.corumbaonline.com.br\/news\/wp-json\/wp\/v2\/posts"}],"about":[{"href":"https:\/\/www.corumbaonline.com.br\/news\/wp-json\/wp\/v2\/types\/post"}],"author":[{"embeddable":true,"href":"https:\/\/www.corumbaonline.com.br\/news\/wp-json\/wp\/v2\/users\/9"}],"replies":[{"embeddable":true,"href":"https:\/\/www.corumbaonline.com.br\/news\/wp-json\/wp\/v2\/comments?post=11716909"}],"version-history":[{"count":2,"href":"https:\/\/www.corumbaonline.com.br\/news\/wp-json\/wp\/v2\/posts\/11716909\/revisions"}],"predecessor-version":[{"id":11716911,"href":"https:\/\/www.corumbaonline.com.br\/news\/wp-json\/wp\/v2\/posts\/11716909\/revisions\/11716911"}],"wp:attachment":[{"href":"https:\/\/www.corumbaonline.com.br\/news\/wp-json\/wp\/v2\/media?parent=11716909"}],"wp:term":[{"taxonomy":"category","embeddable":true,"href":"https:\/\/www.corumbaonline.com.br\/news\/wp-json\/wp\/v2\/categories?post=11716909"},{"taxonomy":"post_tag","embeddable":true,"href":"https:\/\/www.corumbaonline.com.br\/news\/wp-json\/wp\/v2\/tags?post=11716909"}],"curies":[{"name":"wp","href":"https:\/\/api.w.org\/{rel}","templated":true}]}}