{"id":11716967,"date":"2021-07-29T11:35:00","date_gmt":"2021-07-29T15:35:00","guid":{"rendered":"http:\/\/www.corumbaonline.com.br\/news\/?p=11716967"},"modified":"2021-07-29T16:13:11","modified_gmt":"2021-07-29T20:13:11","slug":"comunidades-quilombolas-recebem-cestas-basicas-estado-destaca-apoio-da-prefeitura-de-corumba","status":"publish","type":"post","link":"https:\/\/www.corumbaonline.com.br\/news\/comunidades-quilombolas-recebem-cestas-basicas-estado-destaca-apoio-da-prefeitura-de-corumba\/","title":{"rendered":"Comunidades quilombolas recebem cestas b\u00e1sicas; Estado destaca apoio da Prefeitura de Corumb\u00e1"},"content":{"rendered":"<p>O prefeito Marcelo Iunes acompanhou na manh\u00e3 desta quinta-feira, 29 de julho, a entrega de 168 cestas b\u00e1sicas para comunidades remanescentes de quilombos em Corumb\u00e1. As cestas s\u00e3o fruto de uma parceria entre o Governo do Estado, por meio da Subsecretaria de Pol\u00edticas P\u00fablicas para a Promo\u00e7\u00e3o da Igualdade Racial,\u00a0com a Funda\u00e7\u00e3o Cultural Palmares (FCP), Minist\u00e9rio da Cidadania do Governo Federal e apoio da Prefeitura de Corumb\u00e1. A secret\u00e1ria Municipal de Assist\u00eancia Social e Cidadania, Amanda Balancieri Iunes, participou do evento.<\/p>\n<p>Marcelo Iunes disse que as cestas de alimentos chegam num momento dif\u00edcil em que o pa\u00eds enfrenta a pandemia da covid-19 e muitas pessoas est\u00e3o fragilizadas. \u201cFico feliz com a a\u00e7\u00e3o, estas cestas b\u00e1sicas chegam num momento cr\u00edtico, de pandemia, que deixou muitas fam\u00edlias fragilizadas. Junto com o Governo do Estado e Governo Federal lembrarmos dessas pessoas \u00e9 muito importante\u201d, afirmou.<\/p>\n<p>O chefe do Executivo Municipal destacou que a Prefeitura est\u00e1 sempre pronta para apoiar a\u00e7\u00f5es que levem \u201cqualidade de vida, dignidade e resgatem a autoestima\u201d da popula\u00e7\u00e3o. \u201cFico muito feliz com o dia de hoje e quero agradecer ao Governo do Estado, atrav\u00e9s da subsecret\u00e1ria de Promo\u00e7\u00e3o da Igualdade Racial, Ana Jos\u00e9 Alves. Agrade\u00e7o tamb\u00e9m ao Governo Federal, Minist\u00e9rio da Cidadania e a Funda\u00e7\u00e3o Cultural Palmares por contemplar 22 comunidades em Mato Grosso do Sul, sendo tr\u00eas delas aqui em Corumb\u00e1. Agrade\u00e7o tamb\u00e9m, porque os beneficiados ter\u00e3o mais alimento em suas casas\u201d, completou Iunes.<\/p>\n<p>Secret\u00e1ria Municipal de Assist\u00eancia Social e Cidadania, Amanda Balancieri Iunes, agradeceu ao Governo do Estado e Governo Federal pelas cestas de alimentos e disse que \u201ca Secretaria de Assist\u00eancia Social est\u00e1 sempre \u00e0 disposi\u00e7\u00e3o da popula\u00e7\u00e3o\u201d. Em Corumb\u00e1 recebem as cestas b\u00e1sicas fam\u00edlias da Comunidade Campos Correia; Comunidade Fam\u00edlia Oz\u00f3rio e Comunidade Maria Theodora.<\/p>\n<p>Subsecret\u00e1ria de Pol\u00edticas P\u00fablicas para a Promo\u00e7\u00e3o da Igualdade Racial, Ana Jos\u00e9 Alves, ressaltou que o apoio da Prefeitura de Corumb\u00e1 foi fundamental para a entrega das cestas de alimentos na cidade. \u201cA participa\u00e7\u00e3o do Munic\u00edpio \u00e9 fundamental. Essa parceria \u00e9 muito importante, porque al\u00e9m de estarmos no munic\u00edpio, precisamos dar visibilidade e import\u00e2ncia para essas comunidades tradicionais. Tem a quest\u00e3o da economia, as pessoas est\u00e3o desempregadas, com dificuldades alimentares. Com isso, estamos resgatando a comunidade, refor\u00e7ando a dignidade e autoestima\u201d, disse.<\/p>\n<p>Ana Alves explicou que a parceria com a Funda\u00e7\u00e3o Palmares acontece com recursos repassados pelo Minist\u00e9rio da Cidadania, a Companhia Nacional de Abastecimento (Conab), que foi o \u00f3rg\u00e3o respons\u00e1vel pela operacionaliza\u00e7\u00e3o da compra dos alimentos e montagem das cestas. A Defesa Civil do Estado garante apoio log\u00edstico.<\/p>\n<p>Presidente da Comunidade Campos Correia, Stefany Garcia Xavier, agradeceu o empenho das autoridades para fazer o benef\u00edcio chegar \u00e0s fam\u00edlias. \u201cA nossa comunidade agradece; \u00e9 importante saber que h\u00e1 pessoas que lutam pela gente. Estamos sempre lutando por nossos direitos e agradecemos pelo reconhecimento\u201d, declarou Stefany. \u00a0Tamb\u00e9m participaram do evento o deputado estadual Evander Vendramini e a vereadora Raquel Bryk, que representou o Legislativo Municipal.<\/p>\n<p>A entrega das cestas de alimentos contempla 1.400 fam\u00edlias moradoras das 22 comunidades tradicionais remanescentes de quilombos, nos munic\u00edpios de Corumb\u00e1; Aquidauana; Campo Grande; Corguinho; Dourados; Figueir\u00e3o; Jaraguari; Maracaju; Nioaque; Pedro Gomes; Rio Brilhante; Rio Negro; Sonora e Terenos.<\/p>\n<div id=\"gallery-1\" class=\"gallery galleryid-115557 gallery-columns-3 gallery-size-large\">\n<figure class=\"gallery-item\">\n<div class=\"gallery-icon landscape\"><a role=\"link\" href=\"https:\/\/www.corumba.ms.gov.br\/?attachment_id=115534\"><img loading=\"lazy\" decoding=\"async\" class=\"attachment-large size-large\" src=\"https:\/\/www.corumba.ms.gov.br\/wp-content\/uploads\/2021\/07\/Foto-Rene-Marcio-Carneiro-Entrega-cestas-a-Quilombolas-21-1024x683.jpg\" sizes=\"auto, (max-width: 1024px) 100vw, 1024px\" srcset=\"https:\/\/www.corumba.ms.gov.br\/wp-content\/uploads\/2021\/07\/Foto-Rene-Marcio-Carneiro-Entrega-cestas-a-Quilombolas-21-1024x683.jpg 1024w, https:\/\/www.corumba.ms.gov.br\/wp-content\/uploads\/2021\/07\/Foto-Rene-Marcio-Carneiro-Entrega-cestas-a-Quilombolas-21-300x200.jpg 300w, https:\/\/www.corumba.ms.gov.br\/wp-content\/uploads\/2021\/07\/Foto-Rene-Marcio-Carneiro-Entrega-cestas-a-Quilombolas-21-768x512.jpg 768w, https:\/\/www.corumba.ms.gov.br\/wp-content\/uploads\/2021\/07\/Foto-Rene-Marcio-Carneiro-Entrega-cestas-a-Quilombolas-21.jpg 1200w\" alt=\"\" width=\"1024\" height=\"683\" aria-describedby=\"gallery-1-115534\" \/><\/a><\/div><figcaption id=\"gallery-1-115534\" class=\"wp-caption-text gallery-caption\">Cestas de alimentos contemplaram tr\u00eas comunidades remanescentes de quilombos em Corumb\u00e1 (Foto: Ren\u00ea Marcio Carneiro\/PMC)<\/figcaption><\/figure>\n<figure class=\"gallery-item\">\n<div class=\"gallery-icon landscape\"><a role=\"link\" href=\"https:\/\/www.corumba.ms.gov.br\/?attachment_id=115537\"><img loading=\"lazy\" decoding=\"async\" class=\"attachment-large size-large\" src=\"https:\/\/www.corumba.ms.gov.br\/wp-content\/uploads\/2021\/07\/Foto-Rene-Marcio-Carneiro-Entrega-cestas-a-Quilombolas-24-1024x706.jpg\" sizes=\"auto, (max-width: 1024px) 100vw, 1024px\" srcset=\"https:\/\/www.corumba.ms.gov.br\/wp-content\/uploads\/2021\/07\/Foto-Rene-Marcio-Carneiro-Entrega-cestas-a-Quilombolas-24-1024x706.jpg 1024w, https:\/\/www.corumba.ms.gov.br\/wp-content\/uploads\/2021\/07\/Foto-Rene-Marcio-Carneiro-Entrega-cestas-a-Quilombolas-24-300x207.jpg 300w, https:\/\/www.corumba.ms.gov.br\/wp-content\/uploads\/2021\/07\/Foto-Rene-Marcio-Carneiro-Entrega-cestas-a-Quilombolas-24-768x529.jpg 768w, https:\/\/www.corumba.ms.gov.br\/wp-content\/uploads\/2021\/07\/Foto-Rene-Marcio-Carneiro-Entrega-cestas-a-Quilombolas-24.jpg 1200w\" alt=\"\" width=\"1024\" height=\"706\" aria-describedby=\"gallery-1-115537\" \/><\/a><\/div><figcaption id=\"gallery-1-115537\" class=\"wp-caption-text gallery-caption\">Cestas de alimentos contemplaram tr\u00eas comunidades remanescentes de quilombos em Corumb\u00e1 (Foto: Ren\u00ea Marcio Carneiro\/PMC)<\/figcaption><\/figure>\n<figure class=\"gallery-item\">\n<div class=\"gallery-icon landscape\"><a role=\"link\" href=\"https:\/\/www.corumba.ms.gov.br\/?attachment_id=115533\"><img loading=\"lazy\" decoding=\"async\" class=\"attachment-large size-large\" src=\"https:\/\/www.corumba.ms.gov.br\/wp-content\/uploads\/2021\/07\/Foto-Rene-Marcio-Carneiro-Entrega-cestas-a-Quilombolas-20-1024x683.jpg\" sizes=\"auto, (max-width: 1024px) 100vw, 1024px\" srcset=\"https:\/\/www.corumba.ms.gov.br\/wp-content\/uploads\/2021\/07\/Foto-Rene-Marcio-Carneiro-Entrega-cestas-a-Quilombolas-20-1024x683.jpg 1024w, https:\/\/www.corumba.ms.gov.br\/wp-content\/uploads\/2021\/07\/Foto-Rene-Marcio-Carneiro-Entrega-cestas-a-Quilombolas-20-300x200.jpg 300w, https:\/\/www.corumba.ms.gov.br\/wp-content\/uploads\/2021\/07\/Foto-Rene-Marcio-Carneiro-Entrega-cestas-a-Quilombolas-20-768x512.jpg 768w, https:\/\/www.corumba.ms.gov.br\/wp-content\/uploads\/2021\/07\/Foto-Rene-Marcio-Carneiro-Entrega-cestas-a-Quilombolas-20.jpg 1200w\" alt=\"\" width=\"1024\" height=\"683\" aria-describedby=\"gallery-1-115533\" \/><\/a><\/div><figcaption id=\"gallery-1-115533\" class=\"wp-caption-text gallery-caption\">Cestas de alimentos contemplaram tr\u00eas comunidades remanescentes de quilombos em Corumb\u00e1 (Foto: Ren\u00ea Marcio Carneiro\/PMC)<\/figcaption><\/figure>\n<figure class=\"gallery-item\">\n<div class=\"gallery-icon landscape\"><a role=\"link\" href=\"https:\/\/www.corumba.ms.gov.br\/?attachment_id=115523\"><img loading=\"lazy\" decoding=\"async\" class=\"attachment-large size-large\" src=\"https:\/\/www.corumba.ms.gov.br\/wp-content\/uploads\/2021\/07\/Foto-Rene-Marcio-Carneiro-Entrega-cestas-a-Quilombolas-1-1024x706.jpg\" sizes=\"auto, (max-width: 1024px) 100vw, 1024px\" srcset=\"https:\/\/www.corumba.ms.gov.br\/wp-content\/uploads\/2021\/07\/Foto-Rene-Marcio-Carneiro-Entrega-cestas-a-Quilombolas-1-1024x706.jpg 1024w, https:\/\/www.corumba.ms.gov.br\/wp-content\/uploads\/2021\/07\/Foto-Rene-Marcio-Carneiro-Entrega-cestas-a-Quilombolas-1-300x207.jpg 300w, https:\/\/www.corumba.ms.gov.br\/wp-content\/uploads\/2021\/07\/Foto-Rene-Marcio-Carneiro-Entrega-cestas-a-Quilombolas-1-768x529.jpg 768w, https:\/\/www.corumba.ms.gov.br\/wp-content\/uploads\/2021\/07\/Foto-Rene-Marcio-Carneiro-Entrega-cestas-a-Quilombolas-1.jpg 1200w\" alt=\"\" width=\"1024\" height=\"706\" aria-describedby=\"gallery-1-115523\" \/><\/a><\/div><figcaption id=\"gallery-1-115523\" class=\"wp-caption-text gallery-caption\">Cestas de alimentos contemplaram tr\u00eas comunidades remanescentes de quilombos em Corumb\u00e1 (Foto: Ren\u00ea Marcio Carneiro\/PMC)<\/figcaption><\/figure>\n<figure class=\"gallery-item\">\n<div class=\"gallery-icon landscape\"><a role=\"link\" href=\"https:\/\/www.corumba.ms.gov.br\/?attachment_id=115526\"><img loading=\"lazy\" decoding=\"async\" class=\"attachment-large size-large\" src=\"https:\/\/www.corumba.ms.gov.br\/wp-content\/uploads\/2021\/07\/Foto-Rene-Marcio-Carneiro-Entrega-cestas-a-Quilombolas-4-1024x683.jpg\" sizes=\"auto, (max-width: 1024px) 100vw, 1024px\" srcset=\"https:\/\/www.corumba.ms.gov.br\/wp-content\/uploads\/2021\/07\/Foto-Rene-Marcio-Carneiro-Entrega-cestas-a-Quilombolas-4-1024x683.jpg 1024w, https:\/\/www.corumba.ms.gov.br\/wp-content\/uploads\/2021\/07\/Foto-Rene-Marcio-Carneiro-Entrega-cestas-a-Quilombolas-4-300x200.jpg 300w, https:\/\/www.corumba.ms.gov.br\/wp-content\/uploads\/2021\/07\/Foto-Rene-Marcio-Carneiro-Entrega-cestas-a-Quilombolas-4-768x512.jpg 768w, https:\/\/www.corumba.ms.gov.br\/wp-content\/uploads\/2021\/07\/Foto-Rene-Marcio-Carneiro-Entrega-cestas-a-Quilombolas-4.jpg 1200w\" alt=\"\" width=\"1024\" height=\"683\" aria-describedby=\"gallery-1-115526\" \/><\/a><\/div><figcaption id=\"gallery-1-115526\" class=\"wp-caption-text gallery-caption\">Cestas de alimentos contemplaram tr\u00eas comunidades remanescentes de quilombos em Corumb\u00e1 (Foto: Ren\u00ea Marcio Carneiro\/PMC)<\/figcaption><\/figure>\n<figure class=\"gallery-item\">\n<div class=\"gallery-icon landscape\"><a role=\"link\" href=\"https:\/\/www.corumba.ms.gov.br\/?attachment_id=115529\"><img loading=\"lazy\" decoding=\"async\" class=\"attachment-large size-large\" src=\"https:\/\/www.corumba.ms.gov.br\/wp-content\/uploads\/2021\/07\/Foto-Rene-Marcio-Carneiro-Entrega-cestas-a-Quilombolas-11-1024x706.jpg\" sizes=\"auto, (max-width: 1024px) 100vw, 1024px\" srcset=\"https:\/\/www.corumba.ms.gov.br\/wp-content\/uploads\/2021\/07\/Foto-Rene-Marcio-Carneiro-Entrega-cestas-a-Quilombolas-11-1024x706.jpg 1024w, https:\/\/www.corumba.ms.gov.br\/wp-content\/uploads\/2021\/07\/Foto-Rene-Marcio-Carneiro-Entrega-cestas-a-Quilombolas-11-300x207.jpg 300w, https:\/\/www.corumba.ms.gov.br\/wp-content\/uploads\/2021\/07\/Foto-Rene-Marcio-Carneiro-Entrega-cestas-a-Quilombolas-11-768x529.jpg 768w, https:\/\/www.corumba.ms.gov.br\/wp-content\/uploads\/2021\/07\/Foto-Rene-Marcio-Carneiro-Entrega-cestas-a-Quilombolas-11.jpg 1200w\" alt=\"\" width=\"1024\" height=\"706\" aria-describedby=\"gallery-1-115529\" \/><\/a><\/div><figcaption id=\"gallery-1-115529\" class=\"wp-caption-text gallery-caption\">Cestas de alimentos contemplaram tr\u00eas comunidades remanescentes de quilombos em Corumb\u00e1 (Foto: Ren\u00ea Marcio Carneiro\/PMC)<\/figcaption><\/figure>\n<figure class=\"gallery-item\">\n<div class=\"gallery-icon landscape\"><a role=\"link\" href=\"https:\/\/www.corumba.ms.gov.br\/?attachment_id=115538\"><img loading=\"lazy\" decoding=\"async\" class=\"attachment-large size-large\" src=\"https:\/\/www.corumba.ms.gov.br\/wp-content\/uploads\/2021\/07\/Foto-Rene-Marcio-Carneiro-Entrega-cestas-a-Quilombolas-25-1024x683.jpg\" sizes=\"auto, (max-width: 1024px) 100vw, 1024px\" srcset=\"https:\/\/www.corumba.ms.gov.br\/wp-content\/uploads\/2021\/07\/Foto-Rene-Marcio-Carneiro-Entrega-cestas-a-Quilombolas-25-1024x683.jpg 1024w, https:\/\/www.corumba.ms.gov.br\/wp-content\/uploads\/2021\/07\/Foto-Rene-Marcio-Carneiro-Entrega-cestas-a-Quilombolas-25-300x200.jpg 300w, https:\/\/www.corumba.ms.gov.br\/wp-content\/uploads\/2021\/07\/Foto-Rene-Marcio-Carneiro-Entrega-cestas-a-Quilombolas-25-768x512.jpg 768w, https:\/\/www.corumba.ms.gov.br\/wp-content\/uploads\/2021\/07\/Foto-Rene-Marcio-Carneiro-Entrega-cestas-a-Quilombolas-25.jpg 1200w\" alt=\"\" width=\"1024\" height=\"683\" aria-describedby=\"gallery-1-115538\" \/><\/a><\/div><figcaption id=\"gallery-1-115538\" class=\"wp-caption-text gallery-caption\">Cestas de alimentos contemplaram tr\u00eas comunidades remanescentes de quilombos em Corumb\u00e1 (Foto: Ren\u00ea Marcio Carneiro\/PMC)<\/figcaption><\/figure>\n<figure class=\"gallery-item\">\n<div class=\"gallery-icon landscape\"><a role=\"link\" href=\"https:\/\/www.corumba.ms.gov.br\/?attachment_id=115544\"><img loading=\"lazy\" decoding=\"async\" class=\"attachment-large size-large\" src=\"https:\/\/www.corumba.ms.gov.br\/wp-content\/uploads\/2021\/07\/Foto-Rene-Marcio-Carneiro-Entrega-cestas-a-Quilombolas-31-1024x706.jpg\" sizes=\"auto, (max-width: 1024px) 100vw, 1024px\" srcset=\"https:\/\/www.corumba.ms.gov.br\/wp-content\/uploads\/2021\/07\/Foto-Rene-Marcio-Carneiro-Entrega-cestas-a-Quilombolas-31-1024x706.jpg 1024w, https:\/\/www.corumba.ms.gov.br\/wp-content\/uploads\/2021\/07\/Foto-Rene-Marcio-Carneiro-Entrega-cestas-a-Quilombolas-31-300x207.jpg 300w, https:\/\/www.corumba.ms.gov.br\/wp-content\/uploads\/2021\/07\/Foto-Rene-Marcio-Carneiro-Entrega-cestas-a-Quilombolas-31-768x529.jpg 768w, https:\/\/www.corumba.ms.gov.br\/wp-content\/uploads\/2021\/07\/Foto-Rene-Marcio-Carneiro-Entrega-cestas-a-Quilombolas-31.jpg 1200w\" alt=\"\" width=\"1024\" height=\"706\" aria-describedby=\"gallery-1-115544\" \/><\/a><\/div><figcaption id=\"gallery-1-115544\" class=\"wp-caption-text gallery-caption\">Cestas de alimentos contemplaram tr\u00eas comunidades remanescentes de quilombos em Corumb\u00e1 (Foto: Ren\u00ea Marcio Carneiro\/PMC)<\/figcaption><\/figure>\n<figure class=\"gallery-item\">\n<div class=\"gallery-icon landscape\"><a role=\"link\" href=\"https:\/\/www.corumba.ms.gov.br\/?attachment_id=115542\"><img loading=\"lazy\" decoding=\"async\" class=\"attachment-large size-large\" src=\"https:\/\/www.corumba.ms.gov.br\/wp-content\/uploads\/2021\/07\/Foto-Rene-Marcio-Carneiro-Entrega-cestas-a-Quilombolas-29-1024x683.jpg\" sizes=\"auto, (max-width: 1024px) 100vw, 1024px\" srcset=\"https:\/\/www.corumba.ms.gov.br\/wp-content\/uploads\/2021\/07\/Foto-Rene-Marcio-Carneiro-Entrega-cestas-a-Quilombolas-29-1024x683.jpg 1024w, https:\/\/www.corumba.ms.gov.br\/wp-content\/uploads\/2021\/07\/Foto-Rene-Marcio-Carneiro-Entrega-cestas-a-Quilombolas-29-300x200.jpg 300w, https:\/\/www.corumba.ms.gov.br\/wp-content\/uploads\/2021\/07\/Foto-Rene-Marcio-Carneiro-Entrega-cestas-a-Quilombolas-29-768x512.jpg 768w, https:\/\/www.corumba.ms.gov.br\/wp-content\/uploads\/2021\/07\/Foto-Rene-Marcio-Carneiro-Entrega-cestas-a-Quilombolas-29.jpg 1200w\" alt=\"\" width=\"1024\" height=\"683\" aria-describedby=\"gallery-1-115542\" \/><\/a><\/div><figcaption id=\"gallery-1-115542\" class=\"wp-caption-text gallery-caption\">Cestas de alimentos contemplaram tr\u00eas comunidades remanescentes de quilombos em Corumb\u00e1 (Foto: Ren\u00ea Marcio Carneiro\/PMC)<\/figcaption><\/figure>\n<\/div>\n","protected":false},"excerpt":{"rendered":"<p>O prefeito Marcelo Iunes acompanhou na manh\u00e3 desta quinta-feira, 29 de julho, a entrega de&#8230;<\/p>\n","protected":false},"author":70,"featured_media":11716968,"comment_status":"closed","ping_status":"closed","sticky":false,"template":"","format":"standard","meta":{"footnotes":""},"categories":[14],"tags":[],"class_list":["post-11716967","post","type-post","status-publish","format-standard","has-post-thumbnail","hentry","category-geral"],"_links":{"self":[{"href":"https:\/\/www.corumbaonline.com.br\/news\/wp-json\/wp\/v2\/posts\/11716967","targetHints":{"allow":["GET"]}}],"collection":[{"href":"https:\/\/www.corumbaonline.com.br\/news\/wp-json\/wp\/v2\/posts"}],"about":[{"href":"https:\/\/www.corumbaonline.com.br\/news\/wp-json\/wp\/v2\/types\/post"}],"author":[{"embeddable":true,"href":"https:\/\/www.corumbaonline.com.br\/news\/wp-json\/wp\/v2\/users\/70"}],"replies":[{"embeddable":true,"href":"https:\/\/www.corumbaonline.com.br\/news\/wp-json\/wp\/v2\/comments?post=11716967"}],"version-history":[{"count":1,"href":"https:\/\/www.corumbaonline.com.br\/news\/wp-json\/wp\/v2\/posts\/11716967\/revisions"}],"predecessor-version":[{"id":11716969,"href":"https:\/\/www.corumbaonline.com.br\/news\/wp-json\/wp\/v2\/posts\/11716967\/revisions\/11716969"}],"wp:featuredmedia":[{"embeddable":true,"href":"https:\/\/www.corumbaonline.com.br\/news\/wp-json\/wp\/v2\/media\/11716968"}],"wp:attachment":[{"href":"https:\/\/www.corumbaonline.com.br\/news\/wp-json\/wp\/v2\/media?parent=11716967"}],"wp:term":[{"taxonomy":"category","embeddable":true,"href":"https:\/\/www.corumbaonline.com.br\/news\/wp-json\/wp\/v2\/categories?post=11716967"},{"taxonomy":"post_tag","embeddable":true,"href":"https:\/\/www.corumbaonline.com.br\/news\/wp-json\/wp\/v2\/tags?post=11716967"}],"curies":[{"name":"wp","href":"https:\/\/api.w.org\/{rel}","templated":true}]}}