{"id":11716978,"date":"2021-07-29T16:00:00","date_gmt":"2021-07-29T20:00:00","guid":{"rendered":"http:\/\/www.corumbaonline.com.br\/news\/?p=11716978"},"modified":"2021-07-29T16:36:09","modified_gmt":"2021-07-29T20:36:09","slug":"apos-reuniao-com-acic-e-comerciantes-prefeitura-altera-medidas-de-combate-a-covid-19","status":"publish","type":"post","link":"https:\/\/www.corumbaonline.com.br\/news\/apos-reuniao-com-acic-e-comerciantes-prefeitura-altera-medidas-de-combate-a-covid-19\/","title":{"rendered":"Ap\u00f3s reuni\u00e3o com ACIC e comerciantes, Prefeitura altera medidas de combate \u00e0 Covid-19"},"content":{"rendered":"<p>O prefeito Marcelo Iunes se reuniu nesta quinta-feira, 29 de julho, com o presidente da Associa\u00e7\u00e3o Comercial e Empresarial de Corumb\u00e1 (ACIC), Andr\u00e9 Campos, e com empres\u00e1rios do ramo de bares, restaurantes, lanchonetes, prestadores de servi\u00e7os e de servi\u00e7os funer\u00e1rios. O encontro serviu para discutir as medidas restritivas contra a Covid-19 no munic\u00edpio.<\/p>\n<p>\u201cFoi um encontro bastante produtivo. Ouvimos as reivindica\u00e7\u00f5es da categoria e apresentamos os indicadores de Corumb\u00e1 referentes ao novo Coronav\u00edrus\u201d, explicou Marcelo Iunes, lembrando que todas as a\u00e7\u00f5es estabelecidas pelo Executivo municipal desde o in\u00edcio da pandemia buscaram o equil\u00edbrio entre a preserva\u00e7\u00e3o das vidas dos mun\u00edcipes e o funcionamento do com\u00e9rcio local.<\/p>\n<p>\u201cSempre defendemos que o com\u00e9rcio n\u00e3o \u00e9 o vil\u00e3o desse momento terr\u00edvel da hist\u00f3ria mundial, mas houve ocasi\u00f5es em que foi preciso diminuir a quantidade de pessoas nas ruas. Gra\u00e7as a Deus, passamos pela pior fase dessa pandemia e estamos retomando, aos poucos, a rotina normal\u201d, completou o prefeito.<\/p>\n<p>Ap\u00f3s a reuni\u00e3o, o prefeito de Corumb\u00e1 assinou o\u00a0<em><strong><a role=\"link\" href=\"http:\/\/do.corumba.ms.gov.br\/portal\/edicoes\/download\/4102\">Decreto N\u00ba 2.627<\/a><\/strong><\/em>\u00a0e definiu a flexibiliza\u00e7\u00e3o de diversas medidas restritivas. Com validade at\u00e9 a pr\u00f3xima quarta-feira, 4 de agosto, o documento estabelece, entre outras medidas, o Toque de Recolher das 22h \u00e0s 5 horas, a amplia\u00e7\u00e3o do delivery at\u00e9 \u00e0 meia noite, o funcionamento de conveni\u00eancias at\u00e9 \u00e0s 22 horas e a realiza\u00e7\u00e3o de at\u00e9 3 cultos e encontros religiosos aos s\u00e1bados e domingos.<\/p>\n<p>O Decreto N\u00ba 2.627 ainda determina que supermercados, hipermercados, a\u00e7ougues, padarias, com\u00e9rcio de hortifruti e cong\u00eaneres, Distribuidoras de \u00e1gua mineral e g\u00e1s, farm\u00e1cias (excetuando os estabelecimentos que estiverem em regime de plant\u00e3o), servi\u00e7os de transporte complementar de passageiros, inclusive por aplicativos, postos de combust\u00edvel, borracharia e servi\u00e7os funer\u00e1rios e veterin\u00e1rios tamb\u00e9m podem funcionar at\u00e9 \u00e0s 22 horas.<\/p>\n<p>As conveni\u00eancias e cong\u00eaneres podem funcionar todos os dias, das 7 \u00e0s 22h, autorizada a venda apenas via gradil, proibido o consumo no local, cal\u00e7ada ou imedia\u00e7\u00f5es, devendo ser recusada a venda caso seja observada esta pr\u00e1tica, sendo de responsabilidade do estabelecimento evitar a ocorr\u00eancia de aglomera\u00e7\u00e3o, pass\u00edvel de multa e\/ou interdi\u00e7\u00e3o da atividade em caso de descumprimento.<\/p>\n<p>Fica permitida ainda a pr\u00e1tica esportiva coletiva amadora em qualquer recinto, com capacidade m\u00e1xima limitada a 50% (cinquenta por cento) do total permitido e as aulas presenciais em estabelecimentos de ensino regular privados, inclusive, creches e cursos preparat\u00f3rios em geral.<\/p>\n<p>Continua vedado no per\u00edodo de vig\u00eancia do Decreto, o funcionamento de servi\u00e7os n\u00e3o essenciais de alto risco: clubes sociais; sinuca e similares. Os sal\u00f5es de beleza, barbearias, cabelereiros e afins ter\u00e3o o seu funcionamento at\u00e9 \u00e0s 22 horas, podendo funcionar somente com hor\u00e1rio marcado e garantindo total observ\u00e2ncia \u00e0s medidas de biosseguran\u00e7a efetivadas.<\/p>\n<div id=\"gallery-1\" class=\"gallery galleryid-115604 gallery-columns-4 gallery-size-large\">\n<figure class=\"gallery-item\">\n<div class=\"gallery-icon landscape\"><a role=\"link\" href=\"https:\/\/www.corumba.ms.gov.br\/?attachment_id=115601\"><img loading=\"lazy\" decoding=\"async\" class=\"attachment-large size-large\" src=\"https:\/\/www.corumba.ms.gov.br\/wp-content\/uploads\/2021\/07\/Foto-Rene-Marcio-Carneiro-Reuniao-com-empresarios-Medidas-Restritivas-13-1024x683.jpg\" sizes=\"auto, (max-width: 1024px) 100vw, 1024px\" srcset=\"https:\/\/www.corumba.ms.gov.br\/wp-content\/uploads\/2021\/07\/Foto-Rene-Marcio-Carneiro-Reuniao-com-empresarios-Medidas-Restritivas-13-1024x683.jpg 1024w, https:\/\/www.corumba.ms.gov.br\/wp-content\/uploads\/2021\/07\/Foto-Rene-Marcio-Carneiro-Reuniao-com-empresarios-Medidas-Restritivas-13-300x200.jpg 300w, https:\/\/www.corumba.ms.gov.br\/wp-content\/uploads\/2021\/07\/Foto-Rene-Marcio-Carneiro-Reuniao-com-empresarios-Medidas-Restritivas-13-768x512.jpg 768w, https:\/\/www.corumba.ms.gov.br\/wp-content\/uploads\/2021\/07\/Foto-Rene-Marcio-Carneiro-Reuniao-com-empresarios-Medidas-Restritivas-13.jpg 1200w\" alt=\"\" width=\"1024\" height=\"683\" aria-describedby=\"gallery-1-115601\" \/><\/a><\/div><figcaption id=\"gallery-1-115601\" class=\"wp-caption-text gallery-caption\">Fotos: Ren\u00ea Marcio Carneiro<\/figcaption><\/figure>\n<figure class=\"gallery-item\">\n<div class=\"gallery-icon landscape\"><a role=\"link\" href=\"https:\/\/www.corumba.ms.gov.br\/?attachment_id=115600\"><img loading=\"lazy\" decoding=\"async\" class=\"attachment-large size-large\" src=\"https:\/\/www.corumba.ms.gov.br\/wp-content\/uploads\/2021\/07\/Foto-Rene-Marcio-Carneiro-Reuniao-com-empresarios-Medidas-Restritivas-12-1024x683.jpg\" sizes=\"auto, (max-width: 1024px) 100vw, 1024px\" srcset=\"https:\/\/www.corumba.ms.gov.br\/wp-content\/uploads\/2021\/07\/Foto-Rene-Marcio-Carneiro-Reuniao-com-empresarios-Medidas-Restritivas-12-1024x683.jpg 1024w, https:\/\/www.corumba.ms.gov.br\/wp-content\/uploads\/2021\/07\/Foto-Rene-Marcio-Carneiro-Reuniao-com-empresarios-Medidas-Restritivas-12-300x200.jpg 300w, https:\/\/www.corumba.ms.gov.br\/wp-content\/uploads\/2021\/07\/Foto-Rene-Marcio-Carneiro-Reuniao-com-empresarios-Medidas-Restritivas-12-768x512.jpg 768w, https:\/\/www.corumba.ms.gov.br\/wp-content\/uploads\/2021\/07\/Foto-Rene-Marcio-Carneiro-Reuniao-com-empresarios-Medidas-Restritivas-12.jpg 1200w\" alt=\"\" width=\"1024\" height=\"683\" aria-describedby=\"gallery-1-115600\" \/><\/a><\/div><figcaption id=\"gallery-1-115600\" class=\"wp-caption-text gallery-caption\">Fotos: Ren\u00ea Marcio Carneiro<\/figcaption><\/figure>\n<figure class=\"gallery-item\">\n<div class=\"gallery-icon landscape\"><a role=\"link\" href=\"https:\/\/www.corumba.ms.gov.br\/?attachment_id=115599\"><img loading=\"lazy\" decoding=\"async\" class=\"attachment-large size-large\" src=\"https:\/\/www.corumba.ms.gov.br\/wp-content\/uploads\/2021\/07\/Foto-Rene-Marcio-Carneiro-Reuniao-com-empresarios-Medidas-Restritivas-11-1024x683.jpg\" sizes=\"auto, (max-width: 1024px) 100vw, 1024px\" srcset=\"https:\/\/www.corumba.ms.gov.br\/wp-content\/uploads\/2021\/07\/Foto-Rene-Marcio-Carneiro-Reuniao-com-empresarios-Medidas-Restritivas-11-1024x683.jpg 1024w, https:\/\/www.corumba.ms.gov.br\/wp-content\/uploads\/2021\/07\/Foto-Rene-Marcio-Carneiro-Reuniao-com-empresarios-Medidas-Restritivas-11-300x200.jpg 300w, https:\/\/www.corumba.ms.gov.br\/wp-content\/uploads\/2021\/07\/Foto-Rene-Marcio-Carneiro-Reuniao-com-empresarios-Medidas-Restritivas-11-768x512.jpg 768w, https:\/\/www.corumba.ms.gov.br\/wp-content\/uploads\/2021\/07\/Foto-Rene-Marcio-Carneiro-Reuniao-com-empresarios-Medidas-Restritivas-11.jpg 1200w\" alt=\"\" width=\"1024\" height=\"683\" aria-describedby=\"gallery-1-115599\" \/><\/a><\/div><figcaption id=\"gallery-1-115599\" class=\"wp-caption-text gallery-caption\">Fotos: Ren\u00ea Marcio Carneiro<\/figcaption><\/figure>\n<figure class=\"gallery-item\">\n<div class=\"gallery-icon landscape\"><a role=\"link\" href=\"https:\/\/www.corumba.ms.gov.br\/?attachment_id=115598\"><img loading=\"lazy\" decoding=\"async\" class=\"attachment-large size-large\" src=\"https:\/\/www.corumba.ms.gov.br\/wp-content\/uploads\/2021\/07\/Foto-Rene-Marcio-Carneiro-Reuniao-com-empresarios-Medidas-Restritivas-10-1024x683.jpg\" sizes=\"auto, (max-width: 1024px) 100vw, 1024px\" srcset=\"https:\/\/www.corumba.ms.gov.br\/wp-content\/uploads\/2021\/07\/Foto-Rene-Marcio-Carneiro-Reuniao-com-empresarios-Medidas-Restritivas-10-1024x683.jpg 1024w, https:\/\/www.corumba.ms.gov.br\/wp-content\/uploads\/2021\/07\/Foto-Rene-Marcio-Carneiro-Reuniao-com-empresarios-Medidas-Restritivas-10-300x200.jpg 300w, https:\/\/www.corumba.ms.gov.br\/wp-content\/uploads\/2021\/07\/Foto-Rene-Marcio-Carneiro-Reuniao-com-empresarios-Medidas-Restritivas-10-768x512.jpg 768w, https:\/\/www.corumba.ms.gov.br\/wp-content\/uploads\/2021\/07\/Foto-Rene-Marcio-Carneiro-Reuniao-com-empresarios-Medidas-Restritivas-10.jpg 1200w\" alt=\"\" width=\"1024\" height=\"683\" aria-describedby=\"gallery-1-115598\" \/><\/a><\/div><figcaption id=\"gallery-1-115598\" class=\"wp-caption-text gallery-caption\">Fotos: Ren\u00ea Marcio Carneiro<\/figcaption><\/figure>\n<figure class=\"gallery-item\">\n<div class=\"gallery-icon landscape\"><a role=\"link\" href=\"https:\/\/www.corumba.ms.gov.br\/?attachment_id=115596\"><img loading=\"lazy\" decoding=\"async\" class=\"attachment-large size-large\" src=\"https:\/\/www.corumba.ms.gov.br\/wp-content\/uploads\/2021\/07\/Foto-Rene-Marcio-Carneiro-Reuniao-com-empresarios-Medidas-Restritivas-9-1024x683.jpg\" sizes=\"auto, (max-width: 1024px) 100vw, 1024px\" srcset=\"https:\/\/www.corumba.ms.gov.br\/wp-content\/uploads\/2021\/07\/Foto-Rene-Marcio-Carneiro-Reuniao-com-empresarios-Medidas-Restritivas-9-1024x683.jpg 1024w, https:\/\/www.corumba.ms.gov.br\/wp-content\/uploads\/2021\/07\/Foto-Rene-Marcio-Carneiro-Reuniao-com-empresarios-Medidas-Restritivas-9-300x200.jpg 300w, https:\/\/www.corumba.ms.gov.br\/wp-content\/uploads\/2021\/07\/Foto-Rene-Marcio-Carneiro-Reuniao-com-empresarios-Medidas-Restritivas-9-768x512.jpg 768w, https:\/\/www.corumba.ms.gov.br\/wp-content\/uploads\/2021\/07\/Foto-Rene-Marcio-Carneiro-Reuniao-com-empresarios-Medidas-Restritivas-9.jpg 1200w\" alt=\"\" width=\"1024\" height=\"683\" aria-describedby=\"gallery-1-115596\" \/><\/a><\/div><figcaption id=\"gallery-1-115596\" class=\"wp-caption-text gallery-caption\">Fotos: Ren\u00ea Marcio Carneiro<\/figcaption><\/figure>\n<figure class=\"gallery-item\">\n<div class=\"gallery-icon landscape\"><a role=\"link\" href=\"https:\/\/www.corumba.ms.gov.br\/?attachment_id=115593\"><img loading=\"lazy\" decoding=\"async\" class=\"attachment-large size-large\" src=\"https:\/\/www.corumba.ms.gov.br\/wp-content\/uploads\/2021\/07\/Foto-Rene-Marcio-Carneiro-Reuniao-com-empresarios-Medidas-Restritivas-6-1024x706.jpg\" sizes=\"auto, (max-width: 1024px) 100vw, 1024px\" srcset=\"https:\/\/www.corumba.ms.gov.br\/wp-content\/uploads\/2021\/07\/Foto-Rene-Marcio-Carneiro-Reuniao-com-empresarios-Medidas-Restritivas-6-1024x706.jpg 1024w, https:\/\/www.corumba.ms.gov.br\/wp-content\/uploads\/2021\/07\/Foto-Rene-Marcio-Carneiro-Reuniao-com-empresarios-Medidas-Restritivas-6-300x207.jpg 300w, https:\/\/www.corumba.ms.gov.br\/wp-content\/uploads\/2021\/07\/Foto-Rene-Marcio-Carneiro-Reuniao-com-empresarios-Medidas-Restritivas-6-768x529.jpg 768w, https:\/\/www.corumba.ms.gov.br\/wp-content\/uploads\/2021\/07\/Foto-Rene-Marcio-Carneiro-Reuniao-com-empresarios-Medidas-Restritivas-6.jpg 1200w\" alt=\"\" width=\"1024\" height=\"706\" aria-describedby=\"gallery-1-115593\" \/><\/a><\/div><figcaption id=\"gallery-1-115593\" class=\"wp-caption-text gallery-caption\">Fotos: Ren\u00ea Marcio Carneiro<\/figcaption><\/figure>\n<figure class=\"gallery-item\">\n<div class=\"gallery-icon landscape\"><a role=\"link\" href=\"https:\/\/www.corumba.ms.gov.br\/?attachment_id=115594\"><img loading=\"lazy\" decoding=\"async\" class=\"attachment-large size-large\" src=\"https:\/\/www.corumba.ms.gov.br\/wp-content\/uploads\/2021\/07\/Foto-Rene-Marcio-Carneiro-Reuniao-com-empresarios-Medidas-Restritivas-7-1024x683.jpg\" sizes=\"auto, (max-width: 1024px) 100vw, 1024px\" srcset=\"https:\/\/www.corumba.ms.gov.br\/wp-content\/uploads\/2021\/07\/Foto-Rene-Marcio-Carneiro-Reuniao-com-empresarios-Medidas-Restritivas-7-1024x683.jpg 1024w, https:\/\/www.corumba.ms.gov.br\/wp-content\/uploads\/2021\/07\/Foto-Rene-Marcio-Carneiro-Reuniao-com-empresarios-Medidas-Restritivas-7-300x200.jpg 300w, https:\/\/www.corumba.ms.gov.br\/wp-content\/uploads\/2021\/07\/Foto-Rene-Marcio-Carneiro-Reuniao-com-empresarios-Medidas-Restritivas-7-768x512.jpg 768w, https:\/\/www.corumba.ms.gov.br\/wp-content\/uploads\/2021\/07\/Foto-Rene-Marcio-Carneiro-Reuniao-com-empresarios-Medidas-Restritivas-7.jpg 1200w\" alt=\"\" width=\"1024\" height=\"683\" aria-describedby=\"gallery-1-115594\" \/><\/a><\/div><figcaption id=\"gallery-1-115594\" class=\"wp-caption-text gallery-caption\">Fotos: Ren\u00ea Marcio Carneiro<\/figcaption><\/figure>\n<figure class=\"gallery-item\">\n<div class=\"gallery-icon landscape\"><a role=\"link\" href=\"https:\/\/www.corumba.ms.gov.br\/?attachment_id=115595\"><img loading=\"lazy\" decoding=\"async\" class=\"attachment-large size-large\" src=\"https:\/\/www.corumba.ms.gov.br\/wp-content\/uploads\/2021\/07\/Foto-Rene-Marcio-Carneiro-Reuniao-com-empresarios-Medidas-Restritivas-8-1024x683.jpg\" sizes=\"auto, (max-width: 1024px) 100vw, 1024px\" srcset=\"https:\/\/www.corumba.ms.gov.br\/wp-content\/uploads\/2021\/07\/Foto-Rene-Marcio-Carneiro-Reuniao-com-empresarios-Medidas-Restritivas-8-1024x683.jpg 1024w, https:\/\/www.corumba.ms.gov.br\/wp-content\/uploads\/2021\/07\/Foto-Rene-Marcio-Carneiro-Reuniao-com-empresarios-Medidas-Restritivas-8-300x200.jpg 300w, https:\/\/www.corumba.ms.gov.br\/wp-content\/uploads\/2021\/07\/Foto-Rene-Marcio-Carneiro-Reuniao-com-empresarios-Medidas-Restritivas-8-768x512.jpg 768w, https:\/\/www.corumba.ms.gov.br\/wp-content\/uploads\/2021\/07\/Foto-Rene-Marcio-Carneiro-Reuniao-com-empresarios-Medidas-Restritivas-8.jpg 1200w\" alt=\"\" width=\"1024\" height=\"683\" aria-describedby=\"gallery-1-115595\" \/><\/a><\/div><figcaption id=\"gallery-1-115595\" class=\"wp-caption-text gallery-caption\">Fotos: Ren\u00ea Marcio Carneiro<\/figcaption><\/figure>\n<\/div>\n","protected":false},"excerpt":{"rendered":"<p>O prefeito Marcelo Iunes se reuniu nesta quinta-feira, 29 de julho, com o presidente da&#8230;<\/p>\n","protected":false},"author":70,"featured_media":11716979,"comment_status":"closed","ping_status":"closed","sticky":false,"template":"","format":"standard","meta":{"footnotes":""},"categories":[116,8,9,21],"tags":[],"class_list":["post-11716978","post","type-post","status-publish","format-standard","has-post-thumbnail","hentry","category-coronavirus","category-destaque","category-economia","category-saude"],"_links":{"self":[{"href":"https:\/\/www.corumbaonline.com.br\/news\/wp-json\/wp\/v2\/posts\/11716978","targetHints":{"allow":["GET"]}}],"collection":[{"href":"https:\/\/www.corumbaonline.com.br\/news\/wp-json\/wp\/v2\/posts"}],"about":[{"href":"https:\/\/www.corumbaonline.com.br\/news\/wp-json\/wp\/v2\/types\/post"}],"author":[{"embeddable":true,"href":"https:\/\/www.corumbaonline.com.br\/news\/wp-json\/wp\/v2\/users\/70"}],"replies":[{"embeddable":true,"href":"https:\/\/www.corumbaonline.com.br\/news\/wp-json\/wp\/v2\/comments?post=11716978"}],"version-history":[{"count":1,"href":"https:\/\/www.corumbaonline.com.br\/news\/wp-json\/wp\/v2\/posts\/11716978\/revisions"}],"predecessor-version":[{"id":11716980,"href":"https:\/\/www.corumbaonline.com.br\/news\/wp-json\/wp\/v2\/posts\/11716978\/revisions\/11716980"}],"wp:featuredmedia":[{"embeddable":true,"href":"https:\/\/www.corumbaonline.com.br\/news\/wp-json\/wp\/v2\/media\/11716979"}],"wp:attachment":[{"href":"https:\/\/www.corumbaonline.com.br\/news\/wp-json\/wp\/v2\/media?parent=11716978"}],"wp:term":[{"taxonomy":"category","embeddable":true,"href":"https:\/\/www.corumbaonline.com.br\/news\/wp-json\/wp\/v2\/categories?post=11716978"},{"taxonomy":"post_tag","embeddable":true,"href":"https:\/\/www.corumbaonline.com.br\/news\/wp-json\/wp\/v2\/tags?post=11716978"}],"curies":[{"name":"wp","href":"https:\/\/api.w.org\/{rel}","templated":true}]}}